{"id":1012,"date":"2012-08-15T21:47:38","date_gmt":"2012-08-15T21:47:38","guid":{"rendered":"http:\/\/tagwerkblog.net\/?p=1012"},"modified":"2012-08-15T21:47:38","modified_gmt":"2012-08-15T21:47:38","slug":"eine-tagwerkerin-bekampft-das-chaos","status":"publish","type":"post","link":"https:\/\/www.mein-tagwerk.de\/tagwerk\/eine-tagwerkerin-bekampft-das-chaos\/","title":{"rendered":"Eine TagwerkerIn bek\u00e4mpft das Chaos"},"content":{"rendered":"<p><strong>Wie Angelika Welzel das Papier\/B\u00fcro-Chaos ihrer Kunden in Ordnung bringt und sie dem Alltag wieder gelassen entgegen treten.<\/strong><\/p>\n<p><a href=\"http:\/\/www.angelika-welzel.de\/angelika-welzel-buerorgansiation-osnabrueck.html\"><img loading=\"lazy\" decoding=\"async\" class=\"aligncenter size-full wp-image-1037\" title=\"tagwerkerIn Angelika Welzel\" alt=\"\" src=\"http:\/\/portwich.files.wordpress.com\/2012\/08\/foto-a-w-_presse_xing_sw2.png\" rel='prettyPhoto' height=\"254\" width=\"455\" srcset=\"https:\/\/www.mein-tagwerk.de\/tagwerk\/wp-content\/uploads\/2012\/08\/foto-a-w-_presse_xing_sw2.png 973w, https:\/\/www.mein-tagwerk.de\/tagwerk\/wp-content\/uploads\/2012\/08\/foto-a-w-_presse_xing_sw2-300x168.png 300w, https:\/\/www.mein-tagwerk.de\/tagwerk\/wp-content\/uploads\/2012\/08\/foto-a-w-_presse_xing_sw2-768x429.png 768w, https:\/\/www.mein-tagwerk.de\/tagwerk\/wp-content\/uploads\/2012\/08\/foto-a-w-_presse_xing_sw2-622x348.png 622w\" sizes=\"(max-width: 455px) 100vw, 455px\" \/><\/a><\/p>\n<p>Ich bin Angelika Welzel und lebe meine Passionen zu organisieren, ordnen, aufzur\u00e4umen und Dinge\/Abl\u00e4ufe einfacher\/effizienter zu gestalten freiberuflich aus. \u201eFinden statt suchen\u201c \u2013 \u201eMehr Zeit f\u00fcr Ihre Gesch\u00e4fte bzw. sich selbst\u201c \u2013 sind Begrifflichkeiten, die sowohl f\u00fcr Privatpersonen als auch Unternehmen immer bedeutender werden. Den \u00dcberblick behalten, bevor wachsende Stapel von Rechnungen, Schriftverkehr oder Mahnungen und einzuhaltende Fristen ein finanzielles Chaos verursachen.<\/p>\n<p><strong>Angelika \u00fcber Angelika<\/strong><\/p>\n<p><span style=\"color:#888888;\">Ich arbeite als \u2026<\/span> Ordnungshelferin auf Zeit \ud83d\ude09 &#8230;<br \/>\n<span style=\"color:#888888;\">Ich wohne in \u2026<\/span> der N\u00e4he von Osnabr\u00fcck, bin aber auch regelm\u00e4\u00dfig in meiner Lieblingsstadt Hamburg &#8230;<br \/>\n<span style=\"color:#888888;\">Mein Markenzeichen ist&#8230; \u00a0\u2026<\/span> finden statt suchen<br \/>\n<span style=\"color:#888888;\">Ich bin erreichbar unter<\/span>&#8230;<span style=\"text-decoration:underline;\"><a href=\"http:\/\/www.angelika-welzel.de\/angelika-welzel-buerorgansiation-osnabrueck.html\"><span style=\"color:#339966;text-decoration:underline;\">www.angelika-welzel.de<\/span><\/a><\/span><\/p>\n<p style=\"text-align:left;\"><strong>\u00a0<\/strong><\/p>\n<p><strong>Angelika als Freelancerin<br \/>\n<\/strong><br \/>\n<span style=\"color:#808080;\">Das besondere an meiner Arbeit ist \u2026, <\/span>dass jeder Auftrag eine individuell auf die Begebenheiten abgestimmte L\u00f6sung erfordert.<br \/>\n<span style=\"color:#808080;\">Das spannendste an meinem Job ist \u2026,<\/span> dass ich die unterschiedlichsten Menschen kennenlerne und mir erst im Gespr\u00e4ch beim Kunden vor Ort ein Bild \u00fcber das Aufgabengebiet machen kann.<br \/>\n<span style=\"color:#808080;\">Anspruchsvolle Kunden \u2026<\/span> finde ich inspirierend und anspornend.<br \/>\n<span style=\"color:#808080;\">Beim Arbeiten in Teams \u2026<\/span>begeistern mich jedes Mal die unterschiedlichsten Ansatzpunkte, die teilweise abstrusen Gedankeng\u00e4nge, die unersch\u00f6pfliche Kreativit\u00e4t und letztendlich die tollen, unerwarteten Ergebnisse.<\/p>\n<p><strong>Angelika als TagwerkerIn<\/strong><\/p>\n<p><span style=\"color:#808080;\">Die Funktion, die ich bei tagwerk am h\u00e4ufigsten nutze&#8230;<\/span> ist die Erfassung von Kosten, d.h. meiner Belege.<br \/>\n<span style=\"color:#808080;\">Meine Lieb<\/span><span style=\"color:#999999;\">lingsfunk<\/span><span style=\"color:#808080;\">tion bei tagwerk ist&#8230; <\/span>die Zuweisung einer eindeutigen ID f\u00fcr jeden Beleg. Dadurch l\u00e4sst sich alles sehr schnell wiederfinden.<br \/>\n<span style=\"color:#808080;\">tagwerk nutze ich haupts\u00e4chlich daf\u00fcr&#8230;<\/span> um meine analoge Struktur in eine digitale zu verwandeln.<\/p>\n<p><a href=\"https:\/\/www.mein-tagwerk.de\/tagwerk\/campus\/how-to\/\"><img loading=\"lazy\" decoding=\"async\" class=\"aligncenter size-full wp-image-1032\" title=\"tagwerk \u2013 Belegerfassung\" alt=\"\" src=\"http:\/\/portwich.files.wordpress.com\/2012\/08\/belegerfassung1.png\" rel='prettyPhoto' height=\"215\" width=\"455\" srcset=\"https:\/\/www.mein-tagwerk.de\/tagwerk\/wp-content\/uploads\/2012\/08\/belegerfassung1.png 950w, https:\/\/www.mein-tagwerk.de\/tagwerk\/wp-content\/uploads\/2012\/08\/belegerfassung1-300x142.png 300w, https:\/\/www.mein-tagwerk.de\/tagwerk\/wp-content\/uploads\/2012\/08\/belegerfassung1-768x364.png 768w, https:\/\/www.mein-tagwerk.de\/tagwerk\/wp-content\/uploads\/2012\/08\/belegerfassung1-622x295.png 622w\" sizes=\"(max-width: 455px) 100vw, 455px\" \/><\/a><\/p>\n<h6 style=\"text-align:center;\"><span style=\"color:#888888;\">In tagwerk wird jedem Beleg eine individuelle ID Nummer zugeordnet. Damit lassen sich Belege sp\u00e4ter blitzschnell wiederfinden.<\/span><\/h6>\n<p><strong>Angelika als Buchhalterin<br \/>\n<\/strong><\/p>\n<p><span style=\"color:#808080;\">Meine Zettelwirtschaft \u2026<\/span> wandert direkt aus der analogen in die digitale Struktur<br \/>\n<span style=\"color:#808080;\">Buchhaltung ist f\u00fcr mich\u2026<\/span> kein rotes Tuch mehr.<\/p>\n<p><strong>Philosophie<\/strong><\/p>\n<p><span style=\"color:#808080;\">Meine Philosophie lautet&#8230;<\/span> geht nicht gibt\u2019s nicht, Schritt f\u00fcr Schritt zur L\u00f6sung.<\/p>\n<p><span style=\"color:#888888;\">Wir freuen uns sehr, Ihnen hiermit einen weiteren Beitrag unserer Serie &#8222;Tagwerker&#8220; zu pr\u00e4sentieren. Wir geben tagwerk-Nutzern somit regelm\u00e4\u00dfig die M\u00f6glichkeit, sich unserer Netzgemeinde vorzustellen, uns Feedback zu tagwerk zu geben und Ihnen die Nutzungsm\u00f6glichkeiten von tagwerk zu demonstrieren. Wollen Sie auch teilnehmen? Einfach eine Mail an Paula unter <span style=\"color:#008000;\">ziegler@mein-tagwerk.de<\/span> schicken!<\/span><\/p>\n","protected":false},"excerpt":{"rendered":"<p>Wie Angelika Welzel das Papier\/B\u00fcro-Chaos ihrer Kunden in Ordnung bringt und sie dem Alltag wieder gelassen entgegen treten. Ich bin Angelika Welzel und lebe meine Passionen zu organisieren, ordnen, aufzur\u00e4umen und Dinge\/Abl\u00e4ufe einfacher\/effizienter zu gestalten freiberuflich aus. \u201eFinden statt suchen\u201c \u2013 \u201eMehr Zeit f\u00fcr Ihre Gesch\u00e4fte bzw. sich selbst\u201c \u2013 sind Begrifflichkeiten, die sowohl f\u00fcr [&#038;hellip<\/p>\n","protected":false},"author":5,"featured_media":0,"comment_status":"open","ping_status":"open","sticky":false,"template":"","format":"standard","meta":{"footnotes":""},"categories":[3,10],"tags":[18,31,38,82,162,164,213,310,384,404],"yoast_head":"<!-- This site is optimized with the Yoast SEO plugin v20.4 - https:\/\/yoast.com\/wordpress\/plugins\/seo\/ -->\n<title>Eine TagwerkerIn bek\u00e4mpft das Chaos | meintagwerk<\/title>\n<meta name=\"robots\" content=\"index, follow, max-snippet:-1, max-image-preview:large, max-video-preview:-1\" \/>\n<link rel=\"canonical\" href=\"https:\/\/www.mein-tagwerk.de\/tagwerk\/eine-tagwerkerin-bekampft-das-chaos\/\" \/>\n<meta property=\"og:locale\" content=\"de_DE\" \/>\n<meta property=\"og:type\" content=\"article\" \/>\n<meta property=\"og:title\" content=\"Eine TagwerkerIn bek\u00e4mpft das Chaos | meintagwerk\" \/>\n<meta property=\"og:description\" content=\"Wie Angelika Welzel das Papier\/B\u00fcro-Chaos ihrer Kunden in Ordnung bringt und sie dem Alltag wieder gelassen entgegen treten. Ich bin Angelika Welzel und lebe meine Passionen zu organisieren, ordnen, aufzur\u00e4umen und Dinge\/Abl\u00e4ufe einfacher\/effizienter zu gestalten freiberuflich aus. \u201eFinden statt suchen\u201c \u2013 \u201eMehr Zeit f\u00fcr Ihre Gesch\u00e4fte bzw. sich selbst\u201c \u2013 sind Begrifflichkeiten, die sowohl f\u00fcr [&amp;hellip\" \/>\n<meta property=\"og:url\" content=\"https:\/\/www.mein-tagwerk.de\/tagwerk\/eine-tagwerkerin-bekampft-das-chaos\/\" \/>\n<meta property=\"og:site_name\" content=\"meintagwerk\" \/>\n<meta property=\"article:published_time\" content=\"2012-08-15T21:47:38+00:00\" \/>\n<meta property=\"og:image\" content=\"http:\/\/portwich.files.wordpress.com\/2012\/08\/foto-a-w-_presse_xing_sw2.png\" \/>\n<meta name=\"author\" content=\"paulatag\" \/>\n<meta name=\"twitter:card\" content=\"summary_large_image\" \/>\n<meta name=\"twitter:label1\" content=\"Verfasst von\" \/>\n\t<meta name=\"twitter:data1\" content=\"paulatag\" \/>\n\t<meta name=\"twitter:label2\" content=\"Gesch\u00e4tzte Lesezeit\" \/>\n\t<meta name=\"twitter:data2\" content=\"2\u00a0Minuten\" \/>\n<script type=\"application\/ld+json\" class=\"yoast-schema-graph\">{\"@context\":\"https:\/\/schema.org\",\"@graph\":[{\"@type\":\"Article\",\"@id\":\"https:\/\/www.mein-tagwerk.de\/tagwerk\/eine-tagwerkerin-bekampft-das-chaos\/#article\",\"isPartOf\":{\"@id\":\"https:\/\/www.mein-tagwerk.de\/tagwerk\/eine-tagwerkerin-bekampft-das-chaos\/\"},\"author\":{\"name\":\"paulatag\",\"@id\":\"https:\/\/www.mein-tagwerk.de\/tagwerk\/#\/schema\/person\/960679819884e12b78b8a45717df8e92\"},\"headline\":\"Eine TagwerkerIn bek\u00e4mpft das Chaos\",\"datePublished\":\"2012-08-15T21:47:38+00:00\",\"dateModified\":\"2012-08-15T21:47:38+00:00\",\"mainEntityOfPage\":{\"@id\":\"https:\/\/www.mein-tagwerk.de\/tagwerk\/eine-tagwerkerin-bekampft-das-chaos\/\"},\"wordCount\":394,\"commentCount\":0,\"publisher\":{\"@id\":\"https:\/\/www.mein-tagwerk.de\/tagwerk\/#organization\"},\"keywords\":[\"9 Beitr\u00e4ge\",\"Alltag\",\"Angelika Welzel\",\"Buchhaltung\",\"Freelancer\",\"Freiberufler\",\"Ideen\",\"Pr\u00e4sentation\",\"tagwerk\",\"Tr\u00e4umereien\"],\"articleSection\":[\"2 tagwerker\",\"9 Beitr\u00e4ge, Ideen, Tr\u00e4umereien\"],\"inLanguage\":\"de\",\"potentialAction\":[{\"@type\":\"CommentAction\",\"name\":\"Comment\",\"target\":[\"https:\/\/www.mein-tagwerk.de\/tagwerk\/eine-tagwerkerin-bekampft-das-chaos\/#respond\"]}]},{\"@type\":\"WebPage\",\"@id\":\"https:\/\/www.mein-tagwerk.de\/tagwerk\/eine-tagwerkerin-bekampft-das-chaos\/\",\"url\":\"https:\/\/www.mein-tagwerk.de\/tagwerk\/eine-tagwerkerin-bekampft-das-chaos\/\",\"name\":\"Eine TagwerkerIn bek\u00e4mpft das Chaos | meintagwerk\",\"isPartOf\":{\"@id\":\"https:\/\/www.mein-tagwerk.de\/tagwerk\/#website\"},\"datePublished\":\"2012-08-15T21:47:38+00:00\",\"dateModified\":\"2012-08-15T21:47:38+00:00\",\"breadcrumb\":{\"@id\":\"https:\/\/www.mein-tagwerk.de\/tagwerk\/eine-tagwerkerin-bekampft-das-chaos\/#breadcrumb\"},\"inLanguage\":\"de\",\"potentialAction\":[{\"@type\":\"ReadAction\",\"target\":[\"https:\/\/www.mein-tagwerk.de\/tagwerk\/eine-tagwerkerin-bekampft-das-chaos\/\"]}]},{\"@type\":\"BreadcrumbList\",\"@id\":\"https:\/\/www.mein-tagwerk.de\/tagwerk\/eine-tagwerkerin-bekampft-das-chaos\/#breadcrumb\",\"itemListElement\":[{\"@type\":\"ListItem\",\"position\":1,\"name\":\"Home\",\"item\":\"https:\/\/www.mein-tagwerk.de\/tagwerk\/\"},{\"@type\":\"ListItem\",\"position\":2,\"name\":\"Eine TagwerkerIn bek\u00e4mpft das Chaos\"}]},{\"@type\":\"WebSite\",\"@id\":\"https:\/\/www.mein-tagwerk.de\/tagwerk\/#website\",\"url\":\"https:\/\/www.mein-tagwerk.de\/tagwerk\/\",\"name\":\"meintagwerk\",\"description\":\"Online Buchhaltung f\u00fcr Freiberufler, Freelancer und Selbst\u00e4ndige\",\"publisher\":{\"@id\":\"https:\/\/www.mein-tagwerk.de\/tagwerk\/#organization\"},\"potentialAction\":[{\"@type\":\"SearchAction\",\"target\":{\"@type\":\"EntryPoint\",\"urlTemplate\":\"https:\/\/www.mein-tagwerk.de\/tagwerk\/?s={search_term_string}\"},\"query-input\":\"required name=search_term_string\"}],\"inLanguage\":\"de\"},{\"@type\":\"Organization\",\"@id\":\"https:\/\/www.mein-tagwerk.de\/tagwerk\/#organization\",\"name\":\"tagwerk\",\"url\":\"https:\/\/www.mein-tagwerk.de\/tagwerk\/\",\"logo\":{\"@type\":\"ImageObject\",\"inLanguage\":\"de\",\"@id\":\"https:\/\/www.mein-tagwerk.de\/tagwerk\/#\/schema\/logo\/image\/\",\"url\":\"https:\/\/www.mein-tagwerk.de\/tagwerk\/wp-content\/uploads\/2013\/08\/130611_logo-tagwerk-corporate.png\",\"contentUrl\":\"https:\/\/www.mein-tagwerk.de\/tagwerk\/wp-content\/uploads\/2013\/08\/130611_logo-tagwerk-corporate.png\",\"width\":328,\"height\":140,\"caption\":\"tagwerk\"},\"image\":{\"@id\":\"https:\/\/www.mein-tagwerk.de\/tagwerk\/#\/schema\/logo\/image\/\"}},{\"@type\":\"Person\",\"@id\":\"https:\/\/www.mein-tagwerk.de\/tagwerk\/#\/schema\/person\/960679819884e12b78b8a45717df8e92\",\"name\":\"paulatag\",\"image\":{\"@type\":\"ImageObject\",\"inLanguage\":\"de\",\"@id\":\"https:\/\/www.mein-tagwerk.de\/tagwerk\/#\/schema\/person\/image\/\",\"url\":\"https:\/\/www.mein-tagwerk.de\/tagwerk\/wp-content\/uploads\/2015\/02\/Paula-Ziegler-400x-96x96.png\",\"contentUrl\":\"https:\/\/www.mein-tagwerk.de\/tagwerk\/wp-content\/uploads\/2015\/02\/Paula-Ziegler-400x-96x96.png\",\"caption\":\"paulatag\"},\"url\":\"https:\/\/www.mein-tagwerk.de\/tagwerk\/author\/paulatag\/\"}]}<\/script>\n<!-- \/ Yoast SEO plugin. -->","yoast_head_json":{"title":"Eine TagwerkerIn bek\u00e4mpft das Chaos | meintagwerk","robots":{"index":"index","follow":"follow","max-snippet":"max-snippet:-1","max-image-preview":"max-image-preview:large","max-video-preview":"max-video-preview:-1"},"canonical":"https:\/\/www.mein-tagwerk.de\/tagwerk\/eine-tagwerkerin-bekampft-das-chaos\/","og_locale":"de_DE","og_type":"article","og_title":"Eine TagwerkerIn bek\u00e4mpft das Chaos | meintagwerk","og_description":"Wie Angelika Welzel das Papier\/B\u00fcro-Chaos ihrer Kunden in Ordnung bringt und sie dem Alltag wieder gelassen entgegen treten. Ich bin Angelika Welzel und lebe meine Passionen zu organisieren, ordnen, aufzur\u00e4umen und Dinge\/Abl\u00e4ufe einfacher\/effizienter zu gestalten freiberuflich aus. \u201eFinden statt suchen\u201c \u2013 \u201eMehr Zeit f\u00fcr Ihre Gesch\u00e4fte bzw. sich selbst\u201c \u2013 sind Begrifflichkeiten, die sowohl f\u00fcr [&hellip","og_url":"https:\/\/www.mein-tagwerk.de\/tagwerk\/eine-tagwerkerin-bekampft-das-chaos\/","og_site_name":"meintagwerk","article_published_time":"2012-08-15T21:47:38+00:00","og_image":[{"url":"http:\/\/portwich.files.wordpress.com\/2012\/08\/foto-a-w-_presse_xing_sw2.png"}],"author":"paulatag","twitter_card":"summary_large_image","twitter_misc":{"Verfasst von":"paulatag","Gesch\u00e4tzte Lesezeit":"2\u00a0Minuten"},"schema":{"@context":"https:\/\/schema.org","@graph":[{"@type":"Article","@id":"https:\/\/www.mein-tagwerk.de\/tagwerk\/eine-tagwerkerin-bekampft-das-chaos\/#article","isPartOf":{"@id":"https:\/\/www.mein-tagwerk.de\/tagwerk\/eine-tagwerkerin-bekampft-das-chaos\/"},"author":{"name":"paulatag","@id":"https:\/\/www.mein-tagwerk.de\/tagwerk\/#\/schema\/person\/960679819884e12b78b8a45717df8e92"},"headline":"Eine TagwerkerIn bek\u00e4mpft das Chaos","datePublished":"2012-08-15T21:47:38+00:00","dateModified":"2012-08-15T21:47:38+00:00","mainEntityOfPage":{"@id":"https:\/\/www.mein-tagwerk.de\/tagwerk\/eine-tagwerkerin-bekampft-das-chaos\/"},"wordCount":394,"commentCount":0,"publisher":{"@id":"https:\/\/www.mein-tagwerk.de\/tagwerk\/#organization"},"keywords":["9 Beitr\u00e4ge","Alltag","Angelika Welzel","Buchhaltung","Freelancer","Freiberufler","Ideen","Pr\u00e4sentation","tagwerk","Tr\u00e4umereien"],"articleSection":["2 tagwerker","9 Beitr\u00e4ge, Ideen, Tr\u00e4umereien"],"inLanguage":"de","potentialAction":[{"@type":"CommentAction","name":"Comment","target":["https:\/\/www.mein-tagwerk.de\/tagwerk\/eine-tagwerkerin-bekampft-das-chaos\/#respond"]}]},{"@type":"WebPage","@id":"https:\/\/www.mein-tagwerk.de\/tagwerk\/eine-tagwerkerin-bekampft-das-chaos\/","url":"https:\/\/www.mein-tagwerk.de\/tagwerk\/eine-tagwerkerin-bekampft-das-chaos\/","name":"Eine TagwerkerIn bek\u00e4mpft das Chaos | meintagwerk","isPartOf":{"@id":"https:\/\/www.mein-tagwerk.de\/tagwerk\/#website"},"datePublished":"2012-08-15T21:47:38+00:00","dateModified":"2012-08-15T21:47:38+00:00","breadcrumb":{"@id":"https:\/\/www.mein-tagwerk.de\/tagwerk\/eine-tagwerkerin-bekampft-das-chaos\/#breadcrumb"},"inLanguage":"de","potentialAction":[{"@type":"ReadAction","target":["https:\/\/www.mein-tagwerk.de\/tagwerk\/eine-tagwerkerin-bekampft-das-chaos\/"]}]},{"@type":"BreadcrumbList","@id":"https:\/\/www.mein-tagwerk.de\/tagwerk\/eine-tagwerkerin-bekampft-das-chaos\/#breadcrumb","itemListElement":[{"@type":"ListItem","position":1,"name":"Home","item":"https:\/\/www.mein-tagwerk.de\/tagwerk\/"},{"@type":"ListItem","position":2,"name":"Eine TagwerkerIn bek\u00e4mpft das Chaos"}]},{"@type":"WebSite","@id":"https:\/\/www.mein-tagwerk.de\/tagwerk\/#website","url":"https:\/\/www.mein-tagwerk.de\/tagwerk\/","name":"meintagwerk","description":"Online Buchhaltung f\u00fcr Freiberufler, Freelancer und Selbst\u00e4ndige","publisher":{"@id":"https:\/\/www.mein-tagwerk.de\/tagwerk\/#organization"},"potentialAction":[{"@type":"SearchAction","target":{"@type":"EntryPoint","urlTemplate":"https:\/\/www.mein-tagwerk.de\/tagwerk\/?s={search_term_string}"},"query-input":"required name=search_term_string"}],"inLanguage":"de"},{"@type":"Organization","@id":"https:\/\/www.mein-tagwerk.de\/tagwerk\/#organization","name":"tagwerk","url":"https:\/\/www.mein-tagwerk.de\/tagwerk\/","logo":{"@type":"ImageObject","inLanguage":"de","@id":"https:\/\/www.mein-tagwerk.de\/tagwerk\/#\/schema\/logo\/image\/","url":"https:\/\/www.mein-tagwerk.de\/tagwerk\/wp-content\/uploads\/2013\/08\/130611_logo-tagwerk-corporate.png","contentUrl":"https:\/\/www.mein-tagwerk.de\/tagwerk\/wp-content\/uploads\/2013\/08\/130611_logo-tagwerk-corporate.png","width":328,"height":140,"caption":"tagwerk"},"image":{"@id":"https:\/\/www.mein-tagwerk.de\/tagwerk\/#\/schema\/logo\/image\/"}},{"@type":"Person","@id":"https:\/\/www.mein-tagwerk.de\/tagwerk\/#\/schema\/person\/960679819884e12b78b8a45717df8e92","name":"paulatag","image":{"@type":"ImageObject","inLanguage":"de","@id":"https:\/\/www.mein-tagwerk.de\/tagwerk\/#\/schema\/person\/image\/","url":"https:\/\/www.mein-tagwerk.de\/tagwerk\/wp-content\/uploads\/2015\/02\/Paula-Ziegler-400x-96x96.png","contentUrl":"https:\/\/www.mein-tagwerk.de\/tagwerk\/wp-content\/uploads\/2015\/02\/Paula-Ziegler-400x-96x96.png","caption":"paulatag"},"url":"https:\/\/www.mein-tagwerk.de\/tagwerk\/author\/paulatag\/"}]}},"_links":{"self":[{"href":"https:\/\/www.mein-tagwerk.de\/tagwerk\/wp-json\/wp\/v2\/posts\/1012"}],"collection":[{"href":"https:\/\/www.mein-tagwerk.de\/tagwerk\/wp-json\/wp\/v2\/posts"}],"about":[{"href":"https:\/\/www.mein-tagwerk.de\/tagwerk\/wp-json\/wp\/v2\/types\/post"}],"author":[{"embeddable":true,"href":"https:\/\/www.mein-tagwerk.de\/tagwerk\/wp-json\/wp\/v2\/users\/5"}],"replies":[{"embeddable":true,"href":"https:\/\/www.mein-tagwerk.de\/tagwerk\/wp-json\/wp\/v2\/comments?post=1012"}],"version-history":[{"count":0,"href":"https:\/\/www.mein-tagwerk.de\/tagwerk\/wp-json\/wp\/v2\/posts\/1012\/revisions"}],"wp:attachment":[{"href":"https:\/\/www.mein-tagwerk.de\/tagwerk\/wp-json\/wp\/v2\/media?parent=1012"}],"wp:term":[{"taxonomy":"category","embeddable":true,"href":"https:\/\/www.mein-tagwerk.de\/tagwerk\/wp-json\/wp\/v2\/categories?post=1012"},{"taxonomy":"post_tag","embeddable":true,"href":"https:\/\/www.mein-tagwerk.de\/tagwerk\/wp-json\/wp\/v2\/tags?post=1012"}],"curies":[{"name":"wp","href":"https:\/\/api.w.org\/{rel}","templated":true}]}}