{"id":2049,"date":"2013-11-14T11:27:48","date_gmt":"2013-11-14T11:27:48","guid":{"rendered":"http:\/\/tagwerkblog.net\/?p=2049"},"modified":"2013-11-14T11:27:48","modified_gmt":"2013-11-14T11:27:48","slug":"ein-datenschutzer-als-tagwerker","status":"publish","type":"post","link":"https:\/\/www.mein-tagwerk.de\/tagwerk\/ein-datenschutzer-als-tagwerker\/","title":{"rendered":"Ein Datensch\u00fctzer als tagwerker"},"content":{"rendered":"<h2 style=\"text-align:center;\"><\/h2>\n<h2 style=\"text-align:center;\"><span style=\"color:#888888;\"><strong>Dieser tagwerker ist Profi beim Thema Informationssicherheit und Datenschutz. Er berichtet Euch, warum der Kontakt zu Menschen f\u00fcr seine Arbeit so wichtig ist und gibt Euch Expertentipps zum Umgang mit Euren Informationen.<\/strong><\/span><\/h2>\n<h2 style=\"text-align:center;\"><a href=\"https:\/\/www.xing.com\/profiles\/Carsten_Feldhahn\"><img loading=\"lazy\" decoding=\"async\" class=\"aligncenter size-full wp-image-2081\" alt=\"feldhahn tagwerker\" src=\"http:\/\/portwich.files.wordpress.com\/2013\/11\/feldhahn-tagwerker1.jpg\" rel='prettyPhoto' width=\"455\" height=\"303\" srcset=\"https:\/\/www.mein-tagwerk.de\/tagwerk\/wp-content\/uploads\/2013\/11\/feldhahn-tagwerker1.jpg 1200w, https:\/\/www.mein-tagwerk.de\/tagwerk\/wp-content\/uploads\/2013\/11\/feldhahn-tagwerker1-300x200.jpg 300w, https:\/\/www.mein-tagwerk.de\/tagwerk\/wp-content\/uploads\/2013\/11\/feldhahn-tagwerker1-1024x683.jpg 1024w, https:\/\/www.mein-tagwerk.de\/tagwerk\/wp-content\/uploads\/2013\/11\/feldhahn-tagwerker1-768x512.jpg 768w, https:\/\/www.mein-tagwerk.de\/tagwerk\/wp-content\/uploads\/2013\/11\/feldhahn-tagwerker1-622x415.jpg 622w\" sizes=\"(max-width: 455px) 100vw, 455px\" \/><\/a><\/h2>\n<p><strong>Kurzvorstellung von Carsten Feldhahn<\/strong><\/p>\n<p><span style=\"color:#888888;\"><strong>Ich arbeite als&#8230;<\/strong><\/span> Berater und Coach im Bereich Informationssicherheit, Datenschutz und IT<br \/>\n<strong><span style=\"color:#888888;\">Ich wohne in&#8230;<\/span><\/strong> Idstein im Taunus<br \/>\n<span style=\"color:#888888;\"><strong>Mein Markenzeichen ist&#8230; <\/strong><\/span>meine gute Laune.<br \/>\n<span style=\"color:#888888;\"><strong>Ich bin erreichbar unter&#8230;<\/strong><\/span> der E-Mail-Adresse <span style=\"color:#008000;\"><strong><a href=\"mailto:info@feldhahn.net\" target=\"_blank\" rel=\"noopener noreferrer\"><span style=\"color:#008000;\">info@feldhahn.net<\/span><\/a><\/strong> <\/span>oder via Xing bzw. LinkedIn.<\/p>\n<p><strong>Carsten Feldhahn und seine Arbeit als Freelancer<br \/>\n<\/strong><\/p>\n<p><span style=\"color:#888888;\"><strong>Freelancer bin ich seit&#8230;<\/strong><\/span> Anfang 2013.<br \/>\n<b><span style=\"color:#888888;\">Ich arbeite haupts\u00e4chlich an<\/span>&#8230;<\/b>\u00a0der Identifikation und Umsetzung von gesetzlichen und vertraglichen Anforderungen aus den Bereichen <strong>Informationssicherheit, Datenschutz<\/strong>, <strong>Business Continuity Management und Service Management.<\/strong> Je nach Branche und Gesch\u00e4ft des Kunden k\u00f6nnen diese Anforderungen sehr vielf\u00e4ltig sein. Die notwendigen Ver\u00e4nderungen sind wichtig, aber leider oft umfangreich und sehr abstrakt und trocken. Darum bem\u00fche ich mich immer um einen<strong> praktischen Bezug und transparenten Nutzen<\/strong>. Manche Dinge m\u00fcssen aber einfach sein, ohne Wenn und Aber. Da geht es dann um die nachvollziehbare und angemessene Umsetzung. Die professionelle und kreative Begleitung der Ver\u00e4nderungsprozesse unter Einbeziehung aller beteiligten Personen ist f\u00fcr mich ein wesentlicher Schwerpunkt.<\/p>\n<p><strong>Carsten Feldhahn und seine Kunden<\/strong><\/p>\n<p><span style=\"color:#888888;\"><strong>Ich arbeite haupts\u00e4chlich im&#8230;<\/strong><\/span> direkten Kontakt vor Ort beim Kunden. Die Menschen sind immer der wichtigste Faktor! Darum m\u00f6chte ich in einem Projekt <strong>so viel Kontakt wie m\u00f6glich<\/strong> zu den beteiligten Menschen haben. Ich m\u00f6chte sehen wie sie arbeiten und mit ihnen gemeinsam herausfinden und entscheiden, welche Ma\u00dfnahmen sinnvoll und notwendig sind um die Ziele zu erreichen. Die gemeinsame Umsetzung und die damit verbundenen notwendigen Ver\u00e4nderungen begleite ich ebenfalls <strong>direkt vor Ort<\/strong> und kann somit kurzfristig auf gew\u00fcnschte und notwendige Anpassungen und Optimierungen reagieren.<br \/>\n<strong><span style=\"color:#888888;\">Das spannendste an meinem Job ist&#8230;<\/span><\/strong> das Feedback der Menschen.<br \/>\n<span style=\"color:#888888;\"><b>Einen Ratschlag nehme ich an von&#8230;<\/b><\/span> Experten und Amateuren, solange sie dazu bereit sind auch mal \u201equer\u201c zu denken.<\/p>\n<p><strong>Carsten Feldhahn und Buchhaltung mit tagwerk<br \/>\n<\/strong><\/p>\n<p><span style=\"color:#888888;\"><b>Durch tagwerk&#8230;<\/b><\/span> behalte ich den \u00dcberblick ohne viel Spezialwissen \u00fcber Buchhaltung. Mir ist es sehr wichtig Abl\u00e4ufe und Dinge verstanden zu haben und auch selber machen zu k\u00f6nnen, aber dann m\u00fcssen regelm\u00e4\u00dfig notwendige T\u00e4tigkeiten ohne viel Aufwand erledigt werden.<br \/>\n<span style=\"color:#888888;\"><b>Die Funktion, die ich bei tagwerk am h\u00e4ufigsten nutze ist&#8230;<\/b><\/span> die Erfassung von Zeiten und Belegen zu Kosten und Reisen.<\/p>\n<div id=\"attachment_2052\" style=\"width: 288px\" class=\"wp-caption alignnone\"><a href=\"https:\/\/www.mein-tagwerk.de\/app\/zeiten\/uebersicht\" target=\"_blank\" rel=\"noopener noreferrer\"><img loading=\"lazy\" decoding=\"async\" aria-describedby=\"caption-attachment-2052\" class=\"size-medium wp-image-2052  \" title=\"tagwerk Zeiterfassung\" alt=\"Neues Feature bei der Zeiterfassung: Die Checkbox zur Markierung, ob Zeiten in Rechnung gestellt werden sollen oder nicht.\" src=\"http:\/\/portwich.files.wordpress.com\/2013\/11\/tagwerk-zeiterfassung.png?w=300\" width=\"278\" height=\"157\" srcset=\"https:\/\/www.mein-tagwerk.de\/tagwerk\/wp-content\/uploads\/2013\/11\/tagwerk-zeiterfassung.png 1001w, https:\/\/www.mein-tagwerk.de\/tagwerk\/wp-content\/uploads\/2013\/11\/tagwerk-zeiterfassung-300x171.png 300w, https:\/\/www.mein-tagwerk.de\/tagwerk\/wp-content\/uploads\/2013\/11\/tagwerk-zeiterfassung-768x437.png 768w, https:\/\/www.mein-tagwerk.de\/tagwerk\/wp-content\/uploads\/2013\/11\/tagwerk-zeiterfassung-622x354.png 622w\" sizes=\"(max-width: 278px) 100vw, 278px\" \/><\/a><p id=\"caption-attachment-2052\" class=\"wp-caption-text\"><span style=\"color:#888888;\">Neues Feature bei der Zeiterfassung: Die Checkbox zur Markierung ob Zeiten in Rechnung gestellt werden sollen oder nicht.<\/span><\/p><\/div>\n<p><span style=\"color:#888888;\"><b>Belege werden bei mir grunds\u00e4tzlich&#8230;<\/b> <\/span>so schnell wie m\u00f6glich erfasst und abgelegt. Nichts frustriert mich mehr als ein wachsender Berg von unsortierten Belegen und die damit verbundene fehlende \u00dcbersicht.<br \/>\n<span style=\"color:#888888;\"><b>Meine Zettelwirtschaft&#8230;<\/b><\/span> h\u00e4lt sich dank <span style=\"color:#008000;\"><strong><a href=\"https:\/\/www.mein-tagwerk.de\/\" target=\"_blank\" rel=\"noopener noreferrer\"><span style=\"color:#008000;\">tagwerk<\/span><\/a> <\/strong><\/span>in Grenzen!<\/p>\n<p><strong>Carsten Feldhahn und sein Spezialtipp f\u00fcr Euch<br \/>\n<\/strong><\/p>\n<p><span style=\"color:#888888;\"><b>Mein Tipp f\u00fcr Euch&#8230;<\/b> <\/span>vor der Weitergabe von Informationen und pers\u00f6nlichen Daten immer erst den Kopf anschalten. Fragt Euch immer zweimal: <strong>\u201eDarf ich das?\u201c<\/strong> und <strong>\u201eMuss das wirklich sein?\u201c.<br \/>\n<\/strong>Besonders wichtig sind diese Regeln bei der gesch\u00e4ftsm\u00e4\u00dfigen Erhebung, Speicherung und Verarbeitung von Informationen und Daten. Hier solltet ihr euch so fr\u00fch wie m\u00f6glich Klarheit \u00fcber geltende Gesetze und Regeln verschaffen. Mit dem Wissen um die Vorgaben und die damit verbundenen Risiken k\u00f6nnt ihr dann entsprechende Ma\u00dfnahmen ergreifen und<strong> Anfragen von Kunden und Beh\u00f6rden zum Thema Informationssicherheit<\/strong> und Datenschutz gelassen entgegensehen<strong>.<\/strong> Nach den j\u00fcngsten <strong>Ereignissen um NSA &amp; Co<\/strong> werden diese Anfragen zunehmen, dass kann ich aus meiner t\u00e4glichen Praxis jetzt schon best\u00e4tigen.<strong><br \/>\n<\/strong><\/p>\n<p>&nbsp;<\/p>\n<p><span style=\"color:#888888;\"><em>Wir freuen uns sehr, Euch hiermit einen weiteren Beitrag unserer tagwerker Reihe zu pr\u00e4sentieren. Wir geben tagwerk-Nutzern und unseren Partnern\u00a0 regelm\u00e4\u00dfig die M\u00f6glichkeit, sich unserer Netzgemeinde vorzustellen, uns Feedback zu tagwerk zu geben und Euch die Nutzungsm\u00f6glichkeiten von tagwerk zu demonstrieren. Wollt Ihr auch teilnehmen? Einfach eine Mail an Paula unter\u00a0<span style=\"color:#008000;\"><a href=\"mailto:ziegler@tagwerk.com\" target=\"_blank\" rel=\"noopener noreferrer\"><span style=\"color:#008000;\">ziegler@tagwerk.com<\/span><\/a> <\/span>schicken!<\/em><\/span><strong><span style=\"color:#888888;\"><a href=\"http:\/\/www.digital-therapie.com\"><span style=\"color:#888888;\"><br \/>\n<\/span><\/a><\/span><\/strong><\/p>\n","protected":false},"excerpt":{"rendered":"<p>Dieser tagwerker ist Profi beim Thema Informationssicherheit und Datenschutz. Er berichtet Euch, warum der Kontakt zu Menschen f\u00fcr seine Arbeit so wichtig ist und gibt Euch Expertentipps zum Umgang mit Euren Informationen. Kurzvorstellung von Carsten Feldhahn Ich arbeite als&#8230; Berater und Coach im Bereich Informationssicherheit, Datenschutz und IT Ich wohne in&#8230; Idstein im Taunus Mein [&#038;hellip<\/p>\n","protected":false},"author":5,"featured_media":0,"comment_status":"open","ping_status":"open","sticky":false,"template":"","format":"standard","meta":{"footnotes":""},"categories":[3,10],"tags":[64,107,108,151,384,445,449,450],"yoast_head":"<!-- This site is optimized with the Yoast SEO plugin v20.4 - https:\/\/yoast.com\/wordpress\/plugins\/seo\/ -->\n<title>Ein Datensch\u00fctzer als tagwerker | meintagwerk<\/title>\n<meta name=\"robots\" content=\"index, follow, max-snippet:-1, max-image-preview:large, max-video-preview:-1\" \/>\n<link rel=\"canonical\" href=\"https:\/\/www.mein-tagwerk.de\/tagwerk\/ein-datenschutzer-als-tagwerker\/\" \/>\n<meta property=\"og:locale\" content=\"de_DE\" \/>\n<meta property=\"og:type\" content=\"article\" \/>\n<meta property=\"og:title\" content=\"Ein Datensch\u00fctzer als tagwerker | meintagwerk\" \/>\n<meta property=\"og:description\" content=\"Dieser tagwerker ist Profi beim Thema Informationssicherheit und Datenschutz. Er berichtet Euch, warum der Kontakt zu Menschen f\u00fcr seine Arbeit so wichtig ist und gibt Euch Expertentipps zum Umgang mit Euren Informationen. Kurzvorstellung von Carsten Feldhahn Ich arbeite als&#8230; Berater und Coach im Bereich Informationssicherheit, Datenschutz und IT Ich wohne in&#8230; Idstein im Taunus Mein [&amp;hellip\" \/>\n<meta property=\"og:url\" content=\"https:\/\/www.mein-tagwerk.de\/tagwerk\/ein-datenschutzer-als-tagwerker\/\" \/>\n<meta property=\"og:site_name\" content=\"meintagwerk\" \/>\n<meta property=\"article:published_time\" content=\"2013-11-14T11:27:48+00:00\" \/>\n<meta property=\"og:image\" content=\"http:\/\/portwich.files.wordpress.com\/2013\/11\/feldhahn-tagwerker1.jpg\" \/>\n<meta name=\"author\" content=\"paulatag\" \/>\n<meta name=\"twitter:card\" content=\"summary_large_image\" \/>\n<meta name=\"twitter:label1\" content=\"Verfasst von\" \/>\n\t<meta name=\"twitter:data1\" content=\"paulatag\" \/>\n\t<meta name=\"twitter:label2\" content=\"Gesch\u00e4tzte Lesezeit\" \/>\n\t<meta name=\"twitter:data2\" content=\"3\u00a0Minuten\" \/>\n<script type=\"application\/ld+json\" class=\"yoast-schema-graph\">{\"@context\":\"https:\/\/schema.org\",\"@graph\":[{\"@type\":\"Article\",\"@id\":\"https:\/\/www.mein-tagwerk.de\/tagwerk\/ein-datenschutzer-als-tagwerker\/#article\",\"isPartOf\":{\"@id\":\"https:\/\/www.mein-tagwerk.de\/tagwerk\/ein-datenschutzer-als-tagwerker\/\"},\"author\":{\"name\":\"paulatag\",\"@id\":\"https:\/\/www.mein-tagwerk.de\/tagwerk\/#\/schema\/person\/960679819884e12b78b8a45717df8e92\"},\"headline\":\"Ein Datensch\u00fctzer als tagwerker\",\"datePublished\":\"2013-11-14T11:27:48+00:00\",\"dateModified\":\"2013-11-14T11:27:48+00:00\",\"mainEntityOfPage\":{\"@id\":\"https:\/\/www.mein-tagwerk.de\/tagwerk\/ein-datenschutzer-als-tagwerker\/\"},\"wordCount\":655,\"commentCount\":0,\"publisher\":{\"@id\":\"https:\/\/www.mein-tagwerk.de\/tagwerk\/#organization\"},\"keywords\":[\"Beratung\",\"datenschutz\",\"datensicherheit\",\"feldhahn\",\"tagwerk\",\"Zeiterfassung\",\"Zettelwirtschaft\",\"zusammenarbeit\"],\"articleSection\":[\"2 tagwerker\",\"9 Beitr\u00e4ge, Ideen, Tr\u00e4umereien\"],\"inLanguage\":\"de\",\"potentialAction\":[{\"@type\":\"CommentAction\",\"name\":\"Comment\",\"target\":[\"https:\/\/www.mein-tagwerk.de\/tagwerk\/ein-datenschutzer-als-tagwerker\/#respond\"]}]},{\"@type\":\"WebPage\",\"@id\":\"https:\/\/www.mein-tagwerk.de\/tagwerk\/ein-datenschutzer-als-tagwerker\/\",\"url\":\"https:\/\/www.mein-tagwerk.de\/tagwerk\/ein-datenschutzer-als-tagwerker\/\",\"name\":\"Ein Datensch\u00fctzer als tagwerker | meintagwerk\",\"isPartOf\":{\"@id\":\"https:\/\/www.mein-tagwerk.de\/tagwerk\/#website\"},\"datePublished\":\"2013-11-14T11:27:48+00:00\",\"dateModified\":\"2013-11-14T11:27:48+00:00\",\"breadcrumb\":{\"@id\":\"https:\/\/www.mein-tagwerk.de\/tagwerk\/ein-datenschutzer-als-tagwerker\/#breadcrumb\"},\"inLanguage\":\"de\",\"potentialAction\":[{\"@type\":\"ReadAction\",\"target\":[\"https:\/\/www.mein-tagwerk.de\/tagwerk\/ein-datenschutzer-als-tagwerker\/\"]}]},{\"@type\":\"BreadcrumbList\",\"@id\":\"https:\/\/www.mein-tagwerk.de\/tagwerk\/ein-datenschutzer-als-tagwerker\/#breadcrumb\",\"itemListElement\":[{\"@type\":\"ListItem\",\"position\":1,\"name\":\"Home\",\"item\":\"https:\/\/www.mein-tagwerk.de\/tagwerk\/\"},{\"@type\":\"ListItem\",\"position\":2,\"name\":\"Ein Datensch\u00fctzer als tagwerker\"}]},{\"@type\":\"WebSite\",\"@id\":\"https:\/\/www.mein-tagwerk.de\/tagwerk\/#website\",\"url\":\"https:\/\/www.mein-tagwerk.de\/tagwerk\/\",\"name\":\"meintagwerk\",\"description\":\"Online Buchhaltung f\u00fcr Freiberufler, Freelancer und Selbst\u00e4ndige\",\"publisher\":{\"@id\":\"https:\/\/www.mein-tagwerk.de\/tagwerk\/#organization\"},\"potentialAction\":[{\"@type\":\"SearchAction\",\"target\":{\"@type\":\"EntryPoint\",\"urlTemplate\":\"https:\/\/www.mein-tagwerk.de\/tagwerk\/?s={search_term_string}\"},\"query-input\":\"required name=search_term_string\"}],\"inLanguage\":\"de\"},{\"@type\":\"Organization\",\"@id\":\"https:\/\/www.mein-tagwerk.de\/tagwerk\/#organization\",\"name\":\"tagwerk\",\"url\":\"https:\/\/www.mein-tagwerk.de\/tagwerk\/\",\"logo\":{\"@type\":\"ImageObject\",\"inLanguage\":\"de\",\"@id\":\"https:\/\/www.mein-tagwerk.de\/tagwerk\/#\/schema\/logo\/image\/\",\"url\":\"https:\/\/www.mein-tagwerk.de\/tagwerk\/wp-content\/uploads\/2013\/08\/130611_logo-tagwerk-corporate.png\",\"contentUrl\":\"https:\/\/www.mein-tagwerk.de\/tagwerk\/wp-content\/uploads\/2013\/08\/130611_logo-tagwerk-corporate.png\",\"width\":328,\"height\":140,\"caption\":\"tagwerk\"},\"image\":{\"@id\":\"https:\/\/www.mein-tagwerk.de\/tagwerk\/#\/schema\/logo\/image\/\"}},{\"@type\":\"Person\",\"@id\":\"https:\/\/www.mein-tagwerk.de\/tagwerk\/#\/schema\/person\/960679819884e12b78b8a45717df8e92\",\"name\":\"paulatag\",\"image\":{\"@type\":\"ImageObject\",\"inLanguage\":\"de\",\"@id\":\"https:\/\/www.mein-tagwerk.de\/tagwerk\/#\/schema\/person\/image\/\",\"url\":\"https:\/\/www.mein-tagwerk.de\/tagwerk\/wp-content\/uploads\/2015\/02\/Paula-Ziegler-400x-96x96.png\",\"contentUrl\":\"https:\/\/www.mein-tagwerk.de\/tagwerk\/wp-content\/uploads\/2015\/02\/Paula-Ziegler-400x-96x96.png\",\"caption\":\"paulatag\"},\"url\":\"https:\/\/www.mein-tagwerk.de\/tagwerk\/author\/paulatag\/\"}]}<\/script>\n<!-- \/ Yoast SEO plugin. -->","yoast_head_json":{"title":"Ein Datensch\u00fctzer als tagwerker | meintagwerk","robots":{"index":"index","follow":"follow","max-snippet":"max-snippet:-1","max-image-preview":"max-image-preview:large","max-video-preview":"max-video-preview:-1"},"canonical":"https:\/\/www.mein-tagwerk.de\/tagwerk\/ein-datenschutzer-als-tagwerker\/","og_locale":"de_DE","og_type":"article","og_title":"Ein Datensch\u00fctzer als tagwerker | meintagwerk","og_description":"Dieser tagwerker ist Profi beim Thema Informationssicherheit und Datenschutz. Er berichtet Euch, warum der Kontakt zu Menschen f\u00fcr seine Arbeit so wichtig ist und gibt Euch Expertentipps zum Umgang mit Euren Informationen. Kurzvorstellung von Carsten Feldhahn Ich arbeite als&#8230; Berater und Coach im Bereich Informationssicherheit, Datenschutz und IT Ich wohne in&#8230; Idstein im Taunus Mein [&hellip","og_url":"https:\/\/www.mein-tagwerk.de\/tagwerk\/ein-datenschutzer-als-tagwerker\/","og_site_name":"meintagwerk","article_published_time":"2013-11-14T11:27:48+00:00","og_image":[{"url":"http:\/\/portwich.files.wordpress.com\/2013\/11\/feldhahn-tagwerker1.jpg"}],"author":"paulatag","twitter_card":"summary_large_image","twitter_misc":{"Verfasst von":"paulatag","Gesch\u00e4tzte Lesezeit":"3\u00a0Minuten"},"schema":{"@context":"https:\/\/schema.org","@graph":[{"@type":"Article","@id":"https:\/\/www.mein-tagwerk.de\/tagwerk\/ein-datenschutzer-als-tagwerker\/#article","isPartOf":{"@id":"https:\/\/www.mein-tagwerk.de\/tagwerk\/ein-datenschutzer-als-tagwerker\/"},"author":{"name":"paulatag","@id":"https:\/\/www.mein-tagwerk.de\/tagwerk\/#\/schema\/person\/960679819884e12b78b8a45717df8e92"},"headline":"Ein Datensch\u00fctzer als tagwerker","datePublished":"2013-11-14T11:27:48+00:00","dateModified":"2013-11-14T11:27:48+00:00","mainEntityOfPage":{"@id":"https:\/\/www.mein-tagwerk.de\/tagwerk\/ein-datenschutzer-als-tagwerker\/"},"wordCount":655,"commentCount":0,"publisher":{"@id":"https:\/\/www.mein-tagwerk.de\/tagwerk\/#organization"},"keywords":["Beratung","datenschutz","datensicherheit","feldhahn","tagwerk","Zeiterfassung","Zettelwirtschaft","zusammenarbeit"],"articleSection":["2 tagwerker","9 Beitr\u00e4ge, Ideen, Tr\u00e4umereien"],"inLanguage":"de","potentialAction":[{"@type":"CommentAction","name":"Comment","target":["https:\/\/www.mein-tagwerk.de\/tagwerk\/ein-datenschutzer-als-tagwerker\/#respond"]}]},{"@type":"WebPage","@id":"https:\/\/www.mein-tagwerk.de\/tagwerk\/ein-datenschutzer-als-tagwerker\/","url":"https:\/\/www.mein-tagwerk.de\/tagwerk\/ein-datenschutzer-als-tagwerker\/","name":"Ein Datensch\u00fctzer als tagwerker | meintagwerk","isPartOf":{"@id":"https:\/\/www.mein-tagwerk.de\/tagwerk\/#website"},"datePublished":"2013-11-14T11:27:48+00:00","dateModified":"2013-11-14T11:27:48+00:00","breadcrumb":{"@id":"https:\/\/www.mein-tagwerk.de\/tagwerk\/ein-datenschutzer-als-tagwerker\/#breadcrumb"},"inLanguage":"de","potentialAction":[{"@type":"ReadAction","target":["https:\/\/www.mein-tagwerk.de\/tagwerk\/ein-datenschutzer-als-tagwerker\/"]}]},{"@type":"BreadcrumbList","@id":"https:\/\/www.mein-tagwerk.de\/tagwerk\/ein-datenschutzer-als-tagwerker\/#breadcrumb","itemListElement":[{"@type":"ListItem","position":1,"name":"Home","item":"https:\/\/www.mein-tagwerk.de\/tagwerk\/"},{"@type":"ListItem","position":2,"name":"Ein Datensch\u00fctzer als tagwerker"}]},{"@type":"WebSite","@id":"https:\/\/www.mein-tagwerk.de\/tagwerk\/#website","url":"https:\/\/www.mein-tagwerk.de\/tagwerk\/","name":"meintagwerk","description":"Online Buchhaltung f\u00fcr Freiberufler, Freelancer und Selbst\u00e4ndige","publisher":{"@id":"https:\/\/www.mein-tagwerk.de\/tagwerk\/#organization"},"potentialAction":[{"@type":"SearchAction","target":{"@type":"EntryPoint","urlTemplate":"https:\/\/www.mein-tagwerk.de\/tagwerk\/?s={search_term_string}"},"query-input":"required name=search_term_string"}],"inLanguage":"de"},{"@type":"Organization","@id":"https:\/\/www.mein-tagwerk.de\/tagwerk\/#organization","name":"tagwerk","url":"https:\/\/www.mein-tagwerk.de\/tagwerk\/","logo":{"@type":"ImageObject","inLanguage":"de","@id":"https:\/\/www.mein-tagwerk.de\/tagwerk\/#\/schema\/logo\/image\/","url":"https:\/\/www.mein-tagwerk.de\/tagwerk\/wp-content\/uploads\/2013\/08\/130611_logo-tagwerk-corporate.png","contentUrl":"https:\/\/www.mein-tagwerk.de\/tagwerk\/wp-content\/uploads\/2013\/08\/130611_logo-tagwerk-corporate.png","width":328,"height":140,"caption":"tagwerk"},"image":{"@id":"https:\/\/www.mein-tagwerk.de\/tagwerk\/#\/schema\/logo\/image\/"}},{"@type":"Person","@id":"https:\/\/www.mein-tagwerk.de\/tagwerk\/#\/schema\/person\/960679819884e12b78b8a45717df8e92","name":"paulatag","image":{"@type":"ImageObject","inLanguage":"de","@id":"https:\/\/www.mein-tagwerk.de\/tagwerk\/#\/schema\/person\/image\/","url":"https:\/\/www.mein-tagwerk.de\/tagwerk\/wp-content\/uploads\/2015\/02\/Paula-Ziegler-400x-96x96.png","contentUrl":"https:\/\/www.mein-tagwerk.de\/tagwerk\/wp-content\/uploads\/2015\/02\/Paula-Ziegler-400x-96x96.png","caption":"paulatag"},"url":"https:\/\/www.mein-tagwerk.de\/tagwerk\/author\/paulatag\/"}]}},"_links":{"self":[{"href":"https:\/\/www.mein-tagwerk.de\/tagwerk\/wp-json\/wp\/v2\/posts\/2049"}],"collection":[{"href":"https:\/\/www.mein-tagwerk.de\/tagwerk\/wp-json\/wp\/v2\/posts"}],"about":[{"href":"https:\/\/www.mein-tagwerk.de\/tagwerk\/wp-json\/wp\/v2\/types\/post"}],"author":[{"embeddable":true,"href":"https:\/\/www.mein-tagwerk.de\/tagwerk\/wp-json\/wp\/v2\/users\/5"}],"replies":[{"embeddable":true,"href":"https:\/\/www.mein-tagwerk.de\/tagwerk\/wp-json\/wp\/v2\/comments?post=2049"}],"version-history":[{"count":0,"href":"https:\/\/www.mein-tagwerk.de\/tagwerk\/wp-json\/wp\/v2\/posts\/2049\/revisions"}],"wp:attachment":[{"href":"https:\/\/www.mein-tagwerk.de\/tagwerk\/wp-json\/wp\/v2\/media?parent=2049"}],"wp:term":[{"taxonomy":"category","embeddable":true,"href":"https:\/\/www.mein-tagwerk.de\/tagwerk\/wp-json\/wp\/v2\/categories?post=2049"},{"taxonomy":"post_tag","embeddable":true,"href":"https:\/\/www.mein-tagwerk.de\/tagwerk\/wp-json\/wp\/v2\/tags?post=2049"}],"curies":[{"name":"wp","href":"https:\/\/api.w.org\/{rel}","templated":true}]}}