{"id":2199,"date":"2014-06-15T12:30:38","date_gmt":"2014-06-15T12:30:38","guid":{"rendered":"http:\/\/tagwerkblog.net\/?p=2199"},"modified":"2014-06-15T12:30:38","modified_gmt":"2014-06-15T12:30:38","slug":"projektwerk-und-tagwerk-feiern-freundschaft","status":"publish","type":"post","link":"https:\/\/www.mein-tagwerk.de\/tagwerk\/projektwerk-und-tagwerk-feiern-freundschaft\/","title":{"rendered":"projektwerk und tagwerk feiern FREUNDSCHAFT!"},"content":{"rendered":"<h3>Daniela und Nina von projektwerk.com besuchten uns auf der <span style=\"color: #339966;\">CeBIT 2014<\/span>: Wir hatten eingeladen, um unsere neue Unternehmensl\u00f6sung \u201etagwerk Corporate\u201c vorzustellen. Rasch kam die Idee auf, gemeinsam mehr zu bewegen. Der Startschuss f\u00e4llt jetzt \u2013 wir feiern unsere Freundschaft!<\/h3>\n<p>&nbsp;<\/p>\n<p>&nbsp;<\/p>\n<h3><em>Daniela und Nina, sch\u00f6n, dass wir unsere bestehende Partnerschaft auf ein neues Level heben: Freundschaft. Was steckt f\u00fcr Euch dahinter?<\/em><\/h3>\n<p>&nbsp;<\/p>\n<p><strong>Nina:<\/strong> Seit 2012 finden Freelancer auf <span style=\"color: #339966;\"><a href=\"http:\/\/www.projektwerk.com\/de\/\" target=\"_blank\" rel=\"noopener noreferrer\"><span style=\"color: #339966;\">projektwerk.com<\/span><\/a><\/span> den <a href=\"http:\/\/mein-tagwerk.de\/app\/stundensatzrechner.html\" target=\"_blank\" rel=\"noopener noreferrer\"><span style=\"color: #339966;\">Stundensatzrechner<\/span> <\/a>von tagwerk. Damit k\u00f6nnen sie auf Basis ihres Wunsch-Nettogehalts den ben\u00f6tigten Stundensatz errechnen oder anhand eines Stundensatzes ermitteln, mit welchem Nettogehalt sie rechnen k\u00f6nnen. Seitdem sind wir regelm\u00e4\u00dfig im Austausch und verfolgen gespannt, wie Ihr Eure Services f\u00fcr Freelancer auf <span style=\"color: #339966;\"><a href=\"https:\/\/www.mein-tagwerk.de\/app\/freelancer\/buchhaltung.html\" target=\"_blank\" rel=\"noopener noreferrer\"><span style=\"color: #339966;\">mein-tagwerk.de <\/span><\/a><\/span>erweitert.<\/p>\n<p><strong>Daniela:<\/strong> Als wir von Euch h\u00f6rten, dass tagwerk nun auch spezielle L\u00f6sungen f\u00fcr Unternehmen anbietet, waren wir neugierig, was sich dahinter verbirgt. Nach Eurer Demo auf der CeBIT und im Gespr\u00e4ch fanden wir schnell heraus, dass sich inzwischen viel mehr Schnittmengen ergeben. Beste Zeit also, ab sofort deutlich intensiver zu kooperieren. Partnerschaft ist f\u00fcr uns immer mit Augenh\u00f6he und Fairness verbunden. Freundschaft jedoch geht noch viel weiter: Freunde sind sehr eng verbunden \u2013 im Business sogar verwachsen, man begleitet einander \u00fcber eine sehr lange Zeit und teilt Erfahrungen, Erfolge und im Zweifel auch Misserfolge miteinander.<\/p>\n<p>&nbsp;<\/p>\n<p>&nbsp;<\/p>\n<h3><em>Freunden g\u00f6nnt man Gutes: Was haben denn tagwerk und projektwerk User von unserer Freundschaft? <\/em><\/h3>\n<p>&nbsp;<\/p>\n<p><strong>Daniela:<\/strong> Mit <a href=\"http:\/\/www.tagwerk.com\" target=\"_blank\" rel=\"noopener noreferrer\"><span style=\"color: #339966;\">tagwerk-corporate<\/span> <\/a>strukturieren Unternehmen die Daten und Leistungen freier Mitarbeiter, integrieren sie in ihre kaufm\u00e4nnischen Prozesse und bauen sich ein eigenes internes Freelancer Netzwerk auf. Im Schulterschluss ergibt sich eine sch\u00f6ne Erweiterung unserer Wertsch\u00f6pfungsketten: In tagwerk-corporate sind ab sofort Freelancer Profile von unserer Seite eingebunden. Das macht Sinn, weil projektwerk.com seit 15 Jahren eine zentrale Anlaufstelle f\u00fcr Freelancer und Projektanbieter ist. Der Vorteil f\u00fcr tagwerk Unternehmenskunden: Freelancer Profile aus ihrem eigenen Bestand reichern wir um 30.000 Profile von Freelancern an, die auf projektwerk.com neue Auftraggeber suchen.<\/p>\n<p><strong>Nina:<\/strong> Freundschaft ist f\u00fcr beide Seiten gut. Daher profitieren auch die Freelancer auf projektwerk.com: Durch die Einbindung ihrer Profile auf tagwerk-corporate erh\u00f6ht sich die Chance, ihre Auftragsb\u00fccher zu f\u00fcllen. Schlie\u00dflich werden durch tagwerk neue Unternehmen auf sie aufmerksam. Freiberufler k\u00f6nnen auf projektwerk.com bereits mit einer kostenfreien Basic-Mitgliedschaft aussagekr\u00e4ftige Profile ver\u00f6ffentlichen. Die zus\u00e4tzliche Reichweite durch tagwerk-corporate ist dann ab sofort automatisch inbegriffen.<\/p>\n<p>&nbsp;<\/p>\n<h3><em>Das nenn\u2019 ich mal eine runde Sache! \u00dcbrigens: Es hei\u00dft doch, kleine Geschenke erhalten die Freundschaft. Habt Ihr da noch was?<\/em><\/h3>\n<p>&nbsp;<\/p>\n<p><strong>Nina:<\/strong> Nat\u00fcrlich! projektwerk bildet f\u00fcr Freelancer den Baustein der Projektakquise ab. Dieser Baustein wird nun mit dem mein tagwerk Angebot ideal erg\u00e4nzt mit den Komponenten Angebotserstellung, Zeit- und Belegerfassung, Reisekostenabrechnung, Rechnungslegung, Buchhaltung und Steuern. Durch die Freundschaft von projektwerk und tagwerk erhalten Freelancer alles aus einer Hand \u2013 und k\u00f6nnen sogar noch sparen. Los geht\u2019s am 15. Juni 2014: Freelancer, die bei projektwerk registriert sind, erhalten das\u00a0 <span style=\"color: #339966;\"><strong><a href=\"https:\/\/www.mein-tagwerk.de\/app\/projektwerk.html\" target=\"_blank\" rel=\"noopener noreferrer\"><span style=\"color: #339966;\">kostenfreie Einsteigerpaket von mein-tagwerk<\/span><\/a>,<\/strong><\/span>\u00a0 um reinzuschnuppern. Wer dauerhaft die volle Funktionalit\u00e4t nutzen m\u00f6chte, erh\u00e4lt einen Preisvorteil von 20% auf die kostenpflichtigen Leistungen.<\/p>\n<p><a href=\"https:\/\/www.mein-tagwerk.de\/app\/projektwerk.html\" target=\"_blank\" rel=\"noopener noreferrer\"><span style=\"color: #339966;\"><strong>Und der Clou: Schnellentschlossene erhalten beim Upgrade des Einsteigerpakets bis zum 29. Juni 2014 sogar\u00a0 <span style=\"color: #339966;\">50% Rabatt<\/span>.<\/strong><\/span><\/a><\/p>\n<p>&nbsp;<\/p>\n<h3><em>Fein, klingt super. Worauf k\u00f6nnen sich tagwerk und projektwerk Nutzer in Zukunft noch freuen?<\/em><\/h3>\n<p>&nbsp;<\/p>\n<p><strong>Daniela:<\/strong> Ganz sicher werden wir uns nicht auf die faule Haut legen. Schon jetzt haben wir neue Eisen im Feuer: Im n\u00e4chsten Schritt integrieren wir Projektangebote, die Unternehmen auf projektwerk.com ausschreiben, auf <a href=\"http:\/\/mein-tagwerk.de\">mein-tagwerk<\/a>. So k\u00f6nnen Freelancer direkt und bequem in ihrem tagwerk-Account neue Auftraggeber finden. Auch Projektanbietern werden wir Gutes tun: Viele Unternehmen scheuen rechtliche Konsequenzen aus dem Einsatz von Freelancern, z.B. Strafzahlungen bei vermuteter Scheinselbst\u00e4ndigkeit. Dabei l\u00e4sst sich Projektarbeit mit Freiberuflern durchaus rechtssicher gestalten \u2013 dies ist auch eine wirtschaftliche Notwendigkeit im Kampf gegen den Fachkr\u00e4ftemangel. Die k\u00fcnftige Verzahnung von projektwerk und tagwerk zielt genau darauf ab.<\/p>\n<h4><em>Wow &#8211; da haben wir noch Einiges vor, legen wir los. Danke Euch beiden f\u00fcr das Gespr\u00e4ch.<\/em><\/h4>\n<p>FREUNDSCHAFT mitfeiern! <em><strong><a href=\"https:\/\/www.mein-tagwerk.de\/app\/projektwerk.html\" target=\"_blank\" rel=\"noopener noreferrer\"><span style=\"color: #339966;\">Hier geht es zur Aktion.<\/span><\/a><\/strong><\/em><\/p>\n","protected":false},"excerpt":{"rendered":"<p>Daniela und Nina von projektwerk.com besuchten uns auf der CeBIT 2014: Wir hatten eingeladen, um unsere neue Unternehmensl\u00f6sung \u201etagwerk Corporate\u201c vorzustellen. Rasch kam die Idee auf, gemeinsam mehr zu bewegen. Der Startschuss f\u00e4llt jetzt \u2013 wir feiern unsere Freundschaft! &nbsp; &nbsp; Daniela und Nina, sch\u00f6n, dass wir unsere bestehende Partnerschaft auf ein neues Level heben: [&#038;hellip<\/p>\n","protected":false},"author":4,"featured_media":2203,"comment_status":"open","ping_status":"open","sticky":false,"template":"","format":"standard","meta":{"footnotes":""},"categories":[5],"tags":[82,162,164,194,196,246,248,445],"yoast_head":"<!-- This site is optimized with the Yoast SEO plugin v20.4 - https:\/\/yoast.com\/wordpress\/plugins\/seo\/ -->\n<title>projektwerk und tagwerk feiern FREUNDSCHAFT! | meintagwerk<\/title>\n<meta name=\"robots\" content=\"index, follow, max-snippet:-1, max-image-preview:large, max-video-preview:-1\" \/>\n<link rel=\"canonical\" href=\"https:\/\/www.mein-tagwerk.de\/tagwerk\/projektwerk-und-tagwerk-feiern-freundschaft\/\" \/>\n<meta property=\"og:locale\" content=\"de_DE\" \/>\n<meta property=\"og:type\" content=\"article\" \/>\n<meta property=\"og:title\" content=\"projektwerk und tagwerk feiern FREUNDSCHAFT! | meintagwerk\" \/>\n<meta property=\"og:description\" content=\"Daniela und Nina von projektwerk.com besuchten uns auf der CeBIT 2014: Wir hatten eingeladen, um unsere neue Unternehmensl\u00f6sung \u201etagwerk Corporate\u201c vorzustellen. Rasch kam die Idee auf, gemeinsam mehr zu bewegen. Der Startschuss f\u00e4llt jetzt \u2013 wir feiern unsere Freundschaft! &nbsp; &nbsp; Daniela und Nina, sch\u00f6n, dass wir unsere bestehende Partnerschaft auf ein neues Level heben: [&amp;hellip\" \/>\n<meta property=\"og:url\" content=\"https:\/\/www.mein-tagwerk.de\/tagwerk\/projektwerk-und-tagwerk-feiern-freundschaft\/\" \/>\n<meta property=\"og:site_name\" content=\"meintagwerk\" \/>\n<meta property=\"article:published_time\" content=\"2014-06-15T12:30:38+00:00\" \/>\n<meta property=\"og:image\" content=\"https:\/\/www.mein-tagwerk.de\/tagwerk\/wp-content\/uploads\/2014\/06\/daniela-nina_2.png\" \/>\n\t<meta property=\"og:image:width\" content=\"654\" \/>\n\t<meta property=\"og:image:height\" content=\"387\" \/>\n\t<meta property=\"og:image:type\" content=\"image\/png\" \/>\n<meta name=\"author\" content=\"geraldmoll\" \/>\n<meta name=\"twitter:card\" content=\"summary_large_image\" \/>\n<meta name=\"twitter:label1\" content=\"Verfasst von\" \/>\n\t<meta name=\"twitter:data1\" content=\"geraldmoll\" \/>\n\t<meta name=\"twitter:label2\" content=\"Gesch\u00e4tzte Lesezeit\" \/>\n\t<meta name=\"twitter:data2\" content=\"3\u00a0Minuten\" \/>\n<script type=\"application\/ld+json\" class=\"yoast-schema-graph\">{\"@context\":\"https:\/\/schema.org\",\"@graph\":[{\"@type\":\"Article\",\"@id\":\"https:\/\/www.mein-tagwerk.de\/tagwerk\/projektwerk-und-tagwerk-feiern-freundschaft\/#article\",\"isPartOf\":{\"@id\":\"https:\/\/www.mein-tagwerk.de\/tagwerk\/projektwerk-und-tagwerk-feiern-freundschaft\/\"},\"author\":{\"name\":\"geraldmoll\",\"@id\":\"https:\/\/www.mein-tagwerk.de\/tagwerk\/#\/schema\/person\/5a73def942a0d96dd0314d4ecc7d253d\"},\"headline\":\"projektwerk und tagwerk feiern FREUNDSCHAFT!\",\"datePublished\":\"2014-06-15T12:30:38+00:00\",\"dateModified\":\"2014-06-15T12:30:38+00:00\",\"mainEntityOfPage\":{\"@id\":\"https:\/\/www.mein-tagwerk.de\/tagwerk\/projektwerk-und-tagwerk-feiern-freundschaft\/\"},\"wordCount\":688,\"commentCount\":0,\"publisher\":{\"@id\":\"https:\/\/www.mein-tagwerk.de\/tagwerk\/#organization\"},\"keywords\":[\"Buchhaltung\",\"Freelancer\",\"Freiberufler\",\"Gr\u00fcndung\",\"Hamburg\",\"Kooperation\",\"Kooperationspartner\",\"Zeiterfassung\"],\"articleSection\":[\"4 tagwerkteam\"],\"inLanguage\":\"de\",\"potentialAction\":[{\"@type\":\"CommentAction\",\"name\":\"Comment\",\"target\":[\"https:\/\/www.mein-tagwerk.de\/tagwerk\/projektwerk-und-tagwerk-feiern-freundschaft\/#respond\"]}]},{\"@type\":\"WebPage\",\"@id\":\"https:\/\/www.mein-tagwerk.de\/tagwerk\/projektwerk-und-tagwerk-feiern-freundschaft\/\",\"url\":\"https:\/\/www.mein-tagwerk.de\/tagwerk\/projektwerk-und-tagwerk-feiern-freundschaft\/\",\"name\":\"projektwerk und tagwerk feiern FREUNDSCHAFT! | meintagwerk\",\"isPartOf\":{\"@id\":\"https:\/\/www.mein-tagwerk.de\/tagwerk\/#website\"},\"datePublished\":\"2014-06-15T12:30:38+00:00\",\"dateModified\":\"2014-06-15T12:30:38+00:00\",\"breadcrumb\":{\"@id\":\"https:\/\/www.mein-tagwerk.de\/tagwerk\/projektwerk-und-tagwerk-feiern-freundschaft\/#breadcrumb\"},\"inLanguage\":\"de\",\"potentialAction\":[{\"@type\":\"ReadAction\",\"target\":[\"https:\/\/www.mein-tagwerk.de\/tagwerk\/projektwerk-und-tagwerk-feiern-freundschaft\/\"]}]},{\"@type\":\"BreadcrumbList\",\"@id\":\"https:\/\/www.mein-tagwerk.de\/tagwerk\/projektwerk-und-tagwerk-feiern-freundschaft\/#breadcrumb\",\"itemListElement\":[{\"@type\":\"ListItem\",\"position\":1,\"name\":\"Home\",\"item\":\"https:\/\/www.mein-tagwerk.de\/tagwerk\/\"},{\"@type\":\"ListItem\",\"position\":2,\"name\":\"projektwerk und tagwerk feiern FREUNDSCHAFT!\"}]},{\"@type\":\"WebSite\",\"@id\":\"https:\/\/www.mein-tagwerk.de\/tagwerk\/#website\",\"url\":\"https:\/\/www.mein-tagwerk.de\/tagwerk\/\",\"name\":\"meintagwerk\",\"description\":\"Online Buchhaltung f\u00fcr Freiberufler, Freelancer und Selbst\u00e4ndige\",\"publisher\":{\"@id\":\"https:\/\/www.mein-tagwerk.de\/tagwerk\/#organization\"},\"potentialAction\":[{\"@type\":\"SearchAction\",\"target\":{\"@type\":\"EntryPoint\",\"urlTemplate\":\"https:\/\/www.mein-tagwerk.de\/tagwerk\/?s={search_term_string}\"},\"query-input\":\"required name=search_term_string\"}],\"inLanguage\":\"de\"},{\"@type\":\"Organization\",\"@id\":\"https:\/\/www.mein-tagwerk.de\/tagwerk\/#organization\",\"name\":\"tagwerk\",\"url\":\"https:\/\/www.mein-tagwerk.de\/tagwerk\/\",\"logo\":{\"@type\":\"ImageObject\",\"inLanguage\":\"de\",\"@id\":\"https:\/\/www.mein-tagwerk.de\/tagwerk\/#\/schema\/logo\/image\/\",\"url\":\"https:\/\/www.mein-tagwerk.de\/tagwerk\/wp-content\/uploads\/2013\/08\/130611_logo-tagwerk-corporate.png\",\"contentUrl\":\"https:\/\/www.mein-tagwerk.de\/tagwerk\/wp-content\/uploads\/2013\/08\/130611_logo-tagwerk-corporate.png\",\"width\":328,\"height\":140,\"caption\":\"tagwerk\"},\"image\":{\"@id\":\"https:\/\/www.mein-tagwerk.de\/tagwerk\/#\/schema\/logo\/image\/\"}},{\"@type\":\"Person\",\"@id\":\"https:\/\/www.mein-tagwerk.de\/tagwerk\/#\/schema\/person\/5a73def942a0d96dd0314d4ecc7d253d\",\"name\":\"geraldmoll\",\"image\":{\"@type\":\"ImageObject\",\"inLanguage\":\"de\",\"@id\":\"https:\/\/www.mein-tagwerk.de\/tagwerk\/#\/schema\/person\/image\/\",\"url\":\"https:\/\/www.mein-tagwerk.de\/tagwerk\/wp-content\/uploads\/2013\/05\/geraldmoll-tagwerk-freelancen-e1600948615380-96x96.jpg\",\"contentUrl\":\"https:\/\/www.mein-tagwerk.de\/tagwerk\/wp-content\/uploads\/2013\/05\/geraldmoll-tagwerk-freelancen-e1600948615380-96x96.jpg\",\"caption\":\"geraldmoll\"},\"url\":\"https:\/\/www.mein-tagwerk.de\/tagwerk\/author\/geraldmoll\/\"}]}<\/script>\n<!-- \/ Yoast SEO plugin. -->","yoast_head_json":{"title":"projektwerk und tagwerk feiern FREUNDSCHAFT! | meintagwerk","robots":{"index":"index","follow":"follow","max-snippet":"max-snippet:-1","max-image-preview":"max-image-preview:large","max-video-preview":"max-video-preview:-1"},"canonical":"https:\/\/www.mein-tagwerk.de\/tagwerk\/projektwerk-und-tagwerk-feiern-freundschaft\/","og_locale":"de_DE","og_type":"article","og_title":"projektwerk und tagwerk feiern FREUNDSCHAFT! | meintagwerk","og_description":"Daniela und Nina von projektwerk.com besuchten uns auf der CeBIT 2014: Wir hatten eingeladen, um unsere neue Unternehmensl\u00f6sung \u201etagwerk Corporate\u201c vorzustellen. Rasch kam die Idee auf, gemeinsam mehr zu bewegen. Der Startschuss f\u00e4llt jetzt \u2013 wir feiern unsere Freundschaft! &nbsp; &nbsp; Daniela und Nina, sch\u00f6n, dass wir unsere bestehende Partnerschaft auf ein neues Level heben: [&hellip","og_url":"https:\/\/www.mein-tagwerk.de\/tagwerk\/projektwerk-und-tagwerk-feiern-freundschaft\/","og_site_name":"meintagwerk","article_published_time":"2014-06-15T12:30:38+00:00","og_image":[{"width":654,"height":387,"url":"https:\/\/www.mein-tagwerk.de\/tagwerk\/wp-content\/uploads\/2014\/06\/daniela-nina_2.png","type":"image\/png"}],"author":"geraldmoll","twitter_card":"summary_large_image","twitter_misc":{"Verfasst von":"geraldmoll","Gesch\u00e4tzte Lesezeit":"3\u00a0Minuten"},"schema":{"@context":"https:\/\/schema.org","@graph":[{"@type":"Article","@id":"https:\/\/www.mein-tagwerk.de\/tagwerk\/projektwerk-und-tagwerk-feiern-freundschaft\/#article","isPartOf":{"@id":"https:\/\/www.mein-tagwerk.de\/tagwerk\/projektwerk-und-tagwerk-feiern-freundschaft\/"},"author":{"name":"geraldmoll","@id":"https:\/\/www.mein-tagwerk.de\/tagwerk\/#\/schema\/person\/5a73def942a0d96dd0314d4ecc7d253d"},"headline":"projektwerk und tagwerk feiern FREUNDSCHAFT!","datePublished":"2014-06-15T12:30:38+00:00","dateModified":"2014-06-15T12:30:38+00:00","mainEntityOfPage":{"@id":"https:\/\/www.mein-tagwerk.de\/tagwerk\/projektwerk-und-tagwerk-feiern-freundschaft\/"},"wordCount":688,"commentCount":0,"publisher":{"@id":"https:\/\/www.mein-tagwerk.de\/tagwerk\/#organization"},"keywords":["Buchhaltung","Freelancer","Freiberufler","Gr\u00fcndung","Hamburg","Kooperation","Kooperationspartner","Zeiterfassung"],"articleSection":["4 tagwerkteam"],"inLanguage":"de","potentialAction":[{"@type":"CommentAction","name":"Comment","target":["https:\/\/www.mein-tagwerk.de\/tagwerk\/projektwerk-und-tagwerk-feiern-freundschaft\/#respond"]}]},{"@type":"WebPage","@id":"https:\/\/www.mein-tagwerk.de\/tagwerk\/projektwerk-und-tagwerk-feiern-freundschaft\/","url":"https:\/\/www.mein-tagwerk.de\/tagwerk\/projektwerk-und-tagwerk-feiern-freundschaft\/","name":"projektwerk und tagwerk feiern FREUNDSCHAFT! | meintagwerk","isPartOf":{"@id":"https:\/\/www.mein-tagwerk.de\/tagwerk\/#website"},"datePublished":"2014-06-15T12:30:38+00:00","dateModified":"2014-06-15T12:30:38+00:00","breadcrumb":{"@id":"https:\/\/www.mein-tagwerk.de\/tagwerk\/projektwerk-und-tagwerk-feiern-freundschaft\/#breadcrumb"},"inLanguage":"de","potentialAction":[{"@type":"ReadAction","target":["https:\/\/www.mein-tagwerk.de\/tagwerk\/projektwerk-und-tagwerk-feiern-freundschaft\/"]}]},{"@type":"BreadcrumbList","@id":"https:\/\/www.mein-tagwerk.de\/tagwerk\/projektwerk-und-tagwerk-feiern-freundschaft\/#breadcrumb","itemListElement":[{"@type":"ListItem","position":1,"name":"Home","item":"https:\/\/www.mein-tagwerk.de\/tagwerk\/"},{"@type":"ListItem","position":2,"name":"projektwerk und tagwerk feiern FREUNDSCHAFT!"}]},{"@type":"WebSite","@id":"https:\/\/www.mein-tagwerk.de\/tagwerk\/#website","url":"https:\/\/www.mein-tagwerk.de\/tagwerk\/","name":"meintagwerk","description":"Online Buchhaltung f\u00fcr Freiberufler, Freelancer und Selbst\u00e4ndige","publisher":{"@id":"https:\/\/www.mein-tagwerk.de\/tagwerk\/#organization"},"potentialAction":[{"@type":"SearchAction","target":{"@type":"EntryPoint","urlTemplate":"https:\/\/www.mein-tagwerk.de\/tagwerk\/?s={search_term_string}"},"query-input":"required name=search_term_string"}],"inLanguage":"de"},{"@type":"Organization","@id":"https:\/\/www.mein-tagwerk.de\/tagwerk\/#organization","name":"tagwerk","url":"https:\/\/www.mein-tagwerk.de\/tagwerk\/","logo":{"@type":"ImageObject","inLanguage":"de","@id":"https:\/\/www.mein-tagwerk.de\/tagwerk\/#\/schema\/logo\/image\/","url":"https:\/\/www.mein-tagwerk.de\/tagwerk\/wp-content\/uploads\/2013\/08\/130611_logo-tagwerk-corporate.png","contentUrl":"https:\/\/www.mein-tagwerk.de\/tagwerk\/wp-content\/uploads\/2013\/08\/130611_logo-tagwerk-corporate.png","width":328,"height":140,"caption":"tagwerk"},"image":{"@id":"https:\/\/www.mein-tagwerk.de\/tagwerk\/#\/schema\/logo\/image\/"}},{"@type":"Person","@id":"https:\/\/www.mein-tagwerk.de\/tagwerk\/#\/schema\/person\/5a73def942a0d96dd0314d4ecc7d253d","name":"geraldmoll","image":{"@type":"ImageObject","inLanguage":"de","@id":"https:\/\/www.mein-tagwerk.de\/tagwerk\/#\/schema\/person\/image\/","url":"https:\/\/www.mein-tagwerk.de\/tagwerk\/wp-content\/uploads\/2013\/05\/geraldmoll-tagwerk-freelancen-e1600948615380-96x96.jpg","contentUrl":"https:\/\/www.mein-tagwerk.de\/tagwerk\/wp-content\/uploads\/2013\/05\/geraldmoll-tagwerk-freelancen-e1600948615380-96x96.jpg","caption":"geraldmoll"},"url":"https:\/\/www.mein-tagwerk.de\/tagwerk\/author\/geraldmoll\/"}]}},"_links":{"self":[{"href":"https:\/\/www.mein-tagwerk.de\/tagwerk\/wp-json\/wp\/v2\/posts\/2199"}],"collection":[{"href":"https:\/\/www.mein-tagwerk.de\/tagwerk\/wp-json\/wp\/v2\/posts"}],"about":[{"href":"https:\/\/www.mein-tagwerk.de\/tagwerk\/wp-json\/wp\/v2\/types\/post"}],"author":[{"embeddable":true,"href":"https:\/\/www.mein-tagwerk.de\/tagwerk\/wp-json\/wp\/v2\/users\/4"}],"replies":[{"embeddable":true,"href":"https:\/\/www.mein-tagwerk.de\/tagwerk\/wp-json\/wp\/v2\/comments?post=2199"}],"version-history":[{"count":0,"href":"https:\/\/www.mein-tagwerk.de\/tagwerk\/wp-json\/wp\/v2\/posts\/2199\/revisions"}],"wp:featuredmedia":[{"embeddable":true,"href":"https:\/\/www.mein-tagwerk.de\/tagwerk\/wp-json\/wp\/v2\/media\/2203"}],"wp:attachment":[{"href":"https:\/\/www.mein-tagwerk.de\/tagwerk\/wp-json\/wp\/v2\/media?parent=2199"}],"wp:term":[{"taxonomy":"category","embeddable":true,"href":"https:\/\/www.mein-tagwerk.de\/tagwerk\/wp-json\/wp\/v2\/categories?post=2199"},{"taxonomy":"post_tag","embeddable":true,"href":"https:\/\/www.mein-tagwerk.de\/tagwerk\/wp-json\/wp\/v2\/tags?post=2199"}],"curies":[{"name":"wp","href":"https:\/\/api.w.org\/{rel}","templated":true}]}}