{"id":3027,"date":"2015-02-26T16:12:37","date_gmt":"2015-02-26T16:12:37","guid":{"rendered":"http:\/\/www.mein-tagwerk.de\/tagwerk\/?p=3027"},"modified":"2015-02-26T16:12:37","modified_gmt":"2015-02-26T16:12:37","slug":"social-media-berater-als-tagwerker-falk-gruner-stellt-sich-vor","status":"publish","type":"post","link":"https:\/\/www.mein-tagwerk.de\/tagwerk\/social-media-berater-als-tagwerker-falk-gruner-stellt-sich-vor\/","title":{"rendered":"Social Media Berater als tagwerker, Falk Sieghard Gruner stellt sich vor"},"content":{"rendered":"<div id=\"attachment_3028\" style=\"width: 577px\" class=\"wp-caption aligncenter\"><a href=\"http:\/\/www.medienspinnerei.de\/\" target=\"_blank\" rel=\"noopener noreferrer\"><img loading=\"lazy\" decoding=\"async\" aria-describedby=\"caption-attachment-3028\" class=\"wp-image-3028 size-full\" src=\"http:\/\/91.250.96.11\/tagwerk\/wp-content\/uploads\/2015\/02\/Beim-Arbeiten-im-Coworking-Kabinettstuecken.gif\" rel='prettyPhoto' alt=\"Social Media Berater, Angebote schreiben, Falk Sieghard Gruner, Medienspinnerei\" width=\"567\" height=\"347\" \/><\/a><p id=\"caption-attachment-3028\" class=\"wp-caption-text\">Foto: Michael Chlebusch<\/p><\/div>\n<p>&nbsp;<\/p>\n<p>&nbsp;<\/p>\n<h2><strong>Social Media Berater\u00a0Falk Sieghard Gruner hat ein besonderes Markenzeichen. Kastagnetten!<br \/>\n<\/strong><\/h2>\n<p>&nbsp;<\/p>\n<h3>Hallo Falk,<\/h3>\n<h3>wir freuen uns, das wir Dich heute vorstellen d\u00fcrfen. Wir haben Dir einige Fragen gestellt, auf geht es.<\/h3>\n<p>&nbsp;<\/p>\n<p>&nbsp;<\/p>\n<h3><\/h3>\n<p>Ich arbeite als\u2026 Social Media Berater, Werbetexter und Blogger mit meinem Unternehmen medienspinnerei. <a href=\"http:\/\/www.medienspinnerei.de\/\">http:\/\/www.medienspinnerei.de\/<\/a><\/p>\n<p>Ich wohne in&#8230; in Chemnitz aka Karl-Marx-Stadt und arbeite in einem Coworking Space mit dem Namen Kabinettst\u00fcckchen <a href=\"http:\/\/www.kabinettstueckchen.cc\/\">http:\/\/www.kabinettstueckchen.cc\/<\/a><\/p>\n<p>Mein Markenzeichen sind \u2026 Kaffee, Kopfh\u00f6rer und Kastagnetten &#8211; Ok, das Letzte war gelogen, aber stilistisch unumg\u00e4nglich.<\/p>\n<p>Ich bin erreichbar unter&#8230; <a href=\"mailto:falk@medienspinnerei.de\">falk@medienspinnerei.de<\/a> und @falkgruner auf Twitter. <a href=\"https:\/\/twitter.com\/FalkGruner\">https:\/\/twitter.com\/FalkGruner<\/a><\/p>\n<p>&nbsp;<\/p>\n<h3><strong>Social Media Berater<br \/>\n<\/strong><\/h3>\n<p>Gelernt habe ich&#8230; Soziologie und scheine in der Werbe- und Marketingbranche damit nicht der Einzige zu sein.<\/p>\n<p>Das besondere an meiner Arbeit ist&#8230; die Vielseitigkeit. Das reicht von einer Frage auf Twitter nach einem kleinen Problem bis hin zur Entwicklung ganzer Social Media Strategien f\u00fcr Unternehmen. Dazwischen veranstalte ich Workshops, schreibe die verschiedensten Texte und betreibe mehrere Blogs. Der Wichtigste ist der Blog der medienspinnerei (<a href=\"http:\/\/www.medienspinnerei.de\/blog\/\">http:\/\/www.medienspinnerei.de\/blog\/<\/a>) zu sozialen Netzwerken, praktischen Tools f\u00fcr den Social Media Alltag und Veranstaltungen, an denen ich teilgenommen habe.<\/p>\n<p>&nbsp;<\/p>\n<p><a href=\"http:\/\/www.medienspinnerei.de\/\" target=\"_blank\" rel=\"noopener noreferrer\"><img loading=\"lazy\" decoding=\"async\" class=\"aligncenter wp-image-3035\" src=\"http:\/\/91.250.96.11\/tagwerk\/wp-content\/uploads\/2015\/02\/Logo-medienspinnerei-300x113.jpg\" rel='prettyPhoto' alt=\"Social Media Berater, medienspinnerei, Falk Gruner\" width=\"450\" height=\"169\" srcset=\"https:\/\/www.mein-tagwerk.de\/tagwerk\/wp-content\/uploads\/2015\/02\/Logo-medienspinnerei-300x113.jpg 300w, https:\/\/www.mein-tagwerk.de\/tagwerk\/wp-content\/uploads\/2015\/02\/Logo-medienspinnerei-768x288.jpg 768w, https:\/\/www.mein-tagwerk.de\/tagwerk\/wp-content\/uploads\/2015\/02\/Logo-medienspinnerei-622x233.jpg 622w, https:\/\/www.mein-tagwerk.de\/tagwerk\/wp-content\/uploads\/2015\/02\/Logo-medienspinnerei.jpg 960w\" sizes=\"(max-width: 450px) 100vw, 450px\" \/><\/a><\/p>\n<p>&nbsp;<\/p>\n<p>&nbsp;<\/p>\n<h3><strong>So nutze ich meintagwerk<br \/>\n<\/strong><\/h3>\n<p>Die Funktion, die ich bei tagwerk am h\u00e4ufigsten nutze ist&#8230; das Schreiben von Angeboten und Rechnungen. Es k\u00f6nnte schlimmer sein\u2026<\/p>\n<p>Meine Lieblingsfunktion bei tagwerk ist&#8230; die nahtlose Anbindung an Elster. Klappt einfach hervorragend!<\/p>\n<p>&nbsp;<\/p>\n<h3><strong>Buchhaltung als Social Media Berater<br \/>\n<\/strong><\/h3>\n<p>Meine Zettelwirtschaft&#8230; findet auf der Festplatte statt.<\/p>\n<p>Buchhaltung stresst mich nicht, weil&#8230; ich bisher noch keinen Stress mit dem Finanzamt hatte.<\/p>\n<p><strong>\u00a0<\/strong><\/p>\n<h3>Meine Philosophie lautet&#8230;<\/h3>\n<p>Erst einmal ja sagen und sich dann \u00fcber den entstehenden Aufwand Gedanken machen. Dadurch macht man Dinge, die man nach langem \u00dcberlegen eher ablehnen w\u00fcrde. Meistens lohnt sich dieses Vorgehen allerdings. \u00dcberraschungen inklusive.<\/p>\n<p>&nbsp;<\/p>\n<p>&nbsp;<\/p>\n","protected":false},"excerpt":{"rendered":"<p>&nbsp; &nbsp; Social Media Berater\u00a0Falk Sieghard Gruner hat ein besonderes Markenzeichen. Kastagnetten! &nbsp; Hallo Falk, wir freuen uns, das wir Dich heute vorstellen d\u00fcrfen. Wir haben Dir einige Fragen gestellt, auf geht es. &nbsp; &nbsp; Ich arbeite als\u2026 Social Media Berater, Werbetexter und Blogger mit meinem Unternehmen medienspinnerei. http:\/\/www.medienspinnerei.de\/ Ich wohne in&#8230; in Chemnitz aka [&#038;hellip<\/p>\n","protected":false},"author":4,"featured_media":3028,"comment_status":"open","ping_status":"open","sticky":false,"template":"","format":"standard","meta":{"footnotes":""},"categories":[3],"tags":[345,351],"yoast_head":"<!-- This site is optimized with the Yoast SEO plugin v20.4 - https:\/\/yoast.com\/wordpress\/plugins\/seo\/ -->\n<title>Social Media Berater als tagwerker, Falk Sieghard Gruner stellt sich vor | meintagwerk<\/title>\n<meta name=\"description\" content=\"Social Media Berater Falk Gruner hat ein besonderes Markenzeichen. Kastagnetten! Im Interview: Buchhaltung als Social Media Berater mit meintagwerk\" \/>\n<meta name=\"robots\" content=\"index, follow, max-snippet:-1, max-image-preview:large, max-video-preview:-1\" \/>\n<link rel=\"canonical\" href=\"https:\/\/www.mein-tagwerk.de\/tagwerk\/social-media-berater-als-tagwerker-falk-gruner-stellt-sich-vor\/\" \/>\n<meta property=\"og:locale\" content=\"de_DE\" \/>\n<meta property=\"og:type\" content=\"article\" \/>\n<meta property=\"og:title\" content=\"Social Media Berater als tagwerker, Falk Sieghard Gruner stellt sich vor | meintagwerk\" \/>\n<meta property=\"og:description\" content=\"Social Media Berater Falk Gruner hat ein besonderes Markenzeichen. Kastagnetten! Im Interview: Buchhaltung als Social Media Berater mit meintagwerk\" \/>\n<meta property=\"og:url\" content=\"https:\/\/www.mein-tagwerk.de\/tagwerk\/social-media-berater-als-tagwerker-falk-gruner-stellt-sich-vor\/\" \/>\n<meta property=\"og:site_name\" content=\"meintagwerk\" \/>\n<meta property=\"article:published_time\" content=\"2015-02-26T16:12:37+00:00\" \/>\n<meta property=\"og:image\" content=\"https:\/\/www.mein-tagwerk.de\/tagwerk\/wp-content\/uploads\/2015\/02\/Beim-Arbeiten-im-Coworking-Kabinettstuecken.gif\" \/>\n\t<meta property=\"og:image:width\" content=\"567\" \/>\n\t<meta property=\"og:image:height\" content=\"347\" \/>\n\t<meta property=\"og:image:type\" content=\"image\/gif\" \/>\n<meta name=\"author\" content=\"geraldmoll\" \/>\n<meta name=\"twitter:card\" content=\"summary_large_image\" \/>\n<meta name=\"twitter:label1\" content=\"Verfasst von\" \/>\n\t<meta name=\"twitter:data1\" content=\"geraldmoll\" \/>\n\t<meta name=\"twitter:label2\" content=\"Gesch\u00e4tzte Lesezeit\" \/>\n\t<meta name=\"twitter:data2\" content=\"2\u00a0Minuten\" \/>\n<script type=\"application\/ld+json\" class=\"yoast-schema-graph\">{\"@context\":\"https:\/\/schema.org\",\"@graph\":[{\"@type\":\"Article\",\"@id\":\"https:\/\/www.mein-tagwerk.de\/tagwerk\/social-media-berater-als-tagwerker-falk-gruner-stellt-sich-vor\/#article\",\"isPartOf\":{\"@id\":\"https:\/\/www.mein-tagwerk.de\/tagwerk\/social-media-berater-als-tagwerker-falk-gruner-stellt-sich-vor\/\"},\"author\":{\"name\":\"geraldmoll\",\"@id\":\"https:\/\/www.mein-tagwerk.de\/tagwerk\/#\/schema\/person\/5a73def942a0d96dd0314d4ecc7d253d\"},\"headline\":\"Social Media Berater als tagwerker, Falk Sieghard Gruner stellt sich vor\",\"datePublished\":\"2015-02-26T16:12:37+00:00\",\"dateModified\":\"2015-02-26T16:12:37+00:00\",\"mainEntityOfPage\":{\"@id\":\"https:\/\/www.mein-tagwerk.de\/tagwerk\/social-media-berater-als-tagwerker-falk-gruner-stellt-sich-vor\/\"},\"wordCount\":331,\"commentCount\":0,\"publisher\":{\"@id\":\"https:\/\/www.mein-tagwerk.de\/tagwerk\/#organization\"},\"keywords\":[\"Selbstst\u00e4ndig arbeiten\",\"Social Media Berater\"],\"articleSection\":[\"2 tagwerker\"],\"inLanguage\":\"de\",\"potentialAction\":[{\"@type\":\"CommentAction\",\"name\":\"Comment\",\"target\":[\"https:\/\/www.mein-tagwerk.de\/tagwerk\/social-media-berater-als-tagwerker-falk-gruner-stellt-sich-vor\/#respond\"]}]},{\"@type\":\"WebPage\",\"@id\":\"https:\/\/www.mein-tagwerk.de\/tagwerk\/social-media-berater-als-tagwerker-falk-gruner-stellt-sich-vor\/\",\"url\":\"https:\/\/www.mein-tagwerk.de\/tagwerk\/social-media-berater-als-tagwerker-falk-gruner-stellt-sich-vor\/\",\"name\":\"Social Media Berater als tagwerker, Falk Sieghard Gruner stellt sich vor | meintagwerk\",\"isPartOf\":{\"@id\":\"https:\/\/www.mein-tagwerk.de\/tagwerk\/#website\"},\"datePublished\":\"2015-02-26T16:12:37+00:00\",\"dateModified\":\"2015-02-26T16:12:37+00:00\",\"description\":\"Social Media Berater Falk Gruner hat ein besonderes Markenzeichen. Kastagnetten! Im Interview: Buchhaltung als Social Media Berater mit meintagwerk\",\"breadcrumb\":{\"@id\":\"https:\/\/www.mein-tagwerk.de\/tagwerk\/social-media-berater-als-tagwerker-falk-gruner-stellt-sich-vor\/#breadcrumb\"},\"inLanguage\":\"de\",\"potentialAction\":[{\"@type\":\"ReadAction\",\"target\":[\"https:\/\/www.mein-tagwerk.de\/tagwerk\/social-media-berater-als-tagwerker-falk-gruner-stellt-sich-vor\/\"]}]},{\"@type\":\"BreadcrumbList\",\"@id\":\"https:\/\/www.mein-tagwerk.de\/tagwerk\/social-media-berater-als-tagwerker-falk-gruner-stellt-sich-vor\/#breadcrumb\",\"itemListElement\":[{\"@type\":\"ListItem\",\"position\":1,\"name\":\"Home\",\"item\":\"https:\/\/www.mein-tagwerk.de\/tagwerk\/\"},{\"@type\":\"ListItem\",\"position\":2,\"name\":\"Social Media Berater als tagwerker, Falk Sieghard Gruner stellt sich vor\"}]},{\"@type\":\"WebSite\",\"@id\":\"https:\/\/www.mein-tagwerk.de\/tagwerk\/#website\",\"url\":\"https:\/\/www.mein-tagwerk.de\/tagwerk\/\",\"name\":\"meintagwerk\",\"description\":\"Online Buchhaltung f\u00fcr Freiberufler, Freelancer und Selbst\u00e4ndige\",\"publisher\":{\"@id\":\"https:\/\/www.mein-tagwerk.de\/tagwerk\/#organization\"},\"potentialAction\":[{\"@type\":\"SearchAction\",\"target\":{\"@type\":\"EntryPoint\",\"urlTemplate\":\"https:\/\/www.mein-tagwerk.de\/tagwerk\/?s={search_term_string}\"},\"query-input\":\"required name=search_term_string\"}],\"inLanguage\":\"de\"},{\"@type\":\"Organization\",\"@id\":\"https:\/\/www.mein-tagwerk.de\/tagwerk\/#organization\",\"name\":\"tagwerk\",\"url\":\"https:\/\/www.mein-tagwerk.de\/tagwerk\/\",\"logo\":{\"@type\":\"ImageObject\",\"inLanguage\":\"de\",\"@id\":\"https:\/\/www.mein-tagwerk.de\/tagwerk\/#\/schema\/logo\/image\/\",\"url\":\"https:\/\/www.mein-tagwerk.de\/tagwerk\/wp-content\/uploads\/2013\/08\/130611_logo-tagwerk-corporate.png\",\"contentUrl\":\"https:\/\/www.mein-tagwerk.de\/tagwerk\/wp-content\/uploads\/2013\/08\/130611_logo-tagwerk-corporate.png\",\"width\":328,\"height\":140,\"caption\":\"tagwerk\"},\"image\":{\"@id\":\"https:\/\/www.mein-tagwerk.de\/tagwerk\/#\/schema\/logo\/image\/\"}},{\"@type\":\"Person\",\"@id\":\"https:\/\/www.mein-tagwerk.de\/tagwerk\/#\/schema\/person\/5a73def942a0d96dd0314d4ecc7d253d\",\"name\":\"geraldmoll\",\"image\":{\"@type\":\"ImageObject\",\"inLanguage\":\"de\",\"@id\":\"https:\/\/www.mein-tagwerk.de\/tagwerk\/#\/schema\/person\/image\/\",\"url\":\"https:\/\/www.mein-tagwerk.de\/tagwerk\/wp-content\/uploads\/2013\/05\/geraldmoll-tagwerk-freelancen-e1600948615380-96x96.jpg\",\"contentUrl\":\"https:\/\/www.mein-tagwerk.de\/tagwerk\/wp-content\/uploads\/2013\/05\/geraldmoll-tagwerk-freelancen-e1600948615380-96x96.jpg\",\"caption\":\"geraldmoll\"},\"url\":\"https:\/\/www.mein-tagwerk.de\/tagwerk\/author\/geraldmoll\/\"}]}<\/script>\n<!-- \/ Yoast SEO plugin. -->","yoast_head_json":{"title":"Social Media Berater als tagwerker, Falk Sieghard Gruner stellt sich vor | meintagwerk","description":"Social Media Berater Falk Gruner hat ein besonderes Markenzeichen. Kastagnetten! Im Interview: Buchhaltung als Social Media Berater mit meintagwerk","robots":{"index":"index","follow":"follow","max-snippet":"max-snippet:-1","max-image-preview":"max-image-preview:large","max-video-preview":"max-video-preview:-1"},"canonical":"https:\/\/www.mein-tagwerk.de\/tagwerk\/social-media-berater-als-tagwerker-falk-gruner-stellt-sich-vor\/","og_locale":"de_DE","og_type":"article","og_title":"Social Media Berater als tagwerker, Falk Sieghard Gruner stellt sich vor | meintagwerk","og_description":"Social Media Berater Falk Gruner hat ein besonderes Markenzeichen. Kastagnetten! Im Interview: Buchhaltung als Social Media Berater mit meintagwerk","og_url":"https:\/\/www.mein-tagwerk.de\/tagwerk\/social-media-berater-als-tagwerker-falk-gruner-stellt-sich-vor\/","og_site_name":"meintagwerk","article_published_time":"2015-02-26T16:12:37+00:00","og_image":[{"width":567,"height":347,"url":"https:\/\/www.mein-tagwerk.de\/tagwerk\/wp-content\/uploads\/2015\/02\/Beim-Arbeiten-im-Coworking-Kabinettstuecken.gif","type":"image\/gif"}],"author":"geraldmoll","twitter_card":"summary_large_image","twitter_misc":{"Verfasst von":"geraldmoll","Gesch\u00e4tzte Lesezeit":"2\u00a0Minuten"},"schema":{"@context":"https:\/\/schema.org","@graph":[{"@type":"Article","@id":"https:\/\/www.mein-tagwerk.de\/tagwerk\/social-media-berater-als-tagwerker-falk-gruner-stellt-sich-vor\/#article","isPartOf":{"@id":"https:\/\/www.mein-tagwerk.de\/tagwerk\/social-media-berater-als-tagwerker-falk-gruner-stellt-sich-vor\/"},"author":{"name":"geraldmoll","@id":"https:\/\/www.mein-tagwerk.de\/tagwerk\/#\/schema\/person\/5a73def942a0d96dd0314d4ecc7d253d"},"headline":"Social Media Berater als tagwerker, Falk Sieghard Gruner stellt sich vor","datePublished":"2015-02-26T16:12:37+00:00","dateModified":"2015-02-26T16:12:37+00:00","mainEntityOfPage":{"@id":"https:\/\/www.mein-tagwerk.de\/tagwerk\/social-media-berater-als-tagwerker-falk-gruner-stellt-sich-vor\/"},"wordCount":331,"commentCount":0,"publisher":{"@id":"https:\/\/www.mein-tagwerk.de\/tagwerk\/#organization"},"keywords":["Selbstst\u00e4ndig arbeiten","Social Media Berater"],"articleSection":["2 tagwerker"],"inLanguage":"de","potentialAction":[{"@type":"CommentAction","name":"Comment","target":["https:\/\/www.mein-tagwerk.de\/tagwerk\/social-media-berater-als-tagwerker-falk-gruner-stellt-sich-vor\/#respond"]}]},{"@type":"WebPage","@id":"https:\/\/www.mein-tagwerk.de\/tagwerk\/social-media-berater-als-tagwerker-falk-gruner-stellt-sich-vor\/","url":"https:\/\/www.mein-tagwerk.de\/tagwerk\/social-media-berater-als-tagwerker-falk-gruner-stellt-sich-vor\/","name":"Social Media Berater als tagwerker, Falk Sieghard Gruner stellt sich vor | meintagwerk","isPartOf":{"@id":"https:\/\/www.mein-tagwerk.de\/tagwerk\/#website"},"datePublished":"2015-02-26T16:12:37+00:00","dateModified":"2015-02-26T16:12:37+00:00","description":"Social Media Berater Falk Gruner hat ein besonderes Markenzeichen. Kastagnetten! Im Interview: Buchhaltung als Social Media Berater mit meintagwerk","breadcrumb":{"@id":"https:\/\/www.mein-tagwerk.de\/tagwerk\/social-media-berater-als-tagwerker-falk-gruner-stellt-sich-vor\/#breadcrumb"},"inLanguage":"de","potentialAction":[{"@type":"ReadAction","target":["https:\/\/www.mein-tagwerk.de\/tagwerk\/social-media-berater-als-tagwerker-falk-gruner-stellt-sich-vor\/"]}]},{"@type":"BreadcrumbList","@id":"https:\/\/www.mein-tagwerk.de\/tagwerk\/social-media-berater-als-tagwerker-falk-gruner-stellt-sich-vor\/#breadcrumb","itemListElement":[{"@type":"ListItem","position":1,"name":"Home","item":"https:\/\/www.mein-tagwerk.de\/tagwerk\/"},{"@type":"ListItem","position":2,"name":"Social Media Berater als tagwerker, Falk Sieghard Gruner stellt sich vor"}]},{"@type":"WebSite","@id":"https:\/\/www.mein-tagwerk.de\/tagwerk\/#website","url":"https:\/\/www.mein-tagwerk.de\/tagwerk\/","name":"meintagwerk","description":"Online Buchhaltung f\u00fcr Freiberufler, Freelancer und Selbst\u00e4ndige","publisher":{"@id":"https:\/\/www.mein-tagwerk.de\/tagwerk\/#organization"},"potentialAction":[{"@type":"SearchAction","target":{"@type":"EntryPoint","urlTemplate":"https:\/\/www.mein-tagwerk.de\/tagwerk\/?s={search_term_string}"},"query-input":"required name=search_term_string"}],"inLanguage":"de"},{"@type":"Organization","@id":"https:\/\/www.mein-tagwerk.de\/tagwerk\/#organization","name":"tagwerk","url":"https:\/\/www.mein-tagwerk.de\/tagwerk\/","logo":{"@type":"ImageObject","inLanguage":"de","@id":"https:\/\/www.mein-tagwerk.de\/tagwerk\/#\/schema\/logo\/image\/","url":"https:\/\/www.mein-tagwerk.de\/tagwerk\/wp-content\/uploads\/2013\/08\/130611_logo-tagwerk-corporate.png","contentUrl":"https:\/\/www.mein-tagwerk.de\/tagwerk\/wp-content\/uploads\/2013\/08\/130611_logo-tagwerk-corporate.png","width":328,"height":140,"caption":"tagwerk"},"image":{"@id":"https:\/\/www.mein-tagwerk.de\/tagwerk\/#\/schema\/logo\/image\/"}},{"@type":"Person","@id":"https:\/\/www.mein-tagwerk.de\/tagwerk\/#\/schema\/person\/5a73def942a0d96dd0314d4ecc7d253d","name":"geraldmoll","image":{"@type":"ImageObject","inLanguage":"de","@id":"https:\/\/www.mein-tagwerk.de\/tagwerk\/#\/schema\/person\/image\/","url":"https:\/\/www.mein-tagwerk.de\/tagwerk\/wp-content\/uploads\/2013\/05\/geraldmoll-tagwerk-freelancen-e1600948615380-96x96.jpg","contentUrl":"https:\/\/www.mein-tagwerk.de\/tagwerk\/wp-content\/uploads\/2013\/05\/geraldmoll-tagwerk-freelancen-e1600948615380-96x96.jpg","caption":"geraldmoll"},"url":"https:\/\/www.mein-tagwerk.de\/tagwerk\/author\/geraldmoll\/"}]}},"_links":{"self":[{"href":"https:\/\/www.mein-tagwerk.de\/tagwerk\/wp-json\/wp\/v2\/posts\/3027"}],"collection":[{"href":"https:\/\/www.mein-tagwerk.de\/tagwerk\/wp-json\/wp\/v2\/posts"}],"about":[{"href":"https:\/\/www.mein-tagwerk.de\/tagwerk\/wp-json\/wp\/v2\/types\/post"}],"author":[{"embeddable":true,"href":"https:\/\/www.mein-tagwerk.de\/tagwerk\/wp-json\/wp\/v2\/users\/4"}],"replies":[{"embeddable":true,"href":"https:\/\/www.mein-tagwerk.de\/tagwerk\/wp-json\/wp\/v2\/comments?post=3027"}],"version-history":[{"count":0,"href":"https:\/\/www.mein-tagwerk.de\/tagwerk\/wp-json\/wp\/v2\/posts\/3027\/revisions"}],"wp:featuredmedia":[{"embeddable":true,"href":"https:\/\/www.mein-tagwerk.de\/tagwerk\/wp-json\/wp\/v2\/media\/3028"}],"wp:attachment":[{"href":"https:\/\/www.mein-tagwerk.de\/tagwerk\/wp-json\/wp\/v2\/media?parent=3027"}],"wp:term":[{"taxonomy":"category","embeddable":true,"href":"https:\/\/www.mein-tagwerk.de\/tagwerk\/wp-json\/wp\/v2\/categories?post=3027"},{"taxonomy":"post_tag","embeddable":true,"href":"https:\/\/www.mein-tagwerk.de\/tagwerk\/wp-json\/wp\/v2\/tags?post=3027"}],"curies":[{"name":"wp","href":"https:\/\/api.w.org\/{rel}","templated":true}]}}