{"id":3043,"date":"2015-02-28T22:30:41","date_gmt":"2015-02-28T22:30:41","guid":{"rendered":"http:\/\/www.mein-tagwerk.de\/tagwerk\/?p=3043"},"modified":"2015-02-28T22:30:41","modified_gmt":"2015-02-28T22:30:41","slug":"verpflegungspauschale","status":"publish","type":"post","link":"https:\/\/www.mein-tagwerk.de\/tagwerk\/verpflegungspauschale\/","title":{"rendered":"Verpflegungspauschale \u2013 Steuerliche \u00c4nderungen 2015"},"content":{"rendered":"<h2><strong>Verpflegungspauschale und weitere steuerliche Neuregelungen 2015<\/strong><\/h2>\n<p>&nbsp;<\/p>\n<p><a href=\"http:\/\/91.250.96.11\/tagwerk\/wp-content\/uploads\/2015\/02\/Verpflegungspauschale.png\" rel='prettyPhoto'><img loading=\"lazy\" decoding=\"async\" class=\"aligncenter wp-image-3045 size-full\" src=\"http:\/\/91.250.96.11\/tagwerk\/wp-content\/uploads\/2015\/02\/Verpflegungspauschale.png\" alt=\"Verpflegungspauschale, Steuerliche Neuerungen\" width=\"800\" height=\"486\" srcset=\"https:\/\/www.mein-tagwerk.de\/tagwerk\/wp-content\/uploads\/2015\/02\/Verpflegungspauschale.png 800w, https:\/\/www.mein-tagwerk.de\/tagwerk\/wp-content\/uploads\/2015\/02\/Verpflegungspauschale-300x182.png 300w, https:\/\/www.mein-tagwerk.de\/tagwerk\/wp-content\/uploads\/2015\/02\/Verpflegungspauschale-768x467.png 768w, https:\/\/www.mein-tagwerk.de\/tagwerk\/wp-content\/uploads\/2015\/02\/Verpflegungspauschale-622x378.png 622w\" sizes=\"(max-width: 800px) 100vw, 800px\" \/><\/a><\/p>\n<h2><\/h2>\n<h2>Verpflegungspauschale \u2013 Liebe Tagwerker, heute lege ich euch ein paar f\u00fcr Unternehmer\/Arbeitgeber relevante Punkte der Neuerungen im Einkommensteuergesetz zum 01.01.2015 n\u00e4her dar:<\/h2>\n<ol>\n<li>\n<h3>Steuerfreie Leistungen zur F\u00f6rderung der Vereinbarkeit von Beruf und Familie (\u00a7 3 Nr. 34a EStG):<\/h3>\n<\/li>\n<\/ol>\n<p>Nach dieser Neuregelung sind nun bis zu \u20ac 600,- pro Jahr zus\u00e4tzlich zum ohnehin geschuldeten Arbeitslohn als steuerfreie Zahlung des Arbeitgebers an den Arbeitnehmer zur kurzfristigen Betreuung von Kindern oder pflegebed\u00fcrftigen Angeh\u00f6rigen m\u00f6glich. Eine Umwandlung von bereits vereinbartem Gehalt in solche Zahlungen ist nicht m\u00f6glich.<\/p>\n<p>Steuerfrei sind zudem auch Zahlungen an ein Dienstleistungsunternehmen, das einen Arbeitnehmer hinsichtlich der Betreuung von Kindern oder pflegebed\u00fcrftigen Angeh\u00f6rigen ber\u00e4t und hierf\u00fcr Betreuungspersonen vermittelt.<\/p>\n<p>&nbsp;<\/p>\n<ol start=\"2\">\n<li>\n<h3>\u00c4nderung zur Verpflegungspauschale (\u00a7 9 Abs. 4a EStG) ab 2015:<\/h3>\n<\/li>\n<\/ol>\n<p>Verpflegungspauschale \u2013 Ab Anfang 2015 gilt auch die Bordverpflegung im Flugzeug als Mahlzeit, die der Arbeitgeber dem Arbeitnehmer zur Verf\u00fcgung stellt. Es reicht bereits, dass eine Mahlzeit\/ein Snack angeboten wird.<\/p>\n<p>Hier ist also die Verpflegungspauschale, die der Arbeitgeber dem Arbeitnehmer f\u00fcr eine Ausw\u00e4rtst\u00e4tigkeit von mindestens 8 Std. gew\u00e4hrt, um den entsprechenden Betrag f\u00fcr Fr\u00fchst\u00fcck in H\u00f6he von 20% des vollen Tagessatzes oder f\u00fcr Mittag-\/Abendessen in H\u00f6he von 40 % des vollen Tagessatzes zu k\u00fcrzen. Bei einer Dienstreise innerhalb Deutschlands von 10 Stunden Dauer kann der Arbeitnehmer zwar eine Verpflegungspauschale vom Arbeitgeber in H\u00f6he von \u20ac 12,- erhalten, sie ist aber f\u00fcr ein Fr\u00fchst\u00fcck um \u20ac 4,80 (20% von \u20ac 24,-) oder f\u00fcr ein Mittag-\/Abendessen um \u20ac 7,20 (40 % von \u20ac 24,-) zu k\u00fcrzen.<\/p>\n<p>Gleiches gilt bereits seit Anfang 2014 (r\u00fcckwirkend) f\u00fcr servierte belegte Br\u00f6tchen w\u00e4hrend einer Dienstbesprechung in einer ausw\u00e4rtigen Niederlassung des Arbeitgebers \u2026.<\/p>\n<p>&nbsp;<\/p>\n<ol start=\"3\">\n<li>\n<h3>Kosten f\u00fcr Betriebsveranstaltungen (\u00a7 19 Abs. 1 Nr. 1a EStG):<\/h3>\n<\/li>\n<\/ol>\n<p>Hier hat sich zum 01.01.2015 die \u201eFreigrenze\u201c zum \u201eFreibetrag\u201c gewandelt, betrugen bis Ende 2014 die Kosten f\u00fcr einen teilnehmenden Arbeitnehmer brutto mehr als \u20ac 110,- war von diesen Kosten kein Vorsteuerabzug mehr m\u00f6glich und es wurde auf diesen Betrag f\u00fcr den Arbeitnehmer Lohnsteuer f\u00e4llig. Auch wenn diese Grenze nur um einen Euro \u00fcberschritten wurde, traten f\u00fcr den gesamten Betrag diese Folgen ein.<\/p>\n<p>Ab 2015 handelt es sich bei dem Betrag um eine \u201eFreigrenze\u201c, das hei\u00dft, die Lohnsteuer entf\u00e4llt nur auf den Betrag, der \u00fcber \u20ac 110,- liegt. Ebenso verh\u00e4lt es sich beim Vorsteuerabzug, dieser entf\u00e4llt auch nur f\u00fcr den dar\u00fcber hinausgehenden Betrag.<\/p>\n<p>Im Ausgleich zu dieser Freibetrags-Regelung werden aber nun zur Ermittlung der Teilnehmerkosten s\u00e4mtliche Ausgaben einbezogen, z. B. auch die f\u00fcr die Saalmiete oder f\u00fcr den Event-Manager (bis Ende 2014 wurden nur die Kosten eingerechnet, die der Arbeitnehmer selbst konsumieren konnte). Bringt der Arbeitnehmer eine Begleitperson mit zum Fest, werden diese Ausgaben ihm zugerechnet. Nehmen an der Veranstaltung auch \u201eExterne\u201c, z.B. Gesch\u00e4ftsfreunde teil, ist der \u201eVeranstaltungsvorteil\u201c von diesen Personen eigenst\u00e4ndig zu versteuern.<\/p>\n<p>&nbsp;<\/p>\n<p>&nbsp;<\/p>\n<p>Wenn Ihr Fragen habt, k\u00f6nnt Ihr mich gern unter 0178\/7321923 erreichen.<\/p>\n<p>Mit besten Gr\u00fc\u00dfen verbleibe ich Eure Kira Felst.<\/p>\n<p>&nbsp;<\/p>\n","protected":false},"excerpt":{"rendered":"<p>Verpflegungspauschale und weitere steuerliche Neuregelungen 2015 &nbsp; Verpflegungspauschale \u2013 Liebe Tagwerker, heute lege ich euch ein paar f\u00fcr Unternehmer\/Arbeitgeber relevante Punkte der Neuerungen im Einkommensteuergesetz zum 01.01.2015 n\u00e4her dar: Steuerfreie Leistungen zur F\u00f6rderung der Vereinbarkeit von Beruf und Familie (\u00a7 3 Nr. 34a EStG): Nach dieser Neuregelung sind nun bis zu \u20ac 600,- pro Jahr [&#038;hellip<\/p>\n","protected":false},"author":6,"featured_media":3045,"comment_status":"open","ping_status":"open","sticky":false,"template":"","format":"standard","meta":{"footnotes":""},"categories":[4],"tags":[],"yoast_head":"<!-- This site is optimized with the Yoast SEO plugin v20.4 - https:\/\/yoast.com\/wordpress\/plugins\/seo\/ -->\n<title>Verpflegungspauschale \u2013 Steuerliche \u00c4nderungen 2015 | meintagwerk<\/title>\n<meta name=\"description\" content=\"Verpflegungspauschale, steuerliche Neuregelungen 2015. Tipps von unserer Buchhaltungsexpertin Kira Felst zu Verpflegungspauschale, steuerfreie Leistungen etc.\" \/>\n<meta name=\"robots\" content=\"index, follow, max-snippet:-1, max-image-preview:large, max-video-preview:-1\" \/>\n<link rel=\"canonical\" href=\"https:\/\/www.mein-tagwerk.de\/tagwerk\/verpflegungspauschale\/\" \/>\n<meta property=\"og:locale\" content=\"de_DE\" \/>\n<meta property=\"og:type\" content=\"article\" \/>\n<meta property=\"og:title\" content=\"Verpflegungspauschale \u2013 Steuerliche \u00c4nderungen 2015 | meintagwerk\" \/>\n<meta property=\"og:description\" content=\"Verpflegungspauschale, steuerliche Neuregelungen 2015. Tipps von unserer Buchhaltungsexpertin Kira Felst zu Verpflegungspauschale, steuerfreie Leistungen etc.\" \/>\n<meta property=\"og:url\" content=\"https:\/\/www.mein-tagwerk.de\/tagwerk\/verpflegungspauschale\/\" \/>\n<meta property=\"og:site_name\" content=\"meintagwerk\" \/>\n<meta property=\"article:published_time\" content=\"2015-02-28T22:30:41+00:00\" \/>\n<meta property=\"og:image\" content=\"https:\/\/www.mein-tagwerk.de\/tagwerk\/wp-content\/uploads\/2015\/02\/Verpflegungspauschale.png\" \/>\n\t<meta property=\"og:image:width\" content=\"800\" \/>\n\t<meta property=\"og:image:height\" content=\"486\" \/>\n\t<meta property=\"og:image:type\" content=\"image\/png\" \/>\n<meta name=\"author\" content=\"Kira Felst\" \/>\n<meta name=\"twitter:card\" content=\"summary_large_image\" \/>\n<meta name=\"twitter:label1\" content=\"Verfasst von\" \/>\n\t<meta name=\"twitter:data1\" content=\"Kira Felst\" \/>\n\t<meta name=\"twitter:label2\" content=\"Gesch\u00e4tzte Lesezeit\" \/>\n\t<meta name=\"twitter:data2\" content=\"2\u00a0Minuten\" \/>\n<script type=\"application\/ld+json\" class=\"yoast-schema-graph\">{\"@context\":\"https:\/\/schema.org\",\"@graph\":[{\"@type\":\"Article\",\"@id\":\"https:\/\/www.mein-tagwerk.de\/tagwerk\/verpflegungspauschale\/#article\",\"isPartOf\":{\"@id\":\"https:\/\/www.mein-tagwerk.de\/tagwerk\/verpflegungspauschale\/\"},\"author\":{\"name\":\"Kira Felst\",\"@id\":\"https:\/\/www.mein-tagwerk.de\/tagwerk\/#\/schema\/person\/5c6c50524331b9ca16414f729b74d8e4\"},\"headline\":\"Verpflegungspauschale \u2013 Steuerliche \u00c4nderungen 2015\",\"datePublished\":\"2015-02-28T22:30:41+00:00\",\"dateModified\":\"2015-02-28T22:30:41+00:00\",\"mainEntityOfPage\":{\"@id\":\"https:\/\/www.mein-tagwerk.de\/tagwerk\/verpflegungspauschale\/\"},\"wordCount\":499,\"commentCount\":0,\"publisher\":{\"@id\":\"https:\/\/www.mein-tagwerk.de\/tagwerk\/#organization\"},\"articleSection\":[\"3 tagwerktipps\"],\"inLanguage\":\"de\",\"potentialAction\":[{\"@type\":\"CommentAction\",\"name\":\"Comment\",\"target\":[\"https:\/\/www.mein-tagwerk.de\/tagwerk\/verpflegungspauschale\/#respond\"]}]},{\"@type\":\"WebPage\",\"@id\":\"https:\/\/www.mein-tagwerk.de\/tagwerk\/verpflegungspauschale\/\",\"url\":\"https:\/\/www.mein-tagwerk.de\/tagwerk\/verpflegungspauschale\/\",\"name\":\"Verpflegungspauschale \u2013 Steuerliche \u00c4nderungen 2015 | meintagwerk\",\"isPartOf\":{\"@id\":\"https:\/\/www.mein-tagwerk.de\/tagwerk\/#website\"},\"datePublished\":\"2015-02-28T22:30:41+00:00\",\"dateModified\":\"2015-02-28T22:30:41+00:00\",\"description\":\"Verpflegungspauschale, steuerliche Neuregelungen 2015. Tipps von unserer Buchhaltungsexpertin Kira Felst zu Verpflegungspauschale, steuerfreie Leistungen etc.\",\"breadcrumb\":{\"@id\":\"https:\/\/www.mein-tagwerk.de\/tagwerk\/verpflegungspauschale\/#breadcrumb\"},\"inLanguage\":\"de\",\"potentialAction\":[{\"@type\":\"ReadAction\",\"target\":[\"https:\/\/www.mein-tagwerk.de\/tagwerk\/verpflegungspauschale\/\"]}]},{\"@type\":\"BreadcrumbList\",\"@id\":\"https:\/\/www.mein-tagwerk.de\/tagwerk\/verpflegungspauschale\/#breadcrumb\",\"itemListElement\":[{\"@type\":\"ListItem\",\"position\":1,\"name\":\"Home\",\"item\":\"https:\/\/www.mein-tagwerk.de\/tagwerk\/\"},{\"@type\":\"ListItem\",\"position\":2,\"name\":\"Verpflegungspauschale \u2013 Steuerliche \u00c4nderungen 2015\"}]},{\"@type\":\"WebSite\",\"@id\":\"https:\/\/www.mein-tagwerk.de\/tagwerk\/#website\",\"url\":\"https:\/\/www.mein-tagwerk.de\/tagwerk\/\",\"name\":\"meintagwerk\",\"description\":\"Online Buchhaltung f\u00fcr Freiberufler, Freelancer und Selbst\u00e4ndige\",\"publisher\":{\"@id\":\"https:\/\/www.mein-tagwerk.de\/tagwerk\/#organization\"},\"potentialAction\":[{\"@type\":\"SearchAction\",\"target\":{\"@type\":\"EntryPoint\",\"urlTemplate\":\"https:\/\/www.mein-tagwerk.de\/tagwerk\/?s={search_term_string}\"},\"query-input\":\"required name=search_term_string\"}],\"inLanguage\":\"de\"},{\"@type\":\"Organization\",\"@id\":\"https:\/\/www.mein-tagwerk.de\/tagwerk\/#organization\",\"name\":\"tagwerk\",\"url\":\"https:\/\/www.mein-tagwerk.de\/tagwerk\/\",\"logo\":{\"@type\":\"ImageObject\",\"inLanguage\":\"de\",\"@id\":\"https:\/\/www.mein-tagwerk.de\/tagwerk\/#\/schema\/logo\/image\/\",\"url\":\"https:\/\/www.mein-tagwerk.de\/tagwerk\/wp-content\/uploads\/2013\/08\/130611_logo-tagwerk-corporate.png\",\"contentUrl\":\"https:\/\/www.mein-tagwerk.de\/tagwerk\/wp-content\/uploads\/2013\/08\/130611_logo-tagwerk-corporate.png\",\"width\":328,\"height\":140,\"caption\":\"tagwerk\"},\"image\":{\"@id\":\"https:\/\/www.mein-tagwerk.de\/tagwerk\/#\/schema\/logo\/image\/\"}},{\"@type\":\"Person\",\"@id\":\"https:\/\/www.mein-tagwerk.de\/tagwerk\/#\/schema\/person\/5c6c50524331b9ca16414f729b74d8e4\",\"name\":\"Kira Felst\",\"image\":{\"@type\":\"ImageObject\",\"inLanguage\":\"de\",\"@id\":\"https:\/\/www.mein-tagwerk.de\/tagwerk\/#\/schema\/person\/image\/\",\"url\":\"https:\/\/www.mein-tagwerk.de\/tagwerk\/wp-content\/uploads\/2015\/02\/Kira-Felst-96x96.png\",\"contentUrl\":\"https:\/\/www.mein-tagwerk.de\/tagwerk\/wp-content\/uploads\/2015\/02\/Kira-Felst-96x96.png\",\"caption\":\"Kira Felst\"},\"url\":\"https:\/\/www.mein-tagwerk.de\/tagwerk\/author\/felst2012\/\"}]}<\/script>\n<!-- \/ Yoast SEO plugin. -->","yoast_head_json":{"title":"Verpflegungspauschale \u2013 Steuerliche \u00c4nderungen 2015 | meintagwerk","description":"Verpflegungspauschale, steuerliche Neuregelungen 2015. Tipps von unserer Buchhaltungsexpertin Kira Felst zu Verpflegungspauschale, steuerfreie Leistungen etc.","robots":{"index":"index","follow":"follow","max-snippet":"max-snippet:-1","max-image-preview":"max-image-preview:large","max-video-preview":"max-video-preview:-1"},"canonical":"https:\/\/www.mein-tagwerk.de\/tagwerk\/verpflegungspauschale\/","og_locale":"de_DE","og_type":"article","og_title":"Verpflegungspauschale \u2013 Steuerliche \u00c4nderungen 2015 | meintagwerk","og_description":"Verpflegungspauschale, steuerliche Neuregelungen 2015. Tipps von unserer Buchhaltungsexpertin Kira Felst zu Verpflegungspauschale, steuerfreie Leistungen etc.","og_url":"https:\/\/www.mein-tagwerk.de\/tagwerk\/verpflegungspauschale\/","og_site_name":"meintagwerk","article_published_time":"2015-02-28T22:30:41+00:00","og_image":[{"width":800,"height":486,"url":"https:\/\/www.mein-tagwerk.de\/tagwerk\/wp-content\/uploads\/2015\/02\/Verpflegungspauschale.png","type":"image\/png"}],"author":"Kira Felst","twitter_card":"summary_large_image","twitter_misc":{"Verfasst von":"Kira Felst","Gesch\u00e4tzte Lesezeit":"2\u00a0Minuten"},"schema":{"@context":"https:\/\/schema.org","@graph":[{"@type":"Article","@id":"https:\/\/www.mein-tagwerk.de\/tagwerk\/verpflegungspauschale\/#article","isPartOf":{"@id":"https:\/\/www.mein-tagwerk.de\/tagwerk\/verpflegungspauschale\/"},"author":{"name":"Kira Felst","@id":"https:\/\/www.mein-tagwerk.de\/tagwerk\/#\/schema\/person\/5c6c50524331b9ca16414f729b74d8e4"},"headline":"Verpflegungspauschale \u2013 Steuerliche \u00c4nderungen 2015","datePublished":"2015-02-28T22:30:41+00:00","dateModified":"2015-02-28T22:30:41+00:00","mainEntityOfPage":{"@id":"https:\/\/www.mein-tagwerk.de\/tagwerk\/verpflegungspauschale\/"},"wordCount":499,"commentCount":0,"publisher":{"@id":"https:\/\/www.mein-tagwerk.de\/tagwerk\/#organization"},"articleSection":["3 tagwerktipps"],"inLanguage":"de","potentialAction":[{"@type":"CommentAction","name":"Comment","target":["https:\/\/www.mein-tagwerk.de\/tagwerk\/verpflegungspauschale\/#respond"]}]},{"@type":"WebPage","@id":"https:\/\/www.mein-tagwerk.de\/tagwerk\/verpflegungspauschale\/","url":"https:\/\/www.mein-tagwerk.de\/tagwerk\/verpflegungspauschale\/","name":"Verpflegungspauschale \u2013 Steuerliche \u00c4nderungen 2015 | meintagwerk","isPartOf":{"@id":"https:\/\/www.mein-tagwerk.de\/tagwerk\/#website"},"datePublished":"2015-02-28T22:30:41+00:00","dateModified":"2015-02-28T22:30:41+00:00","description":"Verpflegungspauschale, steuerliche Neuregelungen 2015. Tipps von unserer Buchhaltungsexpertin Kira Felst zu Verpflegungspauschale, steuerfreie Leistungen etc.","breadcrumb":{"@id":"https:\/\/www.mein-tagwerk.de\/tagwerk\/verpflegungspauschale\/#breadcrumb"},"inLanguage":"de","potentialAction":[{"@type":"ReadAction","target":["https:\/\/www.mein-tagwerk.de\/tagwerk\/verpflegungspauschale\/"]}]},{"@type":"BreadcrumbList","@id":"https:\/\/www.mein-tagwerk.de\/tagwerk\/verpflegungspauschale\/#breadcrumb","itemListElement":[{"@type":"ListItem","position":1,"name":"Home","item":"https:\/\/www.mein-tagwerk.de\/tagwerk\/"},{"@type":"ListItem","position":2,"name":"Verpflegungspauschale \u2013 Steuerliche \u00c4nderungen 2015"}]},{"@type":"WebSite","@id":"https:\/\/www.mein-tagwerk.de\/tagwerk\/#website","url":"https:\/\/www.mein-tagwerk.de\/tagwerk\/","name":"meintagwerk","description":"Online Buchhaltung f\u00fcr Freiberufler, Freelancer und Selbst\u00e4ndige","publisher":{"@id":"https:\/\/www.mein-tagwerk.de\/tagwerk\/#organization"},"potentialAction":[{"@type":"SearchAction","target":{"@type":"EntryPoint","urlTemplate":"https:\/\/www.mein-tagwerk.de\/tagwerk\/?s={search_term_string}"},"query-input":"required name=search_term_string"}],"inLanguage":"de"},{"@type":"Organization","@id":"https:\/\/www.mein-tagwerk.de\/tagwerk\/#organization","name":"tagwerk","url":"https:\/\/www.mein-tagwerk.de\/tagwerk\/","logo":{"@type":"ImageObject","inLanguage":"de","@id":"https:\/\/www.mein-tagwerk.de\/tagwerk\/#\/schema\/logo\/image\/","url":"https:\/\/www.mein-tagwerk.de\/tagwerk\/wp-content\/uploads\/2013\/08\/130611_logo-tagwerk-corporate.png","contentUrl":"https:\/\/www.mein-tagwerk.de\/tagwerk\/wp-content\/uploads\/2013\/08\/130611_logo-tagwerk-corporate.png","width":328,"height":140,"caption":"tagwerk"},"image":{"@id":"https:\/\/www.mein-tagwerk.de\/tagwerk\/#\/schema\/logo\/image\/"}},{"@type":"Person","@id":"https:\/\/www.mein-tagwerk.de\/tagwerk\/#\/schema\/person\/5c6c50524331b9ca16414f729b74d8e4","name":"Kira Felst","image":{"@type":"ImageObject","inLanguage":"de","@id":"https:\/\/www.mein-tagwerk.de\/tagwerk\/#\/schema\/person\/image\/","url":"https:\/\/www.mein-tagwerk.de\/tagwerk\/wp-content\/uploads\/2015\/02\/Kira-Felst-96x96.png","contentUrl":"https:\/\/www.mein-tagwerk.de\/tagwerk\/wp-content\/uploads\/2015\/02\/Kira-Felst-96x96.png","caption":"Kira Felst"},"url":"https:\/\/www.mein-tagwerk.de\/tagwerk\/author\/felst2012\/"}]}},"_links":{"self":[{"href":"https:\/\/www.mein-tagwerk.de\/tagwerk\/wp-json\/wp\/v2\/posts\/3043"}],"collection":[{"href":"https:\/\/www.mein-tagwerk.de\/tagwerk\/wp-json\/wp\/v2\/posts"}],"about":[{"href":"https:\/\/www.mein-tagwerk.de\/tagwerk\/wp-json\/wp\/v2\/types\/post"}],"author":[{"embeddable":true,"href":"https:\/\/www.mein-tagwerk.de\/tagwerk\/wp-json\/wp\/v2\/users\/6"}],"replies":[{"embeddable":true,"href":"https:\/\/www.mein-tagwerk.de\/tagwerk\/wp-json\/wp\/v2\/comments?post=3043"}],"version-history":[{"count":0,"href":"https:\/\/www.mein-tagwerk.de\/tagwerk\/wp-json\/wp\/v2\/posts\/3043\/revisions"}],"wp:featuredmedia":[{"embeddable":true,"href":"https:\/\/www.mein-tagwerk.de\/tagwerk\/wp-json\/wp\/v2\/media\/3045"}],"wp:attachment":[{"href":"https:\/\/www.mein-tagwerk.de\/tagwerk\/wp-json\/wp\/v2\/media?parent=3043"}],"wp:term":[{"taxonomy":"category","embeddable":true,"href":"https:\/\/www.mein-tagwerk.de\/tagwerk\/wp-json\/wp\/v2\/categories?post=3043"},{"taxonomy":"post_tag","embeddable":true,"href":"https:\/\/www.mein-tagwerk.de\/tagwerk\/wp-json\/wp\/v2\/tags?post=3043"}],"curies":[{"name":"wp","href":"https:\/\/api.w.org\/{rel}","templated":true}]}}