{"id":319,"date":"2011-02-17T07:31:33","date_gmt":"2011-02-17T06:31:33","guid":{"rendered":"http:\/\/tagwerkblog.net\/?p=319"},"modified":"2011-02-17T07:31:33","modified_gmt":"2011-02-17T06:31:33","slug":"warum-sollte-ein-freelancer-seine-arbeitszeiten-erfassen","status":"publish","type":"post","link":"https:\/\/www.mein-tagwerk.de\/tagwerk\/warum-sollte-ein-freelancer-seine-arbeitszeiten-erfassen\/","title":{"rendered":"Warum sollte ein Freelancer seine Arbeitszeiten erfassen?"},"content":{"rendered":"<p>Arbeitszeiten sind in Deutschland immer wieder hei\u00df diskutiert worden \u2013 40 Stunden \/ 35 Stunden, Rechtsanspruch auf Teilzeit, \u00dcberstunden und so weiter. F\u00fcr mich als Freiberufler ist die Diskussion nicht so interessant. Ich bin frei, wie aus dem Wort unschwer zu erkennen ist und ich arbeite einfach so. Niemand kann oder darf mir vorschreiben, wieviel ich zu arbeiten habe. Ich fange also irgendwann an, mache dann Pause so lange ich Lust habe, hole zwischendurch die Kinder von der Kita ab und setze mich oft abends nochmal dran. Mit Laptop und Handy trage ich mein B\u00fcro mit mir, die Grenzen zwischen Arbeit und Privatleben verschwimmen.<\/p>\n<div id=\"attachment_321\" style=\"width: 465px\" class=\"wp-caption aligncenter\"><a href=\"http:\/\/portwich.files.wordpress.com\/2011\/02\/zeit.jpg\" rel='prettyPhoto'><img loading=\"lazy\" decoding=\"async\" aria-describedby=\"caption-attachment-321\" class=\"size-full wp-image-321\" title=\"Zeit\" alt=\"Zeit f\u00fcr Pausen sollte bleiben\" src=\"http:\/\/portwich.files.wordpress.com\/2011\/02\/zeit.jpg\" height=\"191\" width=\"455\" \/><\/a><p id=\"caption-attachment-321\" class=\"wp-caption-text\">Zeit f\u00fcr Pausen sollte bleiben<\/p><\/div>\n<p>Aber wieviel ich an einem Tag arbeite, wei\u00df ich nicht so genau. So um acht Stunden zwischen sechs Uhr morgens und elf Uhr abends, oder neun, oder doch nur sieben? Gestern zum Beispiel habe ich, oder nein, das war vorgestern, gestern hatte ich doch \u2013 vergessen. Ich wei\u00df es einfach nicht mehr. Was letzte Woche war, verschwimmt dann schon ganz in dem Nebel, in dem auch schon der Januar, das letzte Jahr und noch so manches andere liegt.<\/p>\n<p>Klare Kante \u2013 ich mu\u00df mir meine Arbeitszeiten aufschreiben, damit ich nicht den \u00dcberblick verliere. \u00dcberblick ist immer gut. Da steht man auf einem erh\u00f6hter Position und schaut \u00fcber etwas dr\u00fcber und sieht dann, da\u00df die Zeit vergangen ist? Dazu brauche ich keine Zeiterfassung. Also \u2013 \u201eWarum sollte ein Freelancer seine Arbeitszeiten erfassen?\u201c.<\/p>\n<p>Meine Antwort darauf ist \u201eDamit er wei\u00df, was er verdient!\u201c. Das l\u00e4\u00dft sich im Prinzip ganz einfach ausrechnen \u2013 eingenommenes Geld geteilt durch gearbeitete Stunde. Das Ergebnis ist dann der Stundenlohn. Dies geht aber nur, wenn die Zeiterfassung mit der Buchhaltung gekoppelt wird. Weder eine Zeiterfassung f\u00fcr sich alleine noch irgendein anderes Tool wie z.B. Projektmanagement wird diese Aussage liefern k\u00f6nnen. Nur wenn Zeiten, Kosten und Rechnungen in einem System gemeinsam erstellt und verwaltet werden, ist eine Rechnung zur Wirtschaftlichkeit m\u00f6glich. Leider habe ich kein Werkzeug gefunden, da\u00df dies \u00fcberzeugend gel\u00f6st hat. Nun werden wir das Problem mit tagwerk l\u00f6sen.<\/p>\n<p>Hier ein ganz einfaches Beispiel: Die Einnahmen aus dem Blog geteilt durch die Zeit f\u00fcr das Schreiben ergeben \u2013 0 Euro.<\/p>\n","protected":false},"excerpt":{"rendered":"<p>Arbeitszeiten sind in Deutschland immer wieder hei\u00df diskutiert worden \u2013 40 Stunden \/ 35 Stunden, Rechtsanspruch auf Teilzeit, \u00dcberstunden und so weiter. F\u00fcr mich als Freiberufler ist die Diskussion nicht so interessant. Ich bin frei, wie aus dem Wort unschwer zu erkennen ist und ich arbeite einfach so. Niemand kann oder darf mir vorschreiben, wieviel [&#038;hellip<\/p>\n","protected":false},"author":2,"featured_media":0,"comment_status":"open","ping_status":"open","sticky":false,"template":"","format":"standard","meta":{"footnotes":""},"categories":[4,5,10],"tags":[19,162,164,189,353,384,434,445],"yoast_head":"<!-- This site is optimized with the Yoast SEO plugin v20.4 - https:\/\/yoast.com\/wordpress\/plugins\/seo\/ -->\n<title>Warum sollte ein Freelancer seine Arbeitszeiten erfassen? | meintagwerk<\/title>\n<meta name=\"robots\" content=\"index, follow, max-snippet:-1, max-image-preview:large, max-video-preview:-1\" \/>\n<link rel=\"canonical\" href=\"https:\/\/www.mein-tagwerk.de\/tagwerk\/warum-sollte-ein-freelancer-seine-arbeitszeiten-erfassen\/\" \/>\n<meta property=\"og:locale\" content=\"de_DE\" \/>\n<meta property=\"og:type\" content=\"article\" \/>\n<meta property=\"og:title\" content=\"Warum sollte ein Freelancer seine Arbeitszeiten erfassen? | meintagwerk\" \/>\n<meta property=\"og:description\" content=\"Arbeitszeiten sind in Deutschland immer wieder hei\u00df diskutiert worden \u2013 40 Stunden \/ 35 Stunden, Rechtsanspruch auf Teilzeit, \u00dcberstunden und so weiter. F\u00fcr mich als Freiberufler ist die Diskussion nicht so interessant. Ich bin frei, wie aus dem Wort unschwer zu erkennen ist und ich arbeite einfach so. Niemand kann oder darf mir vorschreiben, wieviel [&amp;hellip\" \/>\n<meta property=\"og:url\" content=\"https:\/\/www.mein-tagwerk.de\/tagwerk\/warum-sollte-ein-freelancer-seine-arbeitszeiten-erfassen\/\" \/>\n<meta property=\"og:site_name\" content=\"meintagwerk\" \/>\n<meta property=\"article:published_time\" content=\"2011-02-17T06:31:33+00:00\" \/>\n<meta property=\"og:image\" content=\"http:\/\/portwich.files.wordpress.com\/2011\/02\/zeit.jpg\" \/>\n<meta name=\"author\" content=\"mein-tagwerk\" \/>\n<meta name=\"twitter:card\" content=\"summary_large_image\" \/>\n<meta name=\"twitter:label1\" content=\"Verfasst von\" \/>\n\t<meta name=\"twitter:data1\" content=\"mein-tagwerk\" \/>\n\t<meta name=\"twitter:label2\" content=\"Gesch\u00e4tzte Lesezeit\" \/>\n\t<meta name=\"twitter:data2\" content=\"2\u00a0Minuten\" \/>\n<script type=\"application\/ld+json\" class=\"yoast-schema-graph\">{\"@context\":\"https:\/\/schema.org\",\"@graph\":[{\"@type\":\"Article\",\"@id\":\"https:\/\/www.mein-tagwerk.de\/tagwerk\/warum-sollte-ein-freelancer-seine-arbeitszeiten-erfassen\/#article\",\"isPartOf\":{\"@id\":\"https:\/\/www.mein-tagwerk.de\/tagwerk\/warum-sollte-ein-freelancer-seine-arbeitszeiten-erfassen\/\"},\"author\":{\"name\":\"mein-tagwerk\",\"@id\":\"https:\/\/www.mein-tagwerk.de\/tagwerk\/#\/schema\/person\/2379d1f72432a2dc68c89810b9ec6cd8\"},\"headline\":\"Warum sollte ein Freelancer seine Arbeitszeiten erfassen?\",\"datePublished\":\"2011-02-17T06:31:33+00:00\",\"dateModified\":\"2011-02-17T06:31:33+00:00\",\"mainEntityOfPage\":{\"@id\":\"https:\/\/www.mein-tagwerk.de\/tagwerk\/warum-sollte-ein-freelancer-seine-arbeitszeiten-erfassen\/\"},\"wordCount\":378,\"commentCount\":0,\"publisher\":{\"@id\":\"https:\/\/www.mein-tagwerk.de\/tagwerk\/#organization\"},\"keywords\":[\"9 Beitr\u00e4ge, Ideen, Tr\u00e4umereien\",\"Freelancer\",\"Freiberufler\",\"Gr\u00fcnder\",\"Software\",\"tagwerk\",\"Wirtschaft\",\"Zeiterfassung\"],\"articleSection\":[\"3 tagwerktipps\",\"4 tagwerkteam\",\"9 Beitr\u00e4ge, Ideen, Tr\u00e4umereien\"],\"inLanguage\":\"de\",\"potentialAction\":[{\"@type\":\"CommentAction\",\"name\":\"Comment\",\"target\":[\"https:\/\/www.mein-tagwerk.de\/tagwerk\/warum-sollte-ein-freelancer-seine-arbeitszeiten-erfassen\/#respond\"]}]},{\"@type\":\"WebPage\",\"@id\":\"https:\/\/www.mein-tagwerk.de\/tagwerk\/warum-sollte-ein-freelancer-seine-arbeitszeiten-erfassen\/\",\"url\":\"https:\/\/www.mein-tagwerk.de\/tagwerk\/warum-sollte-ein-freelancer-seine-arbeitszeiten-erfassen\/\",\"name\":\"Warum sollte ein Freelancer seine Arbeitszeiten erfassen? | meintagwerk\",\"isPartOf\":{\"@id\":\"https:\/\/www.mein-tagwerk.de\/tagwerk\/#website\"},\"datePublished\":\"2011-02-17T06:31:33+00:00\",\"dateModified\":\"2011-02-17T06:31:33+00:00\",\"breadcrumb\":{\"@id\":\"https:\/\/www.mein-tagwerk.de\/tagwerk\/warum-sollte-ein-freelancer-seine-arbeitszeiten-erfassen\/#breadcrumb\"},\"inLanguage\":\"de\",\"potentialAction\":[{\"@type\":\"ReadAction\",\"target\":[\"https:\/\/www.mein-tagwerk.de\/tagwerk\/warum-sollte-ein-freelancer-seine-arbeitszeiten-erfassen\/\"]}]},{\"@type\":\"BreadcrumbList\",\"@id\":\"https:\/\/www.mein-tagwerk.de\/tagwerk\/warum-sollte-ein-freelancer-seine-arbeitszeiten-erfassen\/#breadcrumb\",\"itemListElement\":[{\"@type\":\"ListItem\",\"position\":1,\"name\":\"Home\",\"item\":\"https:\/\/www.mein-tagwerk.de\/tagwerk\/\"},{\"@type\":\"ListItem\",\"position\":2,\"name\":\"Warum sollte ein Freelancer seine Arbeitszeiten erfassen?\"}]},{\"@type\":\"WebSite\",\"@id\":\"https:\/\/www.mein-tagwerk.de\/tagwerk\/#website\",\"url\":\"https:\/\/www.mein-tagwerk.de\/tagwerk\/\",\"name\":\"meintagwerk\",\"description\":\"Online Buchhaltung f\u00fcr Freiberufler, Freelancer und Selbst\u00e4ndige\",\"publisher\":{\"@id\":\"https:\/\/www.mein-tagwerk.de\/tagwerk\/#organization\"},\"potentialAction\":[{\"@type\":\"SearchAction\",\"target\":{\"@type\":\"EntryPoint\",\"urlTemplate\":\"https:\/\/www.mein-tagwerk.de\/tagwerk\/?s={search_term_string}\"},\"query-input\":\"required name=search_term_string\"}],\"inLanguage\":\"de\"},{\"@type\":\"Organization\",\"@id\":\"https:\/\/www.mein-tagwerk.de\/tagwerk\/#organization\",\"name\":\"tagwerk\",\"url\":\"https:\/\/www.mein-tagwerk.de\/tagwerk\/\",\"logo\":{\"@type\":\"ImageObject\",\"inLanguage\":\"de\",\"@id\":\"https:\/\/www.mein-tagwerk.de\/tagwerk\/#\/schema\/logo\/image\/\",\"url\":\"https:\/\/www.mein-tagwerk.de\/tagwerk\/wp-content\/uploads\/2013\/08\/130611_logo-tagwerk-corporate.png\",\"contentUrl\":\"https:\/\/www.mein-tagwerk.de\/tagwerk\/wp-content\/uploads\/2013\/08\/130611_logo-tagwerk-corporate.png\",\"width\":328,\"height\":140,\"caption\":\"tagwerk\"},\"image\":{\"@id\":\"https:\/\/www.mein-tagwerk.de\/tagwerk\/#\/schema\/logo\/image\/\"}},{\"@type\":\"Person\",\"@id\":\"https:\/\/www.mein-tagwerk.de\/tagwerk\/#\/schema\/person\/2379d1f72432a2dc68c89810b9ec6cd8\",\"name\":\"mein-tagwerk\",\"image\":{\"@type\":\"ImageObject\",\"inLanguage\":\"de\",\"@id\":\"https:\/\/www.mein-tagwerk.de\/tagwerk\/#\/schema\/person\/image\/\",\"url\":\"https:\/\/secure.gravatar.com\/avatar\/e595fd542c69190f17918a1e8d51e20c?s=96&d=mm&r=g\",\"contentUrl\":\"https:\/\/secure.gravatar.com\/avatar\/e595fd542c69190f17918a1e8d51e20c?s=96&d=mm&r=g\",\"caption\":\"mein-tagwerk\"},\"url\":\"https:\/\/www.mein-tagwerk.de\/tagwerk\/author\/mein-tagwerk\/\"}]}<\/script>\n<!-- \/ Yoast SEO plugin. -->","yoast_head_json":{"title":"Warum sollte ein Freelancer seine Arbeitszeiten erfassen? | meintagwerk","robots":{"index":"index","follow":"follow","max-snippet":"max-snippet:-1","max-image-preview":"max-image-preview:large","max-video-preview":"max-video-preview:-1"},"canonical":"https:\/\/www.mein-tagwerk.de\/tagwerk\/warum-sollte-ein-freelancer-seine-arbeitszeiten-erfassen\/","og_locale":"de_DE","og_type":"article","og_title":"Warum sollte ein Freelancer seine Arbeitszeiten erfassen? | meintagwerk","og_description":"Arbeitszeiten sind in Deutschland immer wieder hei\u00df diskutiert worden \u2013 40 Stunden \/ 35 Stunden, Rechtsanspruch auf Teilzeit, \u00dcberstunden und so weiter. F\u00fcr mich als Freiberufler ist die Diskussion nicht so interessant. Ich bin frei, wie aus dem Wort unschwer zu erkennen ist und ich arbeite einfach so. Niemand kann oder darf mir vorschreiben, wieviel [&hellip","og_url":"https:\/\/www.mein-tagwerk.de\/tagwerk\/warum-sollte-ein-freelancer-seine-arbeitszeiten-erfassen\/","og_site_name":"meintagwerk","article_published_time":"2011-02-17T06:31:33+00:00","og_image":[{"url":"http:\/\/portwich.files.wordpress.com\/2011\/02\/zeit.jpg"}],"author":"mein-tagwerk","twitter_card":"summary_large_image","twitter_misc":{"Verfasst von":"mein-tagwerk","Gesch\u00e4tzte Lesezeit":"2\u00a0Minuten"},"schema":{"@context":"https:\/\/schema.org","@graph":[{"@type":"Article","@id":"https:\/\/www.mein-tagwerk.de\/tagwerk\/warum-sollte-ein-freelancer-seine-arbeitszeiten-erfassen\/#article","isPartOf":{"@id":"https:\/\/www.mein-tagwerk.de\/tagwerk\/warum-sollte-ein-freelancer-seine-arbeitszeiten-erfassen\/"},"author":{"name":"mein-tagwerk","@id":"https:\/\/www.mein-tagwerk.de\/tagwerk\/#\/schema\/person\/2379d1f72432a2dc68c89810b9ec6cd8"},"headline":"Warum sollte ein Freelancer seine Arbeitszeiten erfassen?","datePublished":"2011-02-17T06:31:33+00:00","dateModified":"2011-02-17T06:31:33+00:00","mainEntityOfPage":{"@id":"https:\/\/www.mein-tagwerk.de\/tagwerk\/warum-sollte-ein-freelancer-seine-arbeitszeiten-erfassen\/"},"wordCount":378,"commentCount":0,"publisher":{"@id":"https:\/\/www.mein-tagwerk.de\/tagwerk\/#organization"},"keywords":["9 Beitr\u00e4ge, Ideen, Tr\u00e4umereien","Freelancer","Freiberufler","Gr\u00fcnder","Software","tagwerk","Wirtschaft","Zeiterfassung"],"articleSection":["3 tagwerktipps","4 tagwerkteam","9 Beitr\u00e4ge, Ideen, Tr\u00e4umereien"],"inLanguage":"de","potentialAction":[{"@type":"CommentAction","name":"Comment","target":["https:\/\/www.mein-tagwerk.de\/tagwerk\/warum-sollte-ein-freelancer-seine-arbeitszeiten-erfassen\/#respond"]}]},{"@type":"WebPage","@id":"https:\/\/www.mein-tagwerk.de\/tagwerk\/warum-sollte-ein-freelancer-seine-arbeitszeiten-erfassen\/","url":"https:\/\/www.mein-tagwerk.de\/tagwerk\/warum-sollte-ein-freelancer-seine-arbeitszeiten-erfassen\/","name":"Warum sollte ein Freelancer seine Arbeitszeiten erfassen? | meintagwerk","isPartOf":{"@id":"https:\/\/www.mein-tagwerk.de\/tagwerk\/#website"},"datePublished":"2011-02-17T06:31:33+00:00","dateModified":"2011-02-17T06:31:33+00:00","breadcrumb":{"@id":"https:\/\/www.mein-tagwerk.de\/tagwerk\/warum-sollte-ein-freelancer-seine-arbeitszeiten-erfassen\/#breadcrumb"},"inLanguage":"de","potentialAction":[{"@type":"ReadAction","target":["https:\/\/www.mein-tagwerk.de\/tagwerk\/warum-sollte-ein-freelancer-seine-arbeitszeiten-erfassen\/"]}]},{"@type":"BreadcrumbList","@id":"https:\/\/www.mein-tagwerk.de\/tagwerk\/warum-sollte-ein-freelancer-seine-arbeitszeiten-erfassen\/#breadcrumb","itemListElement":[{"@type":"ListItem","position":1,"name":"Home","item":"https:\/\/www.mein-tagwerk.de\/tagwerk\/"},{"@type":"ListItem","position":2,"name":"Warum sollte ein Freelancer seine Arbeitszeiten erfassen?"}]},{"@type":"WebSite","@id":"https:\/\/www.mein-tagwerk.de\/tagwerk\/#website","url":"https:\/\/www.mein-tagwerk.de\/tagwerk\/","name":"meintagwerk","description":"Online Buchhaltung f\u00fcr Freiberufler, Freelancer und Selbst\u00e4ndige","publisher":{"@id":"https:\/\/www.mein-tagwerk.de\/tagwerk\/#organization"},"potentialAction":[{"@type":"SearchAction","target":{"@type":"EntryPoint","urlTemplate":"https:\/\/www.mein-tagwerk.de\/tagwerk\/?s={search_term_string}"},"query-input":"required name=search_term_string"}],"inLanguage":"de"},{"@type":"Organization","@id":"https:\/\/www.mein-tagwerk.de\/tagwerk\/#organization","name":"tagwerk","url":"https:\/\/www.mein-tagwerk.de\/tagwerk\/","logo":{"@type":"ImageObject","inLanguage":"de","@id":"https:\/\/www.mein-tagwerk.de\/tagwerk\/#\/schema\/logo\/image\/","url":"https:\/\/www.mein-tagwerk.de\/tagwerk\/wp-content\/uploads\/2013\/08\/130611_logo-tagwerk-corporate.png","contentUrl":"https:\/\/www.mein-tagwerk.de\/tagwerk\/wp-content\/uploads\/2013\/08\/130611_logo-tagwerk-corporate.png","width":328,"height":140,"caption":"tagwerk"},"image":{"@id":"https:\/\/www.mein-tagwerk.de\/tagwerk\/#\/schema\/logo\/image\/"}},{"@type":"Person","@id":"https:\/\/www.mein-tagwerk.de\/tagwerk\/#\/schema\/person\/2379d1f72432a2dc68c89810b9ec6cd8","name":"mein-tagwerk","image":{"@type":"ImageObject","inLanguage":"de","@id":"https:\/\/www.mein-tagwerk.de\/tagwerk\/#\/schema\/person\/image\/","url":"https:\/\/secure.gravatar.com\/avatar\/e595fd542c69190f17918a1e8d51e20c?s=96&d=mm&r=g","contentUrl":"https:\/\/secure.gravatar.com\/avatar\/e595fd542c69190f17918a1e8d51e20c?s=96&d=mm&r=g","caption":"mein-tagwerk"},"url":"https:\/\/www.mein-tagwerk.de\/tagwerk\/author\/mein-tagwerk\/"}]}},"_links":{"self":[{"href":"https:\/\/www.mein-tagwerk.de\/tagwerk\/wp-json\/wp\/v2\/posts\/319"}],"collection":[{"href":"https:\/\/www.mein-tagwerk.de\/tagwerk\/wp-json\/wp\/v2\/posts"}],"about":[{"href":"https:\/\/www.mein-tagwerk.de\/tagwerk\/wp-json\/wp\/v2\/types\/post"}],"author":[{"embeddable":true,"href":"https:\/\/www.mein-tagwerk.de\/tagwerk\/wp-json\/wp\/v2\/users\/2"}],"replies":[{"embeddable":true,"href":"https:\/\/www.mein-tagwerk.de\/tagwerk\/wp-json\/wp\/v2\/comments?post=319"}],"version-history":[{"count":0,"href":"https:\/\/www.mein-tagwerk.de\/tagwerk\/wp-json\/wp\/v2\/posts\/319\/revisions"}],"wp:attachment":[{"href":"https:\/\/www.mein-tagwerk.de\/tagwerk\/wp-json\/wp\/v2\/media?parent=319"}],"wp:term":[{"taxonomy":"category","embeddable":true,"href":"https:\/\/www.mein-tagwerk.de\/tagwerk\/wp-json\/wp\/v2\/categories?post=319"},{"taxonomy":"post_tag","embeddable":true,"href":"https:\/\/www.mein-tagwerk.de\/tagwerk\/wp-json\/wp\/v2\/tags?post=319"}],"curies":[{"name":"wp","href":"https:\/\/api.w.org\/{rel}","templated":true}]}}