{"id":365,"date":"2011-03-18T10:38:52","date_gmt":"2011-03-18T09:38:52","guid":{"rendered":"http:\/\/tagwerkblog.net\/?p=365"},"modified":"2011-03-18T10:38:52","modified_gmt":"2011-03-18T09:38:52","slug":"softwaredesign-ich-will-mir-weh-tun-ein-pladoyer-fur-mundigkeit","status":"publish","type":"post","link":"https:\/\/www.mein-tagwerk.de\/tagwerk\/softwaredesign-ich-will-mir-weh-tun-ein-pladoyer-fur-mundigkeit\/","title":{"rendered":"Softwaredesign \u2013 Ich will mir weh tun!"},"content":{"rendered":"<p>Heute habe ich mal wieder eine Tour mit dem Zug vor mir. Um sechs Uhr drei\u00dfig ist Abfahrt. Morgens habe ich dann die Wahl: entweder man steht knapp auf und mu\u00df hetzen oder aber man steht etwas fr\u00fcher auf, hat ein bi\u00dfchen mehr\u00a0 Zeit und am Ende mu\u00df man wirklich hetzen. In Ruhe einen Kaffee kaufen klappt jedenfalls nie. Mit Milch ist er dann auch noch zu voll, die Pappe ist nicht stabil und mir l\u00e4uft der Kaffee \u00fcber die Finger \u2013 \u201eWarnung \u2013 der Kaffee k\u00f6nnte hei\u00df sein\u201c \u2013 Danke f\u00fcr den Hinweis. Ich wei\u00df \u00fcber diesen Satz ist viel gelacht worden (von anderen) und noch mehr geschrieben. Dabei geht es viel um Bevormundung m\u00fcndiger B\u00fcrger bzw. den Schutz unm\u00fcndiger B\u00fcrger.\u00a0 Um Schadenersatz, Schuld und S\u00fchne und irgendwann um den Sinn des Lebens.<\/p>\n<p style=\"text-align:center;\">\n<div id=\"attachment_366\" style=\"width: 465px\" class=\"wp-caption aligncenter\"><a href=\"http:\/\/portwich.files.wordpress.com\/2011\/03\/p1060005_resize.jpg\" rel='prettyPhoto'><img loading=\"lazy\" decoding=\"async\" aria-describedby=\"caption-attachment-366\" class=\"size-full wp-image-366 \" title=\"Spielplatz\" alt=\"Transparente Regeln vereinfachen den Alltag\" src=\"http:\/\/portwich.files.wordpress.com\/2011\/03\/p1060005_resize.jpg\" height=\"341\" width=\"455\" srcset=\"https:\/\/www.mein-tagwerk.de\/tagwerk\/wp-content\/uploads\/2011\/03\/p1060005_resize.jpg 800w, https:\/\/www.mein-tagwerk.de\/tagwerk\/wp-content\/uploads\/2011\/03\/p1060005_resize-300x225.jpg 300w, https:\/\/www.mein-tagwerk.de\/tagwerk\/wp-content\/uploads\/2011\/03\/p1060005_resize-768x576.jpg 768w, https:\/\/www.mein-tagwerk.de\/tagwerk\/wp-content\/uploads\/2011\/03\/p1060005_resize-622x467.jpg 622w\" sizes=\"(max-width: 455px) 100vw, 455px\" \/><\/a><p id=\"caption-attachment-366\" class=\"wp-caption-text\">Transparente Regeln vereinfachen den Alltag<\/p><\/div>\n<p>Nur eins wird dabei vergessen. Ich will mir weh tun! Ich will nicht geg\u00e4ngelt werden, sondern meine eigene Entscheidung treffen \u2013 so falsch sie auch sein mag. Was hat das nun mit unserer Software zu tun? F\u00fcr die Software wechsle ich jetzt die Position. Ich bin nicht mehr der Mann, der mit verbr\u00fchten H\u00e4nden den Bahnsteig hinunter hetzt. Jetzt bin ich der Hersteller des Kaffeebechers, nur das wir nicht einen Beh\u00e4lter f\u00fcr Kaffee herstellen sondern f\u00fcr Daten. Und auch die kann man versch\u00fctten, also l\u00f6schen, kaputt spielen oder was auch immer. Und nun stehe ich vor dem Dilemma \u2013 soll ich den Kunden g\u00e4ngeln, die Daten sauber einschwei\u00dfen und staubdicht einpacken oder vertraue ich in die M\u00fcndigkeit der Kunden.<\/p>\n<p>Wie verschwei\u00dfe ich nun Daten. Nehmen wir zum Beispiel eine Rechnung. Darf man die, nach dem sie erstellt und verschickt wurde, noch bearbeiten? Damit kann der Anwender seine komplette Buchhaltung in Unordnung bringen. Zahlungseing\u00e4nge und Rechnungen stimmen nicht mehr \u00fcberein. Die Rechnung mu\u00df also sauber verschwei\u00dft werden.<\/p>\n<p>Wenn ich etwas repariere ist mir der unb\u00e4ndige Optimismus der Kinder geblieben, im Prinzip alles reparieren zu k\u00f6nnen. Also alles bis auf die paar Ausnahmen, die jetzt zerlegt und mittlerweile unvollst\u00e4ndig in irgendeiner dunklen Ecke lagern. Komplett verschwei\u00dfte Ger\u00e4te halten mich da auch nicht von meinem Reparaturdrang ab. Alles was man nicht aufschrauben kann, kann man immer noch aufbrechen. In jeden Schlitz l\u00e4\u00dft sich problemlos ein Schraubenzieher stecken und nach einem kurz knack ist das Ger\u00e4t irreversibel ge\u00f6ffnet. Von da an geht es nur noch vorw\u00e4rts und endet irgendwann im Elektronikmarkt.<\/p>\n<p>Aber wenn die Rechnung nun einen Fehler enth\u00e4lt? Die Rechnung nur deshalb nicht bezahlt werden kann, weil ein f\u00fcr die Buchhaltung des Kunden wichtige Buchungsnummer fehlt? \u2013 Was dann. Also wird das Geh\u00e4use doch verschraubt und nicht verschwei\u00dft. Unsere Kunden sind sicherlich m\u00fcndig \u2013 oder jedenfalls m\u00fcndiger als ich.<\/p>\n","protected":false},"excerpt":{"rendered":"<p>Heute habe ich mal wieder eine Tour mit dem Zug vor mir. Um sechs Uhr drei\u00dfig ist Abfahrt. Morgens habe ich dann die Wahl: entweder man steht knapp auf und mu\u00df hetzen oder aber man steht etwas fr\u00fcher auf, hat ein bi\u00dfchen mehr\u00a0 Zeit und am Ende mu\u00df man wirklich hetzen. In Ruhe einen Kaffee [&#038;hellip<\/p>\n","protected":false},"author":2,"featured_media":0,"comment_status":"open","ping_status":"open","sticky":false,"template":"","format":"standard","meta":{"footnotes":""},"categories":[5,10],"tags":[19],"yoast_head":"<!-- This site is optimized with the Yoast SEO plugin v20.4 - https:\/\/yoast.com\/wordpress\/plugins\/seo\/ -->\n<title>Softwaredesign \u2013 Ich will mir weh tun! | meintagwerk<\/title>\n<meta name=\"robots\" content=\"index, follow, max-snippet:-1, max-image-preview:large, max-video-preview:-1\" \/>\n<link rel=\"canonical\" href=\"https:\/\/www.mein-tagwerk.de\/tagwerk\/softwaredesign-ich-will-mir-weh-tun-ein-pladoyer-fur-mundigkeit\/\" \/>\n<meta property=\"og:locale\" content=\"de_DE\" \/>\n<meta property=\"og:type\" content=\"article\" \/>\n<meta property=\"og:title\" content=\"Softwaredesign \u2013 Ich will mir weh tun! | meintagwerk\" \/>\n<meta property=\"og:description\" content=\"Heute habe ich mal wieder eine Tour mit dem Zug vor mir. Um sechs Uhr drei\u00dfig ist Abfahrt. Morgens habe ich dann die Wahl: entweder man steht knapp auf und mu\u00df hetzen oder aber man steht etwas fr\u00fcher auf, hat ein bi\u00dfchen mehr\u00a0 Zeit und am Ende mu\u00df man wirklich hetzen. In Ruhe einen Kaffee [&amp;hellip\" \/>\n<meta property=\"og:url\" content=\"https:\/\/www.mein-tagwerk.de\/tagwerk\/softwaredesign-ich-will-mir-weh-tun-ein-pladoyer-fur-mundigkeit\/\" \/>\n<meta property=\"og:site_name\" content=\"meintagwerk\" \/>\n<meta property=\"article:published_time\" content=\"2011-03-18T09:38:52+00:00\" \/>\n<meta property=\"og:image\" content=\"http:\/\/portwich.files.wordpress.com\/2011\/03\/p1060005_resize.jpg\" \/>\n<meta name=\"author\" content=\"mein-tagwerk\" \/>\n<meta name=\"twitter:card\" content=\"summary_large_image\" \/>\n<meta name=\"twitter:label1\" content=\"Verfasst von\" \/>\n\t<meta name=\"twitter:data1\" content=\"mein-tagwerk\" \/>\n\t<meta name=\"twitter:label2\" content=\"Gesch\u00e4tzte Lesezeit\" \/>\n\t<meta name=\"twitter:data2\" content=\"2\u00a0Minuten\" \/>\n<script type=\"application\/ld+json\" class=\"yoast-schema-graph\">{\"@context\":\"https:\/\/schema.org\",\"@graph\":[{\"@type\":\"Article\",\"@id\":\"https:\/\/www.mein-tagwerk.de\/tagwerk\/softwaredesign-ich-will-mir-weh-tun-ein-pladoyer-fur-mundigkeit\/#article\",\"isPartOf\":{\"@id\":\"https:\/\/www.mein-tagwerk.de\/tagwerk\/softwaredesign-ich-will-mir-weh-tun-ein-pladoyer-fur-mundigkeit\/\"},\"author\":{\"name\":\"mein-tagwerk\",\"@id\":\"https:\/\/www.mein-tagwerk.de\/tagwerk\/#\/schema\/person\/2379d1f72432a2dc68c89810b9ec6cd8\"},\"headline\":\"Softwaredesign \u2013 Ich will mir weh tun!\",\"datePublished\":\"2011-03-18T09:38:52+00:00\",\"dateModified\":\"2011-03-18T09:38:52+00:00\",\"mainEntityOfPage\":{\"@id\":\"https:\/\/www.mein-tagwerk.de\/tagwerk\/softwaredesign-ich-will-mir-weh-tun-ein-pladoyer-fur-mundigkeit\/\"},\"wordCount\":492,\"commentCount\":0,\"publisher\":{\"@id\":\"https:\/\/www.mein-tagwerk.de\/tagwerk\/#organization\"},\"keywords\":[\"9 Beitr\u00e4ge, Ideen, Tr\u00e4umereien\"],\"articleSection\":[\"4 tagwerkteam\",\"9 Beitr\u00e4ge, Ideen, Tr\u00e4umereien\"],\"inLanguage\":\"de\",\"potentialAction\":[{\"@type\":\"CommentAction\",\"name\":\"Comment\",\"target\":[\"https:\/\/www.mein-tagwerk.de\/tagwerk\/softwaredesign-ich-will-mir-weh-tun-ein-pladoyer-fur-mundigkeit\/#respond\"]}]},{\"@type\":\"WebPage\",\"@id\":\"https:\/\/www.mein-tagwerk.de\/tagwerk\/softwaredesign-ich-will-mir-weh-tun-ein-pladoyer-fur-mundigkeit\/\",\"url\":\"https:\/\/www.mein-tagwerk.de\/tagwerk\/softwaredesign-ich-will-mir-weh-tun-ein-pladoyer-fur-mundigkeit\/\",\"name\":\"Softwaredesign \u2013 Ich will mir weh tun! | meintagwerk\",\"isPartOf\":{\"@id\":\"https:\/\/www.mein-tagwerk.de\/tagwerk\/#website\"},\"datePublished\":\"2011-03-18T09:38:52+00:00\",\"dateModified\":\"2011-03-18T09:38:52+00:00\",\"breadcrumb\":{\"@id\":\"https:\/\/www.mein-tagwerk.de\/tagwerk\/softwaredesign-ich-will-mir-weh-tun-ein-pladoyer-fur-mundigkeit\/#breadcrumb\"},\"inLanguage\":\"de\",\"potentialAction\":[{\"@type\":\"ReadAction\",\"target\":[\"https:\/\/www.mein-tagwerk.de\/tagwerk\/softwaredesign-ich-will-mir-weh-tun-ein-pladoyer-fur-mundigkeit\/\"]}]},{\"@type\":\"BreadcrumbList\",\"@id\":\"https:\/\/www.mein-tagwerk.de\/tagwerk\/softwaredesign-ich-will-mir-weh-tun-ein-pladoyer-fur-mundigkeit\/#breadcrumb\",\"itemListElement\":[{\"@type\":\"ListItem\",\"position\":1,\"name\":\"Home\",\"item\":\"https:\/\/www.mein-tagwerk.de\/tagwerk\/\"},{\"@type\":\"ListItem\",\"position\":2,\"name\":\"Softwaredesign \u2013 Ich will mir weh tun!\"}]},{\"@type\":\"WebSite\",\"@id\":\"https:\/\/www.mein-tagwerk.de\/tagwerk\/#website\",\"url\":\"https:\/\/www.mein-tagwerk.de\/tagwerk\/\",\"name\":\"meintagwerk\",\"description\":\"Online Buchhaltung f\u00fcr Freiberufler, Freelancer und Selbst\u00e4ndige\",\"publisher\":{\"@id\":\"https:\/\/www.mein-tagwerk.de\/tagwerk\/#organization\"},\"potentialAction\":[{\"@type\":\"SearchAction\",\"target\":{\"@type\":\"EntryPoint\",\"urlTemplate\":\"https:\/\/www.mein-tagwerk.de\/tagwerk\/?s={search_term_string}\"},\"query-input\":\"required name=search_term_string\"}],\"inLanguage\":\"de\"},{\"@type\":\"Organization\",\"@id\":\"https:\/\/www.mein-tagwerk.de\/tagwerk\/#organization\",\"name\":\"tagwerk\",\"url\":\"https:\/\/www.mein-tagwerk.de\/tagwerk\/\",\"logo\":{\"@type\":\"ImageObject\",\"inLanguage\":\"de\",\"@id\":\"https:\/\/www.mein-tagwerk.de\/tagwerk\/#\/schema\/logo\/image\/\",\"url\":\"https:\/\/www.mein-tagwerk.de\/tagwerk\/wp-content\/uploads\/2013\/08\/130611_logo-tagwerk-corporate.png\",\"contentUrl\":\"https:\/\/www.mein-tagwerk.de\/tagwerk\/wp-content\/uploads\/2013\/08\/130611_logo-tagwerk-corporate.png\",\"width\":328,\"height\":140,\"caption\":\"tagwerk\"},\"image\":{\"@id\":\"https:\/\/www.mein-tagwerk.de\/tagwerk\/#\/schema\/logo\/image\/\"}},{\"@type\":\"Person\",\"@id\":\"https:\/\/www.mein-tagwerk.de\/tagwerk\/#\/schema\/person\/2379d1f72432a2dc68c89810b9ec6cd8\",\"name\":\"mein-tagwerk\",\"image\":{\"@type\":\"ImageObject\",\"inLanguage\":\"de\",\"@id\":\"https:\/\/www.mein-tagwerk.de\/tagwerk\/#\/schema\/person\/image\/\",\"url\":\"https:\/\/secure.gravatar.com\/avatar\/e595fd542c69190f17918a1e8d51e20c?s=96&d=mm&r=g\",\"contentUrl\":\"https:\/\/secure.gravatar.com\/avatar\/e595fd542c69190f17918a1e8d51e20c?s=96&d=mm&r=g\",\"caption\":\"mein-tagwerk\"},\"url\":\"https:\/\/www.mein-tagwerk.de\/tagwerk\/author\/mein-tagwerk\/\"}]}<\/script>\n<!-- \/ Yoast SEO plugin. -->","yoast_head_json":{"title":"Softwaredesign \u2013 Ich will mir weh tun! | meintagwerk","robots":{"index":"index","follow":"follow","max-snippet":"max-snippet:-1","max-image-preview":"max-image-preview:large","max-video-preview":"max-video-preview:-1"},"canonical":"https:\/\/www.mein-tagwerk.de\/tagwerk\/softwaredesign-ich-will-mir-weh-tun-ein-pladoyer-fur-mundigkeit\/","og_locale":"de_DE","og_type":"article","og_title":"Softwaredesign \u2013 Ich will mir weh tun! | meintagwerk","og_description":"Heute habe ich mal wieder eine Tour mit dem Zug vor mir. Um sechs Uhr drei\u00dfig ist Abfahrt. Morgens habe ich dann die Wahl: entweder man steht knapp auf und mu\u00df hetzen oder aber man steht etwas fr\u00fcher auf, hat ein bi\u00dfchen mehr\u00a0 Zeit und am Ende mu\u00df man wirklich hetzen. In Ruhe einen Kaffee [&hellip","og_url":"https:\/\/www.mein-tagwerk.de\/tagwerk\/softwaredesign-ich-will-mir-weh-tun-ein-pladoyer-fur-mundigkeit\/","og_site_name":"meintagwerk","article_published_time":"2011-03-18T09:38:52+00:00","og_image":[{"url":"http:\/\/portwich.files.wordpress.com\/2011\/03\/p1060005_resize.jpg"}],"author":"mein-tagwerk","twitter_card":"summary_large_image","twitter_misc":{"Verfasst von":"mein-tagwerk","Gesch\u00e4tzte Lesezeit":"2\u00a0Minuten"},"schema":{"@context":"https:\/\/schema.org","@graph":[{"@type":"Article","@id":"https:\/\/www.mein-tagwerk.de\/tagwerk\/softwaredesign-ich-will-mir-weh-tun-ein-pladoyer-fur-mundigkeit\/#article","isPartOf":{"@id":"https:\/\/www.mein-tagwerk.de\/tagwerk\/softwaredesign-ich-will-mir-weh-tun-ein-pladoyer-fur-mundigkeit\/"},"author":{"name":"mein-tagwerk","@id":"https:\/\/www.mein-tagwerk.de\/tagwerk\/#\/schema\/person\/2379d1f72432a2dc68c89810b9ec6cd8"},"headline":"Softwaredesign \u2013 Ich will mir weh tun!","datePublished":"2011-03-18T09:38:52+00:00","dateModified":"2011-03-18T09:38:52+00:00","mainEntityOfPage":{"@id":"https:\/\/www.mein-tagwerk.de\/tagwerk\/softwaredesign-ich-will-mir-weh-tun-ein-pladoyer-fur-mundigkeit\/"},"wordCount":492,"commentCount":0,"publisher":{"@id":"https:\/\/www.mein-tagwerk.de\/tagwerk\/#organization"},"keywords":["9 Beitr\u00e4ge, Ideen, Tr\u00e4umereien"],"articleSection":["4 tagwerkteam","9 Beitr\u00e4ge, Ideen, Tr\u00e4umereien"],"inLanguage":"de","potentialAction":[{"@type":"CommentAction","name":"Comment","target":["https:\/\/www.mein-tagwerk.de\/tagwerk\/softwaredesign-ich-will-mir-weh-tun-ein-pladoyer-fur-mundigkeit\/#respond"]}]},{"@type":"WebPage","@id":"https:\/\/www.mein-tagwerk.de\/tagwerk\/softwaredesign-ich-will-mir-weh-tun-ein-pladoyer-fur-mundigkeit\/","url":"https:\/\/www.mein-tagwerk.de\/tagwerk\/softwaredesign-ich-will-mir-weh-tun-ein-pladoyer-fur-mundigkeit\/","name":"Softwaredesign \u2013 Ich will mir weh tun! | meintagwerk","isPartOf":{"@id":"https:\/\/www.mein-tagwerk.de\/tagwerk\/#website"},"datePublished":"2011-03-18T09:38:52+00:00","dateModified":"2011-03-18T09:38:52+00:00","breadcrumb":{"@id":"https:\/\/www.mein-tagwerk.de\/tagwerk\/softwaredesign-ich-will-mir-weh-tun-ein-pladoyer-fur-mundigkeit\/#breadcrumb"},"inLanguage":"de","potentialAction":[{"@type":"ReadAction","target":["https:\/\/www.mein-tagwerk.de\/tagwerk\/softwaredesign-ich-will-mir-weh-tun-ein-pladoyer-fur-mundigkeit\/"]}]},{"@type":"BreadcrumbList","@id":"https:\/\/www.mein-tagwerk.de\/tagwerk\/softwaredesign-ich-will-mir-weh-tun-ein-pladoyer-fur-mundigkeit\/#breadcrumb","itemListElement":[{"@type":"ListItem","position":1,"name":"Home","item":"https:\/\/www.mein-tagwerk.de\/tagwerk\/"},{"@type":"ListItem","position":2,"name":"Softwaredesign \u2013 Ich will mir weh tun!"}]},{"@type":"WebSite","@id":"https:\/\/www.mein-tagwerk.de\/tagwerk\/#website","url":"https:\/\/www.mein-tagwerk.de\/tagwerk\/","name":"meintagwerk","description":"Online Buchhaltung f\u00fcr Freiberufler, Freelancer und Selbst\u00e4ndige","publisher":{"@id":"https:\/\/www.mein-tagwerk.de\/tagwerk\/#organization"},"potentialAction":[{"@type":"SearchAction","target":{"@type":"EntryPoint","urlTemplate":"https:\/\/www.mein-tagwerk.de\/tagwerk\/?s={search_term_string}"},"query-input":"required name=search_term_string"}],"inLanguage":"de"},{"@type":"Organization","@id":"https:\/\/www.mein-tagwerk.de\/tagwerk\/#organization","name":"tagwerk","url":"https:\/\/www.mein-tagwerk.de\/tagwerk\/","logo":{"@type":"ImageObject","inLanguage":"de","@id":"https:\/\/www.mein-tagwerk.de\/tagwerk\/#\/schema\/logo\/image\/","url":"https:\/\/www.mein-tagwerk.de\/tagwerk\/wp-content\/uploads\/2013\/08\/130611_logo-tagwerk-corporate.png","contentUrl":"https:\/\/www.mein-tagwerk.de\/tagwerk\/wp-content\/uploads\/2013\/08\/130611_logo-tagwerk-corporate.png","width":328,"height":140,"caption":"tagwerk"},"image":{"@id":"https:\/\/www.mein-tagwerk.de\/tagwerk\/#\/schema\/logo\/image\/"}},{"@type":"Person","@id":"https:\/\/www.mein-tagwerk.de\/tagwerk\/#\/schema\/person\/2379d1f72432a2dc68c89810b9ec6cd8","name":"mein-tagwerk","image":{"@type":"ImageObject","inLanguage":"de","@id":"https:\/\/www.mein-tagwerk.de\/tagwerk\/#\/schema\/person\/image\/","url":"https:\/\/secure.gravatar.com\/avatar\/e595fd542c69190f17918a1e8d51e20c?s=96&d=mm&r=g","contentUrl":"https:\/\/secure.gravatar.com\/avatar\/e595fd542c69190f17918a1e8d51e20c?s=96&d=mm&r=g","caption":"mein-tagwerk"},"url":"https:\/\/www.mein-tagwerk.de\/tagwerk\/author\/mein-tagwerk\/"}]}},"_links":{"self":[{"href":"https:\/\/www.mein-tagwerk.de\/tagwerk\/wp-json\/wp\/v2\/posts\/365"}],"collection":[{"href":"https:\/\/www.mein-tagwerk.de\/tagwerk\/wp-json\/wp\/v2\/posts"}],"about":[{"href":"https:\/\/www.mein-tagwerk.de\/tagwerk\/wp-json\/wp\/v2\/types\/post"}],"author":[{"embeddable":true,"href":"https:\/\/www.mein-tagwerk.de\/tagwerk\/wp-json\/wp\/v2\/users\/2"}],"replies":[{"embeddable":true,"href":"https:\/\/www.mein-tagwerk.de\/tagwerk\/wp-json\/wp\/v2\/comments?post=365"}],"version-history":[{"count":0,"href":"https:\/\/www.mein-tagwerk.de\/tagwerk\/wp-json\/wp\/v2\/posts\/365\/revisions"}],"wp:attachment":[{"href":"https:\/\/www.mein-tagwerk.de\/tagwerk\/wp-json\/wp\/v2\/media?parent=365"}],"wp:term":[{"taxonomy":"category","embeddable":true,"href":"https:\/\/www.mein-tagwerk.de\/tagwerk\/wp-json\/wp\/v2\/categories?post=365"},{"taxonomy":"post_tag","embeddable":true,"href":"https:\/\/www.mein-tagwerk.de\/tagwerk\/wp-json\/wp\/v2\/tags?post=365"}],"curies":[{"name":"wp","href":"https:\/\/api.w.org\/{rel}","templated":true}]}}