{"id":393,"date":"2011-06-29T11:12:00","date_gmt":"2011-06-29T09:12:00","guid":{"rendered":"http:\/\/tagwerkblog.net\/?p=393"},"modified":"2011-06-29T11:12:00","modified_gmt":"2011-06-29T09:12:00","slug":"buchhaltung-philipp-rosler-und-die-schwerkraft","status":"publish","type":"post","link":"https:\/\/www.mein-tagwerk.de\/tagwerk\/buchhaltung-philipp-rosler-und-die-schwerkraft\/","title":{"rendered":"Buchhaltung, Philipp R\u00f6sler und die Schwerkraft"},"content":{"rendered":"<p>Fast h\u00e4tte Philipp R\u00f6sler bei uns vorbei geschaut. Wie gesagt fast. Aber dann waren Griechenland und die Rettung des Euros doch wichtiger als tagwerk. Oder war es Silvana Koch-Mehrin und die Plagiatsaff\u00e4re oder was es sonst auch gewesen sein mag. Jedenfalls fast h\u00e4tte Philipp R\u00f6sler bei uns vorbei geschaut.<\/p>\n<p><a href=\"http:\/\/portwich.files.wordpress.com\/2011\/06\/tagwerk04_2.jpg\" rel='prettyPhoto'><img loading=\"lazy\" decoding=\"async\" class=\"aligncenter size-full wp-image-394\" title=\"tagwerk04_2\" alt=\"\" src=\"http:\/\/portwich.files.wordpress.com\/2011\/06\/tagwerk04_2.jpg\" height=\"237\" width=\"377\" srcset=\"https:\/\/www.mein-tagwerk.de\/tagwerk\/wp-content\/uploads\/2011\/06\/tagwerk04_2.jpg 377w, https:\/\/www.mein-tagwerk.de\/tagwerk\/wp-content\/uploads\/2011\/06\/tagwerk04_2-300x189.jpg 300w, https:\/\/www.mein-tagwerk.de\/tagwerk\/wp-content\/uploads\/2011\/06\/tagwerk04_2-320x200.jpg 320w\" sizes=\"(max-width: 377px) 100vw, 377px\" \/><\/a>Das Ganze ist passiert in Berlin bei der Messe IKT Innovativ. Dort waren wir eingeladen und wenn, ja wenn Herr Philipp R\u00f6ssler \u00fcber die Messe gelaufen w\u00e4re, dann h\u00e4tte er auch bei uns vorbei schau sollen. Damit er auch mal ein etwas \u201etrockeneres Thema\u201c sieht. Interessantes Feedback \u2013 so sieht man uns also von au\u00dfen. Trocken, aber nicht zu trocken f\u00fcr Philipp R\u00f6sler wenn nicht gerade Griechenland mal wieder auf dem Trockenen liegt. Vielleicht wie man Buchhaltung projektbezogen organisiert \u2013 Projekt Griechenland, Portugal, Irland \u2013 lassen wir das.<\/p>\n<p>Also wir waren auf der Messe und trotz der trockenen Kost die wir anbieten &#8211; oder soll ich sagen, staubig \u2013 war der Anklang sehr gut. Wir hatten die letzte Zettelwirtschaft Deutschlands ausgestellt, quasi protoypisch f\u00fcr das Chaos, dem wir den Kampf angesagt hatten. Dazu hatten wir einen Schreibtisch aufgebaut. Wir haben Zettel und Quittungen aufgestapelt, leere Kaffeebecher und auch nicht ganz so leere Kaffeebecher darauf gestellt. Ein Aschenbecher voll mit Kippen durfte nicht fehlen, Kopfschmerztabletten hatten wir daneben gelegt. Dann noch einen Snickers, einen leeren Joghurtbecher und den Inhalt eines \u00dcberraschungsei \u00a0\u2013 fertig. \u00a0Wir hatten wirklich viel Spa\u00df beim Zusammenstellen. Und all das haben wir dann an die Wand geh\u00e4ngt.<\/p>\n<p><a href=\"http:\/\/portwich.files.wordpress.com\/2011\/06\/tagwerk01_2.jpg\" rel='prettyPhoto'><img loading=\"lazy\" decoding=\"async\" class=\"aligncenter size-full wp-image-395\" title=\"tagwerk01_2\" alt=\"\" src=\"http:\/\/portwich.files.wordpress.com\/2011\/06\/tagwerk01_2.jpg\" height=\"285\" width=\"422\" srcset=\"https:\/\/www.mein-tagwerk.de\/tagwerk\/wp-content\/uploads\/2011\/06\/tagwerk01_2.jpg 422w, https:\/\/www.mein-tagwerk.de\/tagwerk\/wp-content\/uploads\/2011\/06\/tagwerk01_2-300x203.jpg 300w\" sizes=\"(max-width: 422px) 100vw, 422px\" \/><\/a>Durch den optischen Effekt hatten wir so die Schwerkraft au\u00dfer Kraft gesetzt und die Wirkung auf die Besucher der Messe war genauso wie wir uns das erhofft hatten: ungl\u00e4ubiges Staunen. Nachdem wir das Vertrauen hatten, da\u00df unsere Konstruktion auch wirklich der nicht nur erwarteten, sondern auch der realen Schwerkraft trotzt, hatten wir auch Spa\u00df an der Sache (abgesehen von dem kurzen Moment als sich die Lampe dann doch der Schwerkraft hingab und donnernd zu Boden ging, dramatisch geschickt in einer rhetorischen Pause einer Ansprache.)<\/p>\n<p>So jetzt sind wir wieder zur\u00fcck in Hamburg. Haben die Hauptstadt, Philipp R\u00f6sler und die Messe hinter uns gelassen. Geblieben ist uns die Schwerkraft, die sich nach so einem erfolgreichen Event besonders dr\u00fcckend \u00fcber den Alltag legt und nat\u00fcrlich Griechenland auf allen Kan\u00e4len. Zum Gl\u00fcck ist mal wieder Sommer und Fussballweltmeisterschaft.<\/p>\n","protected":false},"excerpt":{"rendered":"<p>Fast h\u00e4tte Philipp R\u00f6sler bei uns vorbei geschaut. Wie gesagt fast. Aber dann waren Griechenland und die Rettung des Euros doch wichtiger als tagwerk. Oder war es Silvana Koch-Mehrin und die Plagiatsaff\u00e4re oder was es sonst auch gewesen sein mag. Jedenfalls fast h\u00e4tte Philipp R\u00f6sler bei uns vorbei geschaut. Das Ganze ist passiert in Berlin [&#038;hellip<\/p>\n","protected":false},"author":2,"featured_media":0,"comment_status":"open","ping_status":"open","sticky":false,"template":"","format":"standard","meta":{"footnotes":""},"categories":[5,10],"tags":[19,65,76,82,162,163,164,189,194,214,216,244,310,384,434],"yoast_head":"<!-- This site is optimized with the Yoast SEO plugin v20.4 - https:\/\/yoast.com\/wordpress\/plugins\/seo\/ -->\n<title>Buchhaltung, Philipp R\u00f6sler und die Schwerkraft | meintagwerk<\/title>\n<meta name=\"robots\" content=\"index, follow, max-snippet:-1, max-image-preview:large, max-video-preview:-1\" \/>\n<link rel=\"canonical\" href=\"https:\/\/www.mein-tagwerk.de\/tagwerk\/buchhaltung-philipp-rosler-und-die-schwerkraft\/\" \/>\n<meta property=\"og:locale\" content=\"de_DE\" \/>\n<meta property=\"og:type\" content=\"article\" \/>\n<meta property=\"og:title\" content=\"Buchhaltung, Philipp R\u00f6sler und die Schwerkraft | meintagwerk\" \/>\n<meta property=\"og:description\" content=\"Fast h\u00e4tte Philipp R\u00f6sler bei uns vorbei geschaut. Wie gesagt fast. Aber dann waren Griechenland und die Rettung des Euros doch wichtiger als tagwerk. Oder war es Silvana Koch-Mehrin und die Plagiatsaff\u00e4re oder was es sonst auch gewesen sein mag. Jedenfalls fast h\u00e4tte Philipp R\u00f6sler bei uns vorbei geschaut. Das Ganze ist passiert in Berlin [&amp;hellip\" \/>\n<meta property=\"og:url\" content=\"https:\/\/www.mein-tagwerk.de\/tagwerk\/buchhaltung-philipp-rosler-und-die-schwerkraft\/\" \/>\n<meta property=\"og:site_name\" content=\"meintagwerk\" \/>\n<meta property=\"article:published_time\" content=\"2011-06-29T09:12:00+00:00\" \/>\n<meta property=\"og:image\" content=\"http:\/\/portwich.files.wordpress.com\/2011\/06\/tagwerk04_2.jpg\" \/>\n<meta name=\"author\" content=\"mein-tagwerk\" \/>\n<meta name=\"twitter:card\" content=\"summary_large_image\" \/>\n<meta name=\"twitter:label1\" content=\"Verfasst von\" \/>\n\t<meta name=\"twitter:data1\" content=\"mein-tagwerk\" \/>\n\t<meta name=\"twitter:label2\" content=\"Gesch\u00e4tzte Lesezeit\" \/>\n\t<meta name=\"twitter:data2\" content=\"2\u00a0Minuten\" \/>\n<script type=\"application\/ld+json\" class=\"yoast-schema-graph\">{\"@context\":\"https:\/\/schema.org\",\"@graph\":[{\"@type\":\"Article\",\"@id\":\"https:\/\/www.mein-tagwerk.de\/tagwerk\/buchhaltung-philipp-rosler-und-die-schwerkraft\/#article\",\"isPartOf\":{\"@id\":\"https:\/\/www.mein-tagwerk.de\/tagwerk\/buchhaltung-philipp-rosler-und-die-schwerkraft\/\"},\"author\":{\"name\":\"mein-tagwerk\",\"@id\":\"https:\/\/www.mein-tagwerk.de\/tagwerk\/#\/schema\/person\/2379d1f72432a2dc68c89810b9ec6cd8\"},\"headline\":\"Buchhaltung, Philipp R\u00f6sler und die Schwerkraft\",\"datePublished\":\"2011-06-29T09:12:00+00:00\",\"dateModified\":\"2011-06-29T09:12:00+00:00\",\"mainEntityOfPage\":{\"@id\":\"https:\/\/www.mein-tagwerk.de\/tagwerk\/buchhaltung-philipp-rosler-und-die-schwerkraft\/\"},\"wordCount\":406,\"commentCount\":0,\"publisher\":{\"@id\":\"https:\/\/www.mein-tagwerk.de\/tagwerk\/#organization\"},\"keywords\":[\"9 Beitr\u00e4ge, Ideen, Tr\u00e4umereien\",\"Berlin\",\"BMWi\",\"Buchhaltung\",\"Freelancer\",\"freellancer\",\"Freiberufler\",\"Gr\u00fcnder\",\"Gr\u00fcndung\",\"IKT\",\"Innovativ\",\"Kongress\",\"Pr\u00e4sentation\",\"tagwerk\",\"Wirtschaft\"],\"articleSection\":[\"4 tagwerkteam\",\"9 Beitr\u00e4ge, Ideen, Tr\u00e4umereien\"],\"inLanguage\":\"de\",\"potentialAction\":[{\"@type\":\"CommentAction\",\"name\":\"Comment\",\"target\":[\"https:\/\/www.mein-tagwerk.de\/tagwerk\/buchhaltung-philipp-rosler-und-die-schwerkraft\/#respond\"]}]},{\"@type\":\"WebPage\",\"@id\":\"https:\/\/www.mein-tagwerk.de\/tagwerk\/buchhaltung-philipp-rosler-und-die-schwerkraft\/\",\"url\":\"https:\/\/www.mein-tagwerk.de\/tagwerk\/buchhaltung-philipp-rosler-und-die-schwerkraft\/\",\"name\":\"Buchhaltung, Philipp R\u00f6sler und die Schwerkraft | meintagwerk\",\"isPartOf\":{\"@id\":\"https:\/\/www.mein-tagwerk.de\/tagwerk\/#website\"},\"datePublished\":\"2011-06-29T09:12:00+00:00\",\"dateModified\":\"2011-06-29T09:12:00+00:00\",\"breadcrumb\":{\"@id\":\"https:\/\/www.mein-tagwerk.de\/tagwerk\/buchhaltung-philipp-rosler-und-die-schwerkraft\/#breadcrumb\"},\"inLanguage\":\"de\",\"potentialAction\":[{\"@type\":\"ReadAction\",\"target\":[\"https:\/\/www.mein-tagwerk.de\/tagwerk\/buchhaltung-philipp-rosler-und-die-schwerkraft\/\"]}]},{\"@type\":\"BreadcrumbList\",\"@id\":\"https:\/\/www.mein-tagwerk.de\/tagwerk\/buchhaltung-philipp-rosler-und-die-schwerkraft\/#breadcrumb\",\"itemListElement\":[{\"@type\":\"ListItem\",\"position\":1,\"name\":\"Home\",\"item\":\"https:\/\/www.mein-tagwerk.de\/tagwerk\/\"},{\"@type\":\"ListItem\",\"position\":2,\"name\":\"Buchhaltung, Philipp R\u00f6sler und die Schwerkraft\"}]},{\"@type\":\"WebSite\",\"@id\":\"https:\/\/www.mein-tagwerk.de\/tagwerk\/#website\",\"url\":\"https:\/\/www.mein-tagwerk.de\/tagwerk\/\",\"name\":\"meintagwerk\",\"description\":\"Online Buchhaltung f\u00fcr Freiberufler, Freelancer und Selbst\u00e4ndige\",\"publisher\":{\"@id\":\"https:\/\/www.mein-tagwerk.de\/tagwerk\/#organization\"},\"potentialAction\":[{\"@type\":\"SearchAction\",\"target\":{\"@type\":\"EntryPoint\",\"urlTemplate\":\"https:\/\/www.mein-tagwerk.de\/tagwerk\/?s={search_term_string}\"},\"query-input\":\"required name=search_term_string\"}],\"inLanguage\":\"de\"},{\"@type\":\"Organization\",\"@id\":\"https:\/\/www.mein-tagwerk.de\/tagwerk\/#organization\",\"name\":\"tagwerk\",\"url\":\"https:\/\/www.mein-tagwerk.de\/tagwerk\/\",\"logo\":{\"@type\":\"ImageObject\",\"inLanguage\":\"de\",\"@id\":\"https:\/\/www.mein-tagwerk.de\/tagwerk\/#\/schema\/logo\/image\/\",\"url\":\"https:\/\/www.mein-tagwerk.de\/tagwerk\/wp-content\/uploads\/2013\/08\/130611_logo-tagwerk-corporate.png\",\"contentUrl\":\"https:\/\/www.mein-tagwerk.de\/tagwerk\/wp-content\/uploads\/2013\/08\/130611_logo-tagwerk-corporate.png\",\"width\":328,\"height\":140,\"caption\":\"tagwerk\"},\"image\":{\"@id\":\"https:\/\/www.mein-tagwerk.de\/tagwerk\/#\/schema\/logo\/image\/\"}},{\"@type\":\"Person\",\"@id\":\"https:\/\/www.mein-tagwerk.de\/tagwerk\/#\/schema\/person\/2379d1f72432a2dc68c89810b9ec6cd8\",\"name\":\"mein-tagwerk\",\"image\":{\"@type\":\"ImageObject\",\"inLanguage\":\"de\",\"@id\":\"https:\/\/www.mein-tagwerk.de\/tagwerk\/#\/schema\/person\/image\/\",\"url\":\"https:\/\/secure.gravatar.com\/avatar\/e595fd542c69190f17918a1e8d51e20c?s=96&d=mm&r=g\",\"contentUrl\":\"https:\/\/secure.gravatar.com\/avatar\/e595fd542c69190f17918a1e8d51e20c?s=96&d=mm&r=g\",\"caption\":\"mein-tagwerk\"},\"url\":\"https:\/\/www.mein-tagwerk.de\/tagwerk\/author\/mein-tagwerk\/\"}]}<\/script>\n<!-- \/ Yoast SEO plugin. -->","yoast_head_json":{"title":"Buchhaltung, Philipp R\u00f6sler und die Schwerkraft | meintagwerk","robots":{"index":"index","follow":"follow","max-snippet":"max-snippet:-1","max-image-preview":"max-image-preview:large","max-video-preview":"max-video-preview:-1"},"canonical":"https:\/\/www.mein-tagwerk.de\/tagwerk\/buchhaltung-philipp-rosler-und-die-schwerkraft\/","og_locale":"de_DE","og_type":"article","og_title":"Buchhaltung, Philipp R\u00f6sler und die Schwerkraft | meintagwerk","og_description":"Fast h\u00e4tte Philipp R\u00f6sler bei uns vorbei geschaut. Wie gesagt fast. Aber dann waren Griechenland und die Rettung des Euros doch wichtiger als tagwerk. Oder war es Silvana Koch-Mehrin und die Plagiatsaff\u00e4re oder was es sonst auch gewesen sein mag. Jedenfalls fast h\u00e4tte Philipp R\u00f6sler bei uns vorbei geschaut. Das Ganze ist passiert in Berlin [&hellip","og_url":"https:\/\/www.mein-tagwerk.de\/tagwerk\/buchhaltung-philipp-rosler-und-die-schwerkraft\/","og_site_name":"meintagwerk","article_published_time":"2011-06-29T09:12:00+00:00","og_image":[{"url":"http:\/\/portwich.files.wordpress.com\/2011\/06\/tagwerk04_2.jpg"}],"author":"mein-tagwerk","twitter_card":"summary_large_image","twitter_misc":{"Verfasst von":"mein-tagwerk","Gesch\u00e4tzte Lesezeit":"2\u00a0Minuten"},"schema":{"@context":"https:\/\/schema.org","@graph":[{"@type":"Article","@id":"https:\/\/www.mein-tagwerk.de\/tagwerk\/buchhaltung-philipp-rosler-und-die-schwerkraft\/#article","isPartOf":{"@id":"https:\/\/www.mein-tagwerk.de\/tagwerk\/buchhaltung-philipp-rosler-und-die-schwerkraft\/"},"author":{"name":"mein-tagwerk","@id":"https:\/\/www.mein-tagwerk.de\/tagwerk\/#\/schema\/person\/2379d1f72432a2dc68c89810b9ec6cd8"},"headline":"Buchhaltung, Philipp R\u00f6sler und die Schwerkraft","datePublished":"2011-06-29T09:12:00+00:00","dateModified":"2011-06-29T09:12:00+00:00","mainEntityOfPage":{"@id":"https:\/\/www.mein-tagwerk.de\/tagwerk\/buchhaltung-philipp-rosler-und-die-schwerkraft\/"},"wordCount":406,"commentCount":0,"publisher":{"@id":"https:\/\/www.mein-tagwerk.de\/tagwerk\/#organization"},"keywords":["9 Beitr\u00e4ge, Ideen, Tr\u00e4umereien","Berlin","BMWi","Buchhaltung","Freelancer","freellancer","Freiberufler","Gr\u00fcnder","Gr\u00fcndung","IKT","Innovativ","Kongress","Pr\u00e4sentation","tagwerk","Wirtschaft"],"articleSection":["4 tagwerkteam","9 Beitr\u00e4ge, Ideen, Tr\u00e4umereien"],"inLanguage":"de","potentialAction":[{"@type":"CommentAction","name":"Comment","target":["https:\/\/www.mein-tagwerk.de\/tagwerk\/buchhaltung-philipp-rosler-und-die-schwerkraft\/#respond"]}]},{"@type":"WebPage","@id":"https:\/\/www.mein-tagwerk.de\/tagwerk\/buchhaltung-philipp-rosler-und-die-schwerkraft\/","url":"https:\/\/www.mein-tagwerk.de\/tagwerk\/buchhaltung-philipp-rosler-und-die-schwerkraft\/","name":"Buchhaltung, Philipp R\u00f6sler und die Schwerkraft | meintagwerk","isPartOf":{"@id":"https:\/\/www.mein-tagwerk.de\/tagwerk\/#website"},"datePublished":"2011-06-29T09:12:00+00:00","dateModified":"2011-06-29T09:12:00+00:00","breadcrumb":{"@id":"https:\/\/www.mein-tagwerk.de\/tagwerk\/buchhaltung-philipp-rosler-und-die-schwerkraft\/#breadcrumb"},"inLanguage":"de","potentialAction":[{"@type":"ReadAction","target":["https:\/\/www.mein-tagwerk.de\/tagwerk\/buchhaltung-philipp-rosler-und-die-schwerkraft\/"]}]},{"@type":"BreadcrumbList","@id":"https:\/\/www.mein-tagwerk.de\/tagwerk\/buchhaltung-philipp-rosler-und-die-schwerkraft\/#breadcrumb","itemListElement":[{"@type":"ListItem","position":1,"name":"Home","item":"https:\/\/www.mein-tagwerk.de\/tagwerk\/"},{"@type":"ListItem","position":2,"name":"Buchhaltung, Philipp R\u00f6sler und die Schwerkraft"}]},{"@type":"WebSite","@id":"https:\/\/www.mein-tagwerk.de\/tagwerk\/#website","url":"https:\/\/www.mein-tagwerk.de\/tagwerk\/","name":"meintagwerk","description":"Online Buchhaltung f\u00fcr Freiberufler, Freelancer und Selbst\u00e4ndige","publisher":{"@id":"https:\/\/www.mein-tagwerk.de\/tagwerk\/#organization"},"potentialAction":[{"@type":"SearchAction","target":{"@type":"EntryPoint","urlTemplate":"https:\/\/www.mein-tagwerk.de\/tagwerk\/?s={search_term_string}"},"query-input":"required name=search_term_string"}],"inLanguage":"de"},{"@type":"Organization","@id":"https:\/\/www.mein-tagwerk.de\/tagwerk\/#organization","name":"tagwerk","url":"https:\/\/www.mein-tagwerk.de\/tagwerk\/","logo":{"@type":"ImageObject","inLanguage":"de","@id":"https:\/\/www.mein-tagwerk.de\/tagwerk\/#\/schema\/logo\/image\/","url":"https:\/\/www.mein-tagwerk.de\/tagwerk\/wp-content\/uploads\/2013\/08\/130611_logo-tagwerk-corporate.png","contentUrl":"https:\/\/www.mein-tagwerk.de\/tagwerk\/wp-content\/uploads\/2013\/08\/130611_logo-tagwerk-corporate.png","width":328,"height":140,"caption":"tagwerk"},"image":{"@id":"https:\/\/www.mein-tagwerk.de\/tagwerk\/#\/schema\/logo\/image\/"}},{"@type":"Person","@id":"https:\/\/www.mein-tagwerk.de\/tagwerk\/#\/schema\/person\/2379d1f72432a2dc68c89810b9ec6cd8","name":"mein-tagwerk","image":{"@type":"ImageObject","inLanguage":"de","@id":"https:\/\/www.mein-tagwerk.de\/tagwerk\/#\/schema\/person\/image\/","url":"https:\/\/secure.gravatar.com\/avatar\/e595fd542c69190f17918a1e8d51e20c?s=96&d=mm&r=g","contentUrl":"https:\/\/secure.gravatar.com\/avatar\/e595fd542c69190f17918a1e8d51e20c?s=96&d=mm&r=g","caption":"mein-tagwerk"},"url":"https:\/\/www.mein-tagwerk.de\/tagwerk\/author\/mein-tagwerk\/"}]}},"_links":{"self":[{"href":"https:\/\/www.mein-tagwerk.de\/tagwerk\/wp-json\/wp\/v2\/posts\/393"}],"collection":[{"href":"https:\/\/www.mein-tagwerk.de\/tagwerk\/wp-json\/wp\/v2\/posts"}],"about":[{"href":"https:\/\/www.mein-tagwerk.de\/tagwerk\/wp-json\/wp\/v2\/types\/post"}],"author":[{"embeddable":true,"href":"https:\/\/www.mein-tagwerk.de\/tagwerk\/wp-json\/wp\/v2\/users\/2"}],"replies":[{"embeddable":true,"href":"https:\/\/www.mein-tagwerk.de\/tagwerk\/wp-json\/wp\/v2\/comments?post=393"}],"version-history":[{"count":0,"href":"https:\/\/www.mein-tagwerk.de\/tagwerk\/wp-json\/wp\/v2\/posts\/393\/revisions"}],"wp:attachment":[{"href":"https:\/\/www.mein-tagwerk.de\/tagwerk\/wp-json\/wp\/v2\/media?parent=393"}],"wp:term":[{"taxonomy":"category","embeddable":true,"href":"https:\/\/www.mein-tagwerk.de\/tagwerk\/wp-json\/wp\/v2\/categories?post=393"},{"taxonomy":"post_tag","embeddable":true,"href":"https:\/\/www.mein-tagwerk.de\/tagwerk\/wp-json\/wp\/v2\/tags?post=393"}],"curies":[{"name":"wp","href":"https:\/\/api.w.org\/{rel}","templated":true}]}}