{"id":4101,"date":"2017-11-22T14:40:30","date_gmt":"2017-11-22T14:40:30","guid":{"rendered":"http:\/\/www.mein-tagwerk.de\/tagwerk\/?p=4101"},"modified":"2017-11-22T14:40:30","modified_gmt":"2017-11-22T14:40:30","slug":"tagwerkerin-anja-liebt-neue-wege","status":"publish","type":"post","link":"https:\/\/www.mein-tagwerk.de\/tagwerk\/tagwerkerin-anja-liebt-neue-wege\/","title":{"rendered":"tagwerkerin Anja liebt neue Wege"},"content":{"rendered":"<h1>Frisch, frech, gerne auch frivol.<\/h1>\n<h1><\/h1>\n<h2>Anja Nolte, K\u00fcnstlerin und Illustratorin, freiberuflich selbstst\u00e4ndig. Leidenschaftlich in allem was ich tue, immer offen f\u00fcr Neues&#8230;<\/h2>\n<div id=\"attachment_4104\" style=\"width: 610px\" class=\"wp-caption alignleft\"><img loading=\"lazy\" decoding=\"async\" aria-describedby=\"caption-attachment-4104\" class=\"wp-image-4104\" src=\"http:\/\/91.250.96.11\/tagwerk\/wp-content\/uploads\/2017\/11\/Anja-Nolte-meintagwerk.png\" alt=\"Anja Nolte, meintagwerk, Illustration, tagwerk, Illustratorin, Buchhaltung,\" width=\"600\" height=\"401\" srcset=\"https:\/\/www.mein-tagwerk.de\/tagwerk\/wp-content\/uploads\/2017\/11\/Anja-Nolte-meintagwerk.png 800w, https:\/\/www.mein-tagwerk.de\/tagwerk\/wp-content\/uploads\/2017\/11\/Anja-Nolte-meintagwerk-300x201.png 300w, https:\/\/www.mein-tagwerk.de\/tagwerk\/wp-content\/uploads\/2017\/11\/Anja-Nolte-meintagwerk-768x514.png 768w, https:\/\/www.mein-tagwerk.de\/tagwerk\/wp-content\/uploads\/2017\/11\/Anja-Nolte-meintagwerk-622x416.png 622w\" sizes=\"(max-width: 600px) 100vw, 600px\" \/><p id=\"caption-attachment-4104\" class=\"wp-caption-text\">Me, me and Mickey. Work in Progress.<\/p><\/div>\n<h2><\/h2>\n<p>&nbsp;<\/p>\n<h2><strong>Das bin ich! Kurzvorstellung <\/strong><\/h2>\n<p>Dazu Kosmometropolitin: Kindheit in Bayern, Jugend im Rheinland- \u201eK\u00f6lle Alaaf!\u201c, Ausbildung und Studium in Hamburg, danach mein jetziger Standort Berlin, Prenzlauer Berg. Die Stadt ist nach wie vor pulsierend und aufregend \u2013 hier finde ich auch Inspirationen f\u00fcr meine Arbeit. Nachts auf dem Fahrrad die Stadt durchstreifend oder \u2013 der perfekte Sonntag \u2013 tags im Mauerpark Menschen gucken (und zeichnen), sich durch die vielen Strassenmusiker inspirieren lassen. Abends kr\u00f6nender Abschluss: Live Swing in Speiches Blues und Rockkneipe. Gute Laune garantiert!<\/p>\n<h2><\/h2>\n<h2><strong>Das ist mein Tagwerk! <\/strong><\/h2>\n<p>Wunderbarerweise geh\u00f6rt bei meinem Beruf Kreativit\u00e4t zum Alltag. Meist acht bis zehn Stunden an denen ich konzipiere, zeichne und illustriere. Arbeit am Computer geh\u00f6rt nat\u00fcrlich dazu. Die Ergebnisse kann man zum Beispiel in Zeitungen und Magazinen sehen. Beim Fliegen (Lufthansa Magazin) oder Bahn fahren (DB Mobil Magazin) \ud83d\ude42 Auf Cafe Latte Bechern im Supermarkt (emmi), auf Messeaufstellern und und&#8230; sogar einen Kinotrailer habe ich letztes Jahr gezeichnet und animiert \u2013 f\u00fcr das Berliner Museum f\u00fcr Kommunikation zum Thema Goldener Schnitt, ein sehr komplexes und herausforderndes Thema. Sowieso \u2013 ich liebe Herausforderungen! Die bislang gr\u00f6\u00dfte: Mein gerade erschienenes Buch \u201eUrban Sketching M\u00fcnchen\u201c. Bayerns Metropole aus K\u00fcnstlersicht. Eine Mischung aus Reisef\u00fchrer und Zeichenbuch, bei dem ich auch Autorin bin. Mehr als zwei Jahre habe ich daran gearbeitet, ein langer Prozess, der nicht immer leicht war. Aber an- und aufregend, ich habe viel gelernt und ich bin sehr stolz auf das Ergebnis. Ein tolles Geschenk f\u00fcr M\u00fcnchenfans und f\u00fcr M\u00fcnchner sowieso. Mehr Einblicke in das Buch und meine Arbeit allgemein findet Ihr unter <a href=\"http:\/\/www.anjanolte.com\">www.anjanolte.com<\/a>.<\/p>\n<p>&nbsp;<\/p>\n<h2>Mein aktuelles Buchprojekt<\/h2>\n<div id=\"attachment_4102\" style=\"width: 660px\" class=\"wp-caption alignnone\"><a href=\"http:\/\/shop.anjanolte.com\" target=\"_blank\" rel=\"noopener noreferrer\"><img loading=\"lazy\" decoding=\"async\" aria-describedby=\"caption-attachment-4102\" class=\"wp-image-4102\" src=\"http:\/\/91.250.96.11\/tagwerk\/wp-content\/uploads\/2017\/11\/Anja-Nolte-Header-Muenchen-BIG-1024x387.jpg\" rel='prettyPhoto' alt=\"Anja Nolte, meintagwerk, tagwerkerin, \" width=\"650\" height=\"246\" srcset=\"https:\/\/www.mein-tagwerk.de\/tagwerk\/wp-content\/uploads\/2017\/11\/Anja-Nolte-Header-Muenchen-BIG-1024x387.jpg 1024w, https:\/\/www.mein-tagwerk.de\/tagwerk\/wp-content\/uploads\/2017\/11\/Anja-Nolte-Header-Muenchen-BIG-300x113.jpg 300w, https:\/\/www.mein-tagwerk.de\/tagwerk\/wp-content\/uploads\/2017\/11\/Anja-Nolte-Header-Muenchen-BIG-768x290.jpg 768w, https:\/\/www.mein-tagwerk.de\/tagwerk\/wp-content\/uploads\/2017\/11\/Anja-Nolte-Header-Muenchen-BIG-622x235.jpg 622w, https:\/\/www.mein-tagwerk.de\/tagwerk\/wp-content\/uploads\/2017\/11\/Anja-Nolte-Header-Muenchen-BIG.jpg 1500w\" sizes=\"(max-width: 650px) 100vw, 650px\" \/><\/a><p id=\"caption-attachment-4102\" class=\"wp-caption-text\">Ein tolles Geschenk f\u00fcr M\u00fcnchenfans und f\u00fcr M\u00fcnchner sowieso: Urban sketching M\u00fcnchen.<\/p><\/div>\n<p>&nbsp;<\/p>\n<p>Die Zeichnungen in dem Buch sind alle analog entstanden \u2013 \u201eHandgemacht\u201c. \u00dcbrigens ein Trend in meinem Fachgebiet, der Illustration, und nicht nur da. Meiner Ansicht nach liegt dem die Sehnsucht der Menschen nach Wahrhaftigkeit zu Grunde &#8211; inmitten all der digitalen Bilderflut, bei der man nicht mehr genau wei\u00df: Was ist echt, was ist digital gefaked? Andererseits erm\u00f6glichen Internet und neue Techniken viel mehr Menschen ihre Kreativit\u00e4t auszuleben, zu teilen und sich gegenseitig zu inspirieren \u2013 wunderbar! Meine pers\u00f6nlichen Vorbilder sind gr\u00f6\u00dftenteils \u201epr\u00e4digital\u201c: Francis Bacon, Louise Burgeois, Horst Janssen&#8230; Sehr inspirierend und aktuell: THE HAPPY FILM von Designguru Stefan Sagemeister \u2013 ein Pulverfass an Kreativit\u00e4t.<\/p>\n<h2><strong>Ach ja, Buchhaltung (Master of Fristeneinhaltung) <\/strong><\/h2>\n<p>Bisher &#8211; eine Katastrophe! Warum sich mit trockenen Zahlen besch\u00e4ftigen, wenn ich doch lieber zeichnen will. Trotz guter Vorhaben habe ich es jedes Jahr mit sch\u00f6nster Regelm\u00e4ssigkeit geschafft alle Finanzamt Fristen mehr als zu sprengen&#8230; Durch meine Mitgliedschaft bei der Illustratoren Organisation (unbedingt f\u00fcr Illustratoren empfehlenswert), bin ich dann vor einem Jahr auf tagwerk aufmerksam und dort Mitglied geworden. Seitdem bin ich erstens der \u201eMaster of Fristen einhalten\u201c beim Finanzamt und habe dort zweitens \u00fcber das tagwerk Steuerberater-Netz in <a href=\"http:\/\/www.mundsburgertreuhand.de\/Leistungen\/Steuerberatung\">Frau Kl\u00f6pfer <\/a>eine wunderbar fixe und kompetente Steuerberaterin gefunden.<\/p>\n<h2>Soviel zu Software<\/h2>\n<p>Circa einmal im Monat pflege ich jetzt meine Belege online ein, meist \u00fcber die Schnellerfassung. Es macht sogar etwas Spa\u00df. Besonders sinnvoll finde ich die M\u00f6glichkeit der Zuordnung von Buchhaltungsbelegen \u2013 z.B. auch Reisekosten \u2013 zu Kunden und Projekten. Schafft einen guten \u00dcberblick und es geht nichts unter. Besonders gut finde ich, dass tagwerk \u2013\u00a0 wo es wirklich Sinn macht \u2013\u00a0 bereit ist neue Kostenarten anzulegen. In meinem Kontext war das \u201eZeichenbedarf\u201c \u2013 f\u00fcr Illustratoren und K\u00fcnstler das A und O. Praktisch ist, dass man von \u00fcberall auf seine Daten zugreifen kann. Mein Lieblingsmoment: Mit einem Klick die E\u00dcR zum Steuerberater exportieren&#8230; Das einzige, was ich beim Paket \u201eSteuer\u201c vermisse, ist die M\u00f6glichkeit der Rechnungserstellung, geh\u00f6rt da meiner Ansicht nach unbedingt mit rein.<\/p>\n<h2><strong>Meine Tipps<br \/>\n<\/strong><\/h2>\n<p>Meine Empfehlung f\u00fcr kreative Prozesse und \u00fcberhaupt: \u201eImmer anders\u201c \u2013 mein Mantra wenn ich arbeite. Wer Neues wagt, kommt weiter. Zweite Empfehlung: Wahrhaftig sein! Meiner Erfahrung nach sind die Arbeitsergebnisse umso besser und erfolgreicher, je n\u00e4her sie an dem dran sind, was einen ausmacht. Drittens und am wichtigsten: Spa\u00df haben! Davon profitiert man selbst, das Werk und der Kunde erst recht. Und zu guter Letzt: Think Big! Visionen haben und diese auch ausprobieren, oft geht mehr als man denkt. Ich habe gerade meinen eigenen Online-Shop aufgesetzt, weil ich es satt hatte bei Drittanbieter-Portalen Geb\u00fchren f\u00fcr den Verkauf meiner Originale zu zahlen. Es war ein etwas wilder Ritt und hat l\u00e4nger gedauert, als geplant, aber ich habe es geschafft und bin stolz drauf, schaut doch mal rein: shop.anjanolte.com<\/p>\n<h2>So erreichst Du mich<\/h2>\n<p>Online unter: <a href=\"http:\/\/www.anjanolte.com\" target=\"_blank\" rel=\"noopener noreferrer\">www.anjanolte.com<\/a><\/p>\n<p>Per Mail: mail@anjanolte.com<\/p>\n<p>&nbsp;<\/p>\n<p>&nbsp;<\/p>\n<p>Frohes Schaffen w\u00fcnscht Euch<\/p>\n<p>Anja Nolte<\/p>\n<p>&nbsp;<\/p>\n<p>&nbsp;<\/p>\n<p>&nbsp;<\/p>\n<h6><span class=\"block-wrap\"><a class=\"blogmore\" href=\"\/tagwerk\/campus\/anmelden\/\"><i class=\"icon-check\"><\/i> meintagwerk kennen lernen <\/a><\/span><\/h6>\n","protected":false},"excerpt":{"rendered":"<p>Frisch, frech, gerne auch frivol. Anja Nolte, K\u00fcnstlerin und Illustratorin, freiberuflich selbstst\u00e4ndig. Leidenschaftlich in allem was ich tue, immer offen f\u00fcr Neues&#8230; &nbsp; Das bin ich! Kurzvorstellung Dazu Kosmometropolitin: Kindheit in Bayern, Jugend im Rheinland- \u201eK\u00f6lle Alaaf!\u201c, Ausbildung und Studium in Hamburg, danach mein jetziger Standort Berlin, Prenzlauer Berg. Die Stadt ist nach wie vor [&#038;hellip<\/p>\n","protected":false},"author":4,"featured_media":4104,"comment_status":"open","ping_status":"open","sticky":false,"template":"","format":"standard","meta":{"footnotes":""},"categories":[3,11],"tags":[],"yoast_head":"<!-- This site is optimized with the Yoast SEO plugin v20.4 - https:\/\/yoast.com\/wordpress\/plugins\/seo\/ -->\n<title>tagwerkerin Anja liebt neue Wege | meintagwerk<\/title>\n<meta name=\"robots\" content=\"index, follow, max-snippet:-1, max-image-preview:large, max-video-preview:-1\" \/>\n<link rel=\"canonical\" href=\"https:\/\/www.mein-tagwerk.de\/tagwerk\/tagwerkerin-anja-liebt-neue-wege\/\" \/>\n<meta property=\"og:locale\" content=\"de_DE\" \/>\n<meta property=\"og:type\" content=\"article\" \/>\n<meta property=\"og:title\" content=\"tagwerkerin Anja liebt neue Wege | meintagwerk\" \/>\n<meta property=\"og:description\" content=\"Frisch, frech, gerne auch frivol. Anja Nolte, K\u00fcnstlerin und Illustratorin, freiberuflich selbstst\u00e4ndig. Leidenschaftlich in allem was ich tue, immer offen f\u00fcr Neues&#8230; &nbsp; Das bin ich! Kurzvorstellung Dazu Kosmometropolitin: Kindheit in Bayern, Jugend im Rheinland- \u201eK\u00f6lle Alaaf!\u201c, Ausbildung und Studium in Hamburg, danach mein jetziger Standort Berlin, Prenzlauer Berg. Die Stadt ist nach wie vor [&amp;hellip\" \/>\n<meta property=\"og:url\" content=\"https:\/\/www.mein-tagwerk.de\/tagwerk\/tagwerkerin-anja-liebt-neue-wege\/\" \/>\n<meta property=\"og:site_name\" content=\"meintagwerk\" \/>\n<meta property=\"article:published_time\" content=\"2017-11-22T14:40:30+00:00\" \/>\n<meta property=\"og:image\" content=\"https:\/\/www.mein-tagwerk.de\/tagwerk\/wp-content\/uploads\/2017\/11\/Anja-Nolte-meintagwerk.png\" \/>\n\t<meta property=\"og:image:width\" content=\"800\" \/>\n\t<meta property=\"og:image:height\" content=\"535\" \/>\n\t<meta property=\"og:image:type\" content=\"image\/png\" \/>\n<meta name=\"author\" content=\"geraldmoll\" \/>\n<meta name=\"twitter:card\" content=\"summary_large_image\" \/>\n<meta name=\"twitter:label1\" content=\"Verfasst von\" \/>\n\t<meta name=\"twitter:data1\" content=\"geraldmoll\" \/>\n\t<meta name=\"twitter:label2\" content=\"Gesch\u00e4tzte Lesezeit\" \/>\n\t<meta name=\"twitter:data2\" content=\"4\u00a0Minuten\" \/>\n<script type=\"application\/ld+json\" class=\"yoast-schema-graph\">{\"@context\":\"https:\/\/schema.org\",\"@graph\":[{\"@type\":\"Article\",\"@id\":\"https:\/\/www.mein-tagwerk.de\/tagwerk\/tagwerkerin-anja-liebt-neue-wege\/#article\",\"isPartOf\":{\"@id\":\"https:\/\/www.mein-tagwerk.de\/tagwerk\/tagwerkerin-anja-liebt-neue-wege\/\"},\"author\":{\"name\":\"geraldmoll\",\"@id\":\"https:\/\/www.mein-tagwerk.de\/tagwerk\/#\/schema\/person\/5a73def942a0d96dd0314d4ecc7d253d\"},\"headline\":\"tagwerkerin Anja liebt neue Wege\",\"datePublished\":\"2017-11-22T14:40:30+00:00\",\"dateModified\":\"2017-11-22T14:40:30+00:00\",\"mainEntityOfPage\":{\"@id\":\"https:\/\/www.mein-tagwerk.de\/tagwerk\/tagwerkerin-anja-liebt-neue-wege\/\"},\"wordCount\":846,\"commentCount\":0,\"publisher\":{\"@id\":\"https:\/\/www.mein-tagwerk.de\/tagwerk\/#organization\"},\"articleSection\":[\"2 tagwerker\",\"belegjunkie\"],\"inLanguage\":\"de\",\"potentialAction\":[{\"@type\":\"CommentAction\",\"name\":\"Comment\",\"target\":[\"https:\/\/www.mein-tagwerk.de\/tagwerk\/tagwerkerin-anja-liebt-neue-wege\/#respond\"]}]},{\"@type\":\"WebPage\",\"@id\":\"https:\/\/www.mein-tagwerk.de\/tagwerk\/tagwerkerin-anja-liebt-neue-wege\/\",\"url\":\"https:\/\/www.mein-tagwerk.de\/tagwerk\/tagwerkerin-anja-liebt-neue-wege\/\",\"name\":\"tagwerkerin Anja liebt neue Wege | meintagwerk\",\"isPartOf\":{\"@id\":\"https:\/\/www.mein-tagwerk.de\/tagwerk\/#website\"},\"datePublished\":\"2017-11-22T14:40:30+00:00\",\"dateModified\":\"2017-11-22T14:40:30+00:00\",\"breadcrumb\":{\"@id\":\"https:\/\/www.mein-tagwerk.de\/tagwerk\/tagwerkerin-anja-liebt-neue-wege\/#breadcrumb\"},\"inLanguage\":\"de\",\"potentialAction\":[{\"@type\":\"ReadAction\",\"target\":[\"https:\/\/www.mein-tagwerk.de\/tagwerk\/tagwerkerin-anja-liebt-neue-wege\/\"]}]},{\"@type\":\"BreadcrumbList\",\"@id\":\"https:\/\/www.mein-tagwerk.de\/tagwerk\/tagwerkerin-anja-liebt-neue-wege\/#breadcrumb\",\"itemListElement\":[{\"@type\":\"ListItem\",\"position\":1,\"name\":\"Home\",\"item\":\"https:\/\/www.mein-tagwerk.de\/tagwerk\/\"},{\"@type\":\"ListItem\",\"position\":2,\"name\":\"tagwerkerin Anja liebt neue Wege\"}]},{\"@type\":\"WebSite\",\"@id\":\"https:\/\/www.mein-tagwerk.de\/tagwerk\/#website\",\"url\":\"https:\/\/www.mein-tagwerk.de\/tagwerk\/\",\"name\":\"meintagwerk\",\"description\":\"Online Buchhaltung f\u00fcr Freiberufler, Freelancer und Selbst\u00e4ndige\",\"publisher\":{\"@id\":\"https:\/\/www.mein-tagwerk.de\/tagwerk\/#organization\"},\"potentialAction\":[{\"@type\":\"SearchAction\",\"target\":{\"@type\":\"EntryPoint\",\"urlTemplate\":\"https:\/\/www.mein-tagwerk.de\/tagwerk\/?s={search_term_string}\"},\"query-input\":\"required name=search_term_string\"}],\"inLanguage\":\"de\"},{\"@type\":\"Organization\",\"@id\":\"https:\/\/www.mein-tagwerk.de\/tagwerk\/#organization\",\"name\":\"tagwerk\",\"url\":\"https:\/\/www.mein-tagwerk.de\/tagwerk\/\",\"logo\":{\"@type\":\"ImageObject\",\"inLanguage\":\"de\",\"@id\":\"https:\/\/www.mein-tagwerk.de\/tagwerk\/#\/schema\/logo\/image\/\",\"url\":\"https:\/\/www.mein-tagwerk.de\/tagwerk\/wp-content\/uploads\/2013\/08\/130611_logo-tagwerk-corporate.png\",\"contentUrl\":\"https:\/\/www.mein-tagwerk.de\/tagwerk\/wp-content\/uploads\/2013\/08\/130611_logo-tagwerk-corporate.png\",\"width\":328,\"height\":140,\"caption\":\"tagwerk\"},\"image\":{\"@id\":\"https:\/\/www.mein-tagwerk.de\/tagwerk\/#\/schema\/logo\/image\/\"}},{\"@type\":\"Person\",\"@id\":\"https:\/\/www.mein-tagwerk.de\/tagwerk\/#\/schema\/person\/5a73def942a0d96dd0314d4ecc7d253d\",\"name\":\"geraldmoll\",\"image\":{\"@type\":\"ImageObject\",\"inLanguage\":\"de\",\"@id\":\"https:\/\/www.mein-tagwerk.de\/tagwerk\/#\/schema\/person\/image\/\",\"url\":\"https:\/\/www.mein-tagwerk.de\/tagwerk\/wp-content\/uploads\/2013\/05\/geraldmoll-tagwerk-freelancen-e1600948615380-96x96.jpg\",\"contentUrl\":\"https:\/\/www.mein-tagwerk.de\/tagwerk\/wp-content\/uploads\/2013\/05\/geraldmoll-tagwerk-freelancen-e1600948615380-96x96.jpg\",\"caption\":\"geraldmoll\"},\"url\":\"https:\/\/www.mein-tagwerk.de\/tagwerk\/author\/geraldmoll\/\"}]}<\/script>\n<!-- \/ Yoast SEO plugin. -->","yoast_head_json":{"title":"tagwerkerin Anja liebt neue Wege | meintagwerk","robots":{"index":"index","follow":"follow","max-snippet":"max-snippet:-1","max-image-preview":"max-image-preview:large","max-video-preview":"max-video-preview:-1"},"canonical":"https:\/\/www.mein-tagwerk.de\/tagwerk\/tagwerkerin-anja-liebt-neue-wege\/","og_locale":"de_DE","og_type":"article","og_title":"tagwerkerin Anja liebt neue Wege | meintagwerk","og_description":"Frisch, frech, gerne auch frivol. Anja Nolte, K\u00fcnstlerin und Illustratorin, freiberuflich selbstst\u00e4ndig. Leidenschaftlich in allem was ich tue, immer offen f\u00fcr Neues&#8230; &nbsp; Das bin ich! Kurzvorstellung Dazu Kosmometropolitin: Kindheit in Bayern, Jugend im Rheinland- \u201eK\u00f6lle Alaaf!\u201c, Ausbildung und Studium in Hamburg, danach mein jetziger Standort Berlin, Prenzlauer Berg. Die Stadt ist nach wie vor [&hellip","og_url":"https:\/\/www.mein-tagwerk.de\/tagwerk\/tagwerkerin-anja-liebt-neue-wege\/","og_site_name":"meintagwerk","article_published_time":"2017-11-22T14:40:30+00:00","og_image":[{"width":800,"height":535,"url":"https:\/\/www.mein-tagwerk.de\/tagwerk\/wp-content\/uploads\/2017\/11\/Anja-Nolte-meintagwerk.png","type":"image\/png"}],"author":"geraldmoll","twitter_card":"summary_large_image","twitter_misc":{"Verfasst von":"geraldmoll","Gesch\u00e4tzte Lesezeit":"4\u00a0Minuten"},"schema":{"@context":"https:\/\/schema.org","@graph":[{"@type":"Article","@id":"https:\/\/www.mein-tagwerk.de\/tagwerk\/tagwerkerin-anja-liebt-neue-wege\/#article","isPartOf":{"@id":"https:\/\/www.mein-tagwerk.de\/tagwerk\/tagwerkerin-anja-liebt-neue-wege\/"},"author":{"name":"geraldmoll","@id":"https:\/\/www.mein-tagwerk.de\/tagwerk\/#\/schema\/person\/5a73def942a0d96dd0314d4ecc7d253d"},"headline":"tagwerkerin Anja liebt neue Wege","datePublished":"2017-11-22T14:40:30+00:00","dateModified":"2017-11-22T14:40:30+00:00","mainEntityOfPage":{"@id":"https:\/\/www.mein-tagwerk.de\/tagwerk\/tagwerkerin-anja-liebt-neue-wege\/"},"wordCount":846,"commentCount":0,"publisher":{"@id":"https:\/\/www.mein-tagwerk.de\/tagwerk\/#organization"},"articleSection":["2 tagwerker","belegjunkie"],"inLanguage":"de","potentialAction":[{"@type":"CommentAction","name":"Comment","target":["https:\/\/www.mein-tagwerk.de\/tagwerk\/tagwerkerin-anja-liebt-neue-wege\/#respond"]}]},{"@type":"WebPage","@id":"https:\/\/www.mein-tagwerk.de\/tagwerk\/tagwerkerin-anja-liebt-neue-wege\/","url":"https:\/\/www.mein-tagwerk.de\/tagwerk\/tagwerkerin-anja-liebt-neue-wege\/","name":"tagwerkerin Anja liebt neue Wege | meintagwerk","isPartOf":{"@id":"https:\/\/www.mein-tagwerk.de\/tagwerk\/#website"},"datePublished":"2017-11-22T14:40:30+00:00","dateModified":"2017-11-22T14:40:30+00:00","breadcrumb":{"@id":"https:\/\/www.mein-tagwerk.de\/tagwerk\/tagwerkerin-anja-liebt-neue-wege\/#breadcrumb"},"inLanguage":"de","potentialAction":[{"@type":"ReadAction","target":["https:\/\/www.mein-tagwerk.de\/tagwerk\/tagwerkerin-anja-liebt-neue-wege\/"]}]},{"@type":"BreadcrumbList","@id":"https:\/\/www.mein-tagwerk.de\/tagwerk\/tagwerkerin-anja-liebt-neue-wege\/#breadcrumb","itemListElement":[{"@type":"ListItem","position":1,"name":"Home","item":"https:\/\/www.mein-tagwerk.de\/tagwerk\/"},{"@type":"ListItem","position":2,"name":"tagwerkerin Anja liebt neue Wege"}]},{"@type":"WebSite","@id":"https:\/\/www.mein-tagwerk.de\/tagwerk\/#website","url":"https:\/\/www.mein-tagwerk.de\/tagwerk\/","name":"meintagwerk","description":"Online Buchhaltung f\u00fcr Freiberufler, Freelancer und Selbst\u00e4ndige","publisher":{"@id":"https:\/\/www.mein-tagwerk.de\/tagwerk\/#organization"},"potentialAction":[{"@type":"SearchAction","target":{"@type":"EntryPoint","urlTemplate":"https:\/\/www.mein-tagwerk.de\/tagwerk\/?s={search_term_string}"},"query-input":"required name=search_term_string"}],"inLanguage":"de"},{"@type":"Organization","@id":"https:\/\/www.mein-tagwerk.de\/tagwerk\/#organization","name":"tagwerk","url":"https:\/\/www.mein-tagwerk.de\/tagwerk\/","logo":{"@type":"ImageObject","inLanguage":"de","@id":"https:\/\/www.mein-tagwerk.de\/tagwerk\/#\/schema\/logo\/image\/","url":"https:\/\/www.mein-tagwerk.de\/tagwerk\/wp-content\/uploads\/2013\/08\/130611_logo-tagwerk-corporate.png","contentUrl":"https:\/\/www.mein-tagwerk.de\/tagwerk\/wp-content\/uploads\/2013\/08\/130611_logo-tagwerk-corporate.png","width":328,"height":140,"caption":"tagwerk"},"image":{"@id":"https:\/\/www.mein-tagwerk.de\/tagwerk\/#\/schema\/logo\/image\/"}},{"@type":"Person","@id":"https:\/\/www.mein-tagwerk.de\/tagwerk\/#\/schema\/person\/5a73def942a0d96dd0314d4ecc7d253d","name":"geraldmoll","image":{"@type":"ImageObject","inLanguage":"de","@id":"https:\/\/www.mein-tagwerk.de\/tagwerk\/#\/schema\/person\/image\/","url":"https:\/\/www.mein-tagwerk.de\/tagwerk\/wp-content\/uploads\/2013\/05\/geraldmoll-tagwerk-freelancen-e1600948615380-96x96.jpg","contentUrl":"https:\/\/www.mein-tagwerk.de\/tagwerk\/wp-content\/uploads\/2013\/05\/geraldmoll-tagwerk-freelancen-e1600948615380-96x96.jpg","caption":"geraldmoll"},"url":"https:\/\/www.mein-tagwerk.de\/tagwerk\/author\/geraldmoll\/"}]}},"_links":{"self":[{"href":"https:\/\/www.mein-tagwerk.de\/tagwerk\/wp-json\/wp\/v2\/posts\/4101"}],"collection":[{"href":"https:\/\/www.mein-tagwerk.de\/tagwerk\/wp-json\/wp\/v2\/posts"}],"about":[{"href":"https:\/\/www.mein-tagwerk.de\/tagwerk\/wp-json\/wp\/v2\/types\/post"}],"author":[{"embeddable":true,"href":"https:\/\/www.mein-tagwerk.de\/tagwerk\/wp-json\/wp\/v2\/users\/4"}],"replies":[{"embeddable":true,"href":"https:\/\/www.mein-tagwerk.de\/tagwerk\/wp-json\/wp\/v2\/comments?post=4101"}],"version-history":[{"count":0,"href":"https:\/\/www.mein-tagwerk.de\/tagwerk\/wp-json\/wp\/v2\/posts\/4101\/revisions"}],"wp:featuredmedia":[{"embeddable":true,"href":"https:\/\/www.mein-tagwerk.de\/tagwerk\/wp-json\/wp\/v2\/media\/4104"}],"wp:attachment":[{"href":"https:\/\/www.mein-tagwerk.de\/tagwerk\/wp-json\/wp\/v2\/media?parent=4101"}],"wp:term":[{"taxonomy":"category","embeddable":true,"href":"https:\/\/www.mein-tagwerk.de\/tagwerk\/wp-json\/wp\/v2\/categories?post=4101"},{"taxonomy":"post_tag","embeddable":true,"href":"https:\/\/www.mein-tagwerk.de\/tagwerk\/wp-json\/wp\/v2\/tags?post=4101"}],"curies":[{"name":"wp","href":"https:\/\/api.w.org\/{rel}","templated":true}]}}