{"id":4155,"date":"2017-12-21T13:30:22","date_gmt":"2017-12-21T13:30:22","guid":{"rendered":"https:\/\/www.mein-tagwerk.de\/tagwerk\/?p=4155"},"modified":"2017-12-21T13:30:22","modified_gmt":"2017-12-21T13:30:22","slug":"hallo-laura-hello-mediasteak","status":"publish","type":"post","link":"https:\/\/www.mein-tagwerk.de\/tagwerk\/hallo-laura-hello-mediasteak\/","title":{"rendered":"Hallo Laura, hello mediasteak!"},"content":{"rendered":"<h1>Ich liebe es, meine Leidenschaft zum Beruf gemacht zu haben.<\/h1>\n<h1><\/h1>\n<h2>Laura aus Berlin hat mit Anne mediasteak gegr\u00fcndet, die beste Empfehlungsplattform f\u00fcr die Dokus und Serien.<\/h2>\n<h2><a href=\"http:\/\/www.mediasteak.com\/amok-he-was-a-quiet-man-film\/\" target=\"_blank\" rel=\"noopener noreferrer\"><img loading=\"lazy\" decoding=\"async\" class=\"wp-image-4156 alignleft\" src=\"http:\/\/91.250.96.11\/tagwerk\/wp-content\/uploads\/2017\/12\/mediasteak-meintagwerk.png\" rel='prettyPhoto' alt=\"mediasteak-meintagwerk, laura pohl, anne kr\u00fcger, mediasteak, online plattform, online buchhaltung,\" width=\"600\" height=\"401\" srcset=\"https:\/\/www.mein-tagwerk.de\/tagwerk\/wp-content\/uploads\/2017\/12\/mediasteak-meintagwerk.png 800w, https:\/\/www.mein-tagwerk.de\/tagwerk\/wp-content\/uploads\/2017\/12\/mediasteak-meintagwerk-300x201.png 300w, https:\/\/www.mein-tagwerk.de\/tagwerk\/wp-content\/uploads\/2017\/12\/mediasteak-meintagwerk-768x514.png 768w, https:\/\/www.mein-tagwerk.de\/tagwerk\/wp-content\/uploads\/2017\/12\/mediasteak-meintagwerk-622x416.png 622w\" sizes=\"(max-width: 600px) 100vw, 600px\" \/><\/a><\/h2>\n<p>&nbsp;<\/p>\n<h2><strong>Das bin ich! Kurzvorstellung <\/strong><\/h2>\n<p>Ich bin Laura und ich komme aus Berlin. Aufgewachsen bin ich im Prenzlauer Berg im Osten der Stadt. W\u00e4hrend meines Studiums bin ich nach Neuk\u00f6lln gezogen. Mir gef\u00e4llt vor allem, dass ich neben der besten Bar der Welt, jetzt auch noch ein Kino direkt vor der Haust\u00fcr hab. Lieblingsorte? Am liebsten bin ich im Heiners (die beste Bar der Welt), quasi mein zweites Wohnzimmer. Und im Wolf Kino. Ich bewegen mich also die meiste Zeit in einem Radius von 10 Metern!<\/p>\n<h2><strong>Das ist mein Tagwerk! <\/strong><\/h2>\n<p>Ich habe vor knapp f\u00fcnf Jahren w\u00e4hrend des Studiums gemeinsam mit meiner Freundin und Gesch\u00e4ftspartnerin Anne Kr\u00fcger \u201eMediasteak\u201c gegr\u00fcndet. Auf der Video-Plattform empfehlen wir die besten Dokus und Filme, welche legal und kostenlos online anzuschauen sind. Gearbeitet wurde immer abends nach der Uni und sp\u00e4ter nach der Arbeit. Irgendwann haben wir unsere Jobs an den Nagel gehangen, um uns voll und ganz Mediasteak zu widmen. Das machen wir jetzt seit knapp zwei Jahren freiberuflich. Au\u00dferdem arbeite ich als Freelancerin f\u00fcr Nickelodeon und MTV.<\/p>\n<p>Ich liebe es, meine Leidenschaft zum Beruf gemacht zu haben. Au\u00dferdem ist es toll, eine Freundin als Kollegin an seiner Seite zu haben. Gemeinsam ist es doch am sch\u00f6nsten!<\/p>\n<p>&nbsp;<\/p>\n<h2>Mein Tipp<\/h2>\n<div id=\"attachment_4157\" style=\"width: 580px\" class=\"wp-caption alignleft\"><a href=\"http:\/\/www.mediasteak.com\/amok-he-was-a-quiet-man-film\/\" target=\"_blank\" rel=\"noopener noreferrer\"><img loading=\"lazy\" decoding=\"async\" aria-describedby=\"caption-attachment-4157\" class=\"wp-image-4157 size-full\" src=\"http:\/\/91.250.96.11\/tagwerk\/wp-content\/uploads\/2017\/12\/Bildschirmfoto-2017-12-21-um-14.21.54.png\" rel='prettyPhoto' alt=\"Amok \u2013 mediateak\" width=\"570\" height=\"416\" srcset=\"https:\/\/www.mein-tagwerk.de\/tagwerk\/wp-content\/uploads\/2017\/12\/Bildschirmfoto-2017-12-21-um-14.21.54.png 570w, https:\/\/www.mein-tagwerk.de\/tagwerk\/wp-content\/uploads\/2017\/12\/Bildschirmfoto-2017-12-21-um-14.21.54-300x219.png 300w\" sizes=\"(max-width: 570px) 100vw, 570px\" \/><\/a><p id=\"caption-attachment-4157\" class=\"wp-caption-text\">\u201eAmok\u201c \u2013 so habt ihr Christian Slater noch nie gesehen!<\/p><\/div>\n<p>Gerade sind wieder tolle Filme In der Mediathek! Zum Beispiel Roman Polanskis \u201eDer Gott des Gemetzels\u201c \u2013 gro\u00dfartig! Empfehlen w\u00fcrde ich euch au\u00dferdem \u201eAmok\u201c \u2013 glaubt mir, so habt ihr Christian Slater noch nie gesehen (http:\/\/www.mediasteak.com\/amok-he-was-a-quiet-man-film\/)<\/p>\n<h2><strong>Ach ja, Buchhaltung<br \/>\n<\/strong><\/h2>\n<p><em>Wie w\u00fcrdest Du das Thema Buchhaltung in einem Satz beschreiben?<\/em> Ganz sch\u00f6n nervig.<br \/>\n<em>Wann nimmst Du Dir Zeit f\u00fcr Deine Buchhaltung?<\/em> Viel zu wenig. Das macht zum Gl\u00fcck Anne bei uns.<br \/>\n<em>Was machst Du mit Deinen Belegen, wo finden sich diese in Regel?<\/em> Irgendwo zwischen den Seiten meines Kalenders \u2013 eine Zettelwirtschaft im wahrsten Sinne des Wortes.<br \/>\n<em>Verzweifelt Dein Steuerberater an Dir, wie ist Eure Zusammenarbeit?<\/em> Kannst Du Buchhaltung etwas positives abgewinnen? Ach, die sind zufrieden \u2013 Anne macht nen guten Job. Ja, man beh\u00e4lt einen guten \u00dcberblick \u00fcber seine Finanzen. Also, Anne.<\/p>\n<h2>Soviel zu Software<\/h2>\n<p>Wir werden 2018 frisch und munter mit meintagwerk starten. Aber ich kann jetzt schon sagen, dass wir uns darauf freuen, unsere Buchhaltung einfach und \u00fcbersichtlich managen zu k\u00f6nnen!<\/p>\n<h2><strong>Philosophie und Fehler<\/strong><\/h2>\n<p>Ich glaube, wir k\u00f6nnen stolz darauf sein, wo wir heute mit Mediasteak stehen. Was als Hobby angefangen hat, ist jetzt unser erfolgreiches kleines Unternehmen. Ich kann nur jedem raten, der sich mit seiner Idee selbstst\u00e4ndig machen will: Traut euch! Solange ihr f\u00fcr etwas brennt, kann nicht viel schief gehen.<\/p>\n<p><em>Welches war Dein grossartigster Fehler?<\/em> <em>Was hast Du daraus gelernt und was w\u00fcrdest Du anderen empfehlen vielleicht nicht zu tun?<\/em><\/p>\n<p>Leuten von der Gesch\u00e4ftsidee zu erz\u00e4hlen, ohne sie vorher eine Verschwiegenheitserkl\u00e4rung unterschreiben zu lassen.<\/p>\n<h2><\/h2>\n<h2>So erreichst Du mich<\/h2>\n<p>Online unter: <a href=\"http:\/\/www.mediasteak.com\/\" target=\"_blank\" rel=\"noopener noreferrer\">www.mediasteak.com<\/a><\/p>\n<p>Frohes Schaffen w\u00fcnscht Euch<\/p>\n<p>Laura von mediasteak<\/p>\n<h6><span class=\"block-wrap\"><a class=\"blogmore\" href=\"\/tagwerk\/campus\/anmelden\/\"><i class=\"icon-check\"><\/i> meintagwerk kennen lernen <\/a><\/span><\/h6>\n","protected":false},"excerpt":{"rendered":"<p>Ich liebe es, meine Leidenschaft zum Beruf gemacht zu haben. Laura aus Berlin hat mit Anne mediasteak gegr\u00fcndet, die beste Empfehlungsplattform f\u00fcr die Dokus und Serien. &nbsp; Das bin ich! Kurzvorstellung Ich bin Laura und ich komme aus Berlin. Aufgewachsen bin ich im Prenzlauer Berg im Osten der Stadt. W\u00e4hrend meines Studiums bin ich nach [&#038;hellip<\/p>\n","protected":false},"author":4,"featured_media":4177,"comment_status":"open","ping_status":"open","sticky":false,"template":"","format":"standard","meta":{"footnotes":""},"categories":[3,11],"tags":[82,84,164,165,268,272,293],"yoast_head":"<!-- This site is optimized with the Yoast SEO plugin v20.4 - https:\/\/yoast.com\/wordpress\/plugins\/seo\/ -->\n<title>Hallo Laura, hello mediasteak! | meintagwerk<\/title>\n<meta name=\"robots\" content=\"index, follow, max-snippet:-1, max-image-preview:large, max-video-preview:-1\" \/>\n<link rel=\"canonical\" href=\"https:\/\/www.mein-tagwerk.de\/tagwerk\/hallo-laura-hello-mediasteak\/\" \/>\n<meta property=\"og:locale\" content=\"de_DE\" \/>\n<meta property=\"og:type\" content=\"article\" \/>\n<meta property=\"og:title\" content=\"Hallo Laura, hello mediasteak! | meintagwerk\" \/>\n<meta property=\"og:description\" content=\"Ich liebe es, meine Leidenschaft zum Beruf gemacht zu haben. Laura aus Berlin hat mit Anne mediasteak gegr\u00fcndet, die beste Empfehlungsplattform f\u00fcr die Dokus und Serien. &nbsp; Das bin ich! Kurzvorstellung Ich bin Laura und ich komme aus Berlin. Aufgewachsen bin ich im Prenzlauer Berg im Osten der Stadt. W\u00e4hrend meines Studiums bin ich nach [&amp;hellip\" \/>\n<meta property=\"og:url\" content=\"https:\/\/www.mein-tagwerk.de\/tagwerk\/hallo-laura-hello-mediasteak\/\" \/>\n<meta property=\"og:site_name\" content=\"meintagwerk\" \/>\n<meta property=\"article:published_time\" content=\"2017-12-21T13:30:22+00:00\" \/>\n<meta property=\"og:image\" content=\"https:\/\/www.mein-tagwerk.de\/tagwerk\/wp-content\/uploads\/2017\/12\/mediasteak-meintagwerk-vorschau.png\" \/>\n\t<meta property=\"og:image:width\" content=\"723\" \/>\n\t<meta property=\"og:image:height\" content=\"371\" \/>\n\t<meta property=\"og:image:type\" content=\"image\/png\" \/>\n<meta name=\"author\" content=\"geraldmoll\" \/>\n<meta name=\"twitter:card\" content=\"summary_large_image\" \/>\n<meta name=\"twitter:label1\" content=\"Verfasst von\" \/>\n\t<meta name=\"twitter:data1\" content=\"geraldmoll\" \/>\n\t<meta name=\"twitter:label2\" content=\"Gesch\u00e4tzte Lesezeit\" \/>\n\t<meta name=\"twitter:data2\" content=\"3\u00a0Minuten\" \/>\n<script type=\"application\/ld+json\" class=\"yoast-schema-graph\">{\"@context\":\"https:\/\/schema.org\",\"@graph\":[{\"@type\":\"Article\",\"@id\":\"https:\/\/www.mein-tagwerk.de\/tagwerk\/hallo-laura-hello-mediasteak\/#article\",\"isPartOf\":{\"@id\":\"https:\/\/www.mein-tagwerk.de\/tagwerk\/hallo-laura-hello-mediasteak\/\"},\"author\":{\"name\":\"geraldmoll\",\"@id\":\"https:\/\/www.mein-tagwerk.de\/tagwerk\/#\/schema\/person\/5a73def942a0d96dd0314d4ecc7d253d\"},\"headline\":\"Hallo Laura, hello mediasteak!\",\"datePublished\":\"2017-12-21T13:30:22+00:00\",\"dateModified\":\"2017-12-21T13:30:22+00:00\",\"mainEntityOfPage\":{\"@id\":\"https:\/\/www.mein-tagwerk.de\/tagwerk\/hallo-laura-hello-mediasteak\/\"},\"wordCount\":550,\"commentCount\":0,\"publisher\":{\"@id\":\"https:\/\/www.mein-tagwerk.de\/tagwerk\/#organization\"},\"keywords\":[\"Buchhaltung\",\"Buchhaltungssoftware\",\"Freiberufler\",\"Freiberuflerin\",\"mediasteak\",\"meintagwerk\",\"Online Buchhaltung\"],\"articleSection\":[\"2 tagwerker\",\"belegjunkie\"],\"inLanguage\":\"de\",\"potentialAction\":[{\"@type\":\"CommentAction\",\"name\":\"Comment\",\"target\":[\"https:\/\/www.mein-tagwerk.de\/tagwerk\/hallo-laura-hello-mediasteak\/#respond\"]}]},{\"@type\":\"WebPage\",\"@id\":\"https:\/\/www.mein-tagwerk.de\/tagwerk\/hallo-laura-hello-mediasteak\/\",\"url\":\"https:\/\/www.mein-tagwerk.de\/tagwerk\/hallo-laura-hello-mediasteak\/\",\"name\":\"Hallo Laura, hello mediasteak! | meintagwerk\",\"isPartOf\":{\"@id\":\"https:\/\/www.mein-tagwerk.de\/tagwerk\/#website\"},\"datePublished\":\"2017-12-21T13:30:22+00:00\",\"dateModified\":\"2017-12-21T13:30:22+00:00\",\"breadcrumb\":{\"@id\":\"https:\/\/www.mein-tagwerk.de\/tagwerk\/hallo-laura-hello-mediasteak\/#breadcrumb\"},\"inLanguage\":\"de\",\"potentialAction\":[{\"@type\":\"ReadAction\",\"target\":[\"https:\/\/www.mein-tagwerk.de\/tagwerk\/hallo-laura-hello-mediasteak\/\"]}]},{\"@type\":\"BreadcrumbList\",\"@id\":\"https:\/\/www.mein-tagwerk.de\/tagwerk\/hallo-laura-hello-mediasteak\/#breadcrumb\",\"itemListElement\":[{\"@type\":\"ListItem\",\"position\":1,\"name\":\"Home\",\"item\":\"https:\/\/www.mein-tagwerk.de\/tagwerk\/\"},{\"@type\":\"ListItem\",\"position\":2,\"name\":\"Hallo Laura, hello mediasteak!\"}]},{\"@type\":\"WebSite\",\"@id\":\"https:\/\/www.mein-tagwerk.de\/tagwerk\/#website\",\"url\":\"https:\/\/www.mein-tagwerk.de\/tagwerk\/\",\"name\":\"meintagwerk\",\"description\":\"Online Buchhaltung f\u00fcr Freiberufler, Freelancer und Selbst\u00e4ndige\",\"publisher\":{\"@id\":\"https:\/\/www.mein-tagwerk.de\/tagwerk\/#organization\"},\"potentialAction\":[{\"@type\":\"SearchAction\",\"target\":{\"@type\":\"EntryPoint\",\"urlTemplate\":\"https:\/\/www.mein-tagwerk.de\/tagwerk\/?s={search_term_string}\"},\"query-input\":\"required name=search_term_string\"}],\"inLanguage\":\"de\"},{\"@type\":\"Organization\",\"@id\":\"https:\/\/www.mein-tagwerk.de\/tagwerk\/#organization\",\"name\":\"tagwerk\",\"url\":\"https:\/\/www.mein-tagwerk.de\/tagwerk\/\",\"logo\":{\"@type\":\"ImageObject\",\"inLanguage\":\"de\",\"@id\":\"https:\/\/www.mein-tagwerk.de\/tagwerk\/#\/schema\/logo\/image\/\",\"url\":\"https:\/\/www.mein-tagwerk.de\/tagwerk\/wp-content\/uploads\/2013\/08\/130611_logo-tagwerk-corporate.png\",\"contentUrl\":\"https:\/\/www.mein-tagwerk.de\/tagwerk\/wp-content\/uploads\/2013\/08\/130611_logo-tagwerk-corporate.png\",\"width\":328,\"height\":140,\"caption\":\"tagwerk\"},\"image\":{\"@id\":\"https:\/\/www.mein-tagwerk.de\/tagwerk\/#\/schema\/logo\/image\/\"}},{\"@type\":\"Person\",\"@id\":\"https:\/\/www.mein-tagwerk.de\/tagwerk\/#\/schema\/person\/5a73def942a0d96dd0314d4ecc7d253d\",\"name\":\"geraldmoll\",\"image\":{\"@type\":\"ImageObject\",\"inLanguage\":\"de\",\"@id\":\"https:\/\/www.mein-tagwerk.de\/tagwerk\/#\/schema\/person\/image\/\",\"url\":\"https:\/\/www.mein-tagwerk.de\/tagwerk\/wp-content\/uploads\/2013\/05\/geraldmoll-tagwerk-freelancen-e1600948615380-96x96.jpg\",\"contentUrl\":\"https:\/\/www.mein-tagwerk.de\/tagwerk\/wp-content\/uploads\/2013\/05\/geraldmoll-tagwerk-freelancen-e1600948615380-96x96.jpg\",\"caption\":\"geraldmoll\"},\"url\":\"https:\/\/www.mein-tagwerk.de\/tagwerk\/author\/geraldmoll\/\"}]}<\/script>\n<!-- \/ Yoast SEO plugin. -->","yoast_head_json":{"title":"Hallo Laura, hello mediasteak! | meintagwerk","robots":{"index":"index","follow":"follow","max-snippet":"max-snippet:-1","max-image-preview":"max-image-preview:large","max-video-preview":"max-video-preview:-1"},"canonical":"https:\/\/www.mein-tagwerk.de\/tagwerk\/hallo-laura-hello-mediasteak\/","og_locale":"de_DE","og_type":"article","og_title":"Hallo Laura, hello mediasteak! | meintagwerk","og_description":"Ich liebe es, meine Leidenschaft zum Beruf gemacht zu haben. Laura aus Berlin hat mit Anne mediasteak gegr\u00fcndet, die beste Empfehlungsplattform f\u00fcr die Dokus und Serien. &nbsp; Das bin ich! Kurzvorstellung Ich bin Laura und ich komme aus Berlin. Aufgewachsen bin ich im Prenzlauer Berg im Osten der Stadt. W\u00e4hrend meines Studiums bin ich nach [&hellip","og_url":"https:\/\/www.mein-tagwerk.de\/tagwerk\/hallo-laura-hello-mediasteak\/","og_site_name":"meintagwerk","article_published_time":"2017-12-21T13:30:22+00:00","og_image":[{"width":723,"height":371,"url":"https:\/\/www.mein-tagwerk.de\/tagwerk\/wp-content\/uploads\/2017\/12\/mediasteak-meintagwerk-vorschau.png","type":"image\/png"}],"author":"geraldmoll","twitter_card":"summary_large_image","twitter_misc":{"Verfasst von":"geraldmoll","Gesch\u00e4tzte Lesezeit":"3\u00a0Minuten"},"schema":{"@context":"https:\/\/schema.org","@graph":[{"@type":"Article","@id":"https:\/\/www.mein-tagwerk.de\/tagwerk\/hallo-laura-hello-mediasteak\/#article","isPartOf":{"@id":"https:\/\/www.mein-tagwerk.de\/tagwerk\/hallo-laura-hello-mediasteak\/"},"author":{"name":"geraldmoll","@id":"https:\/\/www.mein-tagwerk.de\/tagwerk\/#\/schema\/person\/5a73def942a0d96dd0314d4ecc7d253d"},"headline":"Hallo Laura, hello mediasteak!","datePublished":"2017-12-21T13:30:22+00:00","dateModified":"2017-12-21T13:30:22+00:00","mainEntityOfPage":{"@id":"https:\/\/www.mein-tagwerk.de\/tagwerk\/hallo-laura-hello-mediasteak\/"},"wordCount":550,"commentCount":0,"publisher":{"@id":"https:\/\/www.mein-tagwerk.de\/tagwerk\/#organization"},"keywords":["Buchhaltung","Buchhaltungssoftware","Freiberufler","Freiberuflerin","mediasteak","meintagwerk","Online Buchhaltung"],"articleSection":["2 tagwerker","belegjunkie"],"inLanguage":"de","potentialAction":[{"@type":"CommentAction","name":"Comment","target":["https:\/\/www.mein-tagwerk.de\/tagwerk\/hallo-laura-hello-mediasteak\/#respond"]}]},{"@type":"WebPage","@id":"https:\/\/www.mein-tagwerk.de\/tagwerk\/hallo-laura-hello-mediasteak\/","url":"https:\/\/www.mein-tagwerk.de\/tagwerk\/hallo-laura-hello-mediasteak\/","name":"Hallo Laura, hello mediasteak! | meintagwerk","isPartOf":{"@id":"https:\/\/www.mein-tagwerk.de\/tagwerk\/#website"},"datePublished":"2017-12-21T13:30:22+00:00","dateModified":"2017-12-21T13:30:22+00:00","breadcrumb":{"@id":"https:\/\/www.mein-tagwerk.de\/tagwerk\/hallo-laura-hello-mediasteak\/#breadcrumb"},"inLanguage":"de","potentialAction":[{"@type":"ReadAction","target":["https:\/\/www.mein-tagwerk.de\/tagwerk\/hallo-laura-hello-mediasteak\/"]}]},{"@type":"BreadcrumbList","@id":"https:\/\/www.mein-tagwerk.de\/tagwerk\/hallo-laura-hello-mediasteak\/#breadcrumb","itemListElement":[{"@type":"ListItem","position":1,"name":"Home","item":"https:\/\/www.mein-tagwerk.de\/tagwerk\/"},{"@type":"ListItem","position":2,"name":"Hallo Laura, hello mediasteak!"}]},{"@type":"WebSite","@id":"https:\/\/www.mein-tagwerk.de\/tagwerk\/#website","url":"https:\/\/www.mein-tagwerk.de\/tagwerk\/","name":"meintagwerk","description":"Online Buchhaltung f\u00fcr Freiberufler, Freelancer und Selbst\u00e4ndige","publisher":{"@id":"https:\/\/www.mein-tagwerk.de\/tagwerk\/#organization"},"potentialAction":[{"@type":"SearchAction","target":{"@type":"EntryPoint","urlTemplate":"https:\/\/www.mein-tagwerk.de\/tagwerk\/?s={search_term_string}"},"query-input":"required name=search_term_string"}],"inLanguage":"de"},{"@type":"Organization","@id":"https:\/\/www.mein-tagwerk.de\/tagwerk\/#organization","name":"tagwerk","url":"https:\/\/www.mein-tagwerk.de\/tagwerk\/","logo":{"@type":"ImageObject","inLanguage":"de","@id":"https:\/\/www.mein-tagwerk.de\/tagwerk\/#\/schema\/logo\/image\/","url":"https:\/\/www.mein-tagwerk.de\/tagwerk\/wp-content\/uploads\/2013\/08\/130611_logo-tagwerk-corporate.png","contentUrl":"https:\/\/www.mein-tagwerk.de\/tagwerk\/wp-content\/uploads\/2013\/08\/130611_logo-tagwerk-corporate.png","width":328,"height":140,"caption":"tagwerk"},"image":{"@id":"https:\/\/www.mein-tagwerk.de\/tagwerk\/#\/schema\/logo\/image\/"}},{"@type":"Person","@id":"https:\/\/www.mein-tagwerk.de\/tagwerk\/#\/schema\/person\/5a73def942a0d96dd0314d4ecc7d253d","name":"geraldmoll","image":{"@type":"ImageObject","inLanguage":"de","@id":"https:\/\/www.mein-tagwerk.de\/tagwerk\/#\/schema\/person\/image\/","url":"https:\/\/www.mein-tagwerk.de\/tagwerk\/wp-content\/uploads\/2013\/05\/geraldmoll-tagwerk-freelancen-e1600948615380-96x96.jpg","contentUrl":"https:\/\/www.mein-tagwerk.de\/tagwerk\/wp-content\/uploads\/2013\/05\/geraldmoll-tagwerk-freelancen-e1600948615380-96x96.jpg","caption":"geraldmoll"},"url":"https:\/\/www.mein-tagwerk.de\/tagwerk\/author\/geraldmoll\/"}]}},"_links":{"self":[{"href":"https:\/\/www.mein-tagwerk.de\/tagwerk\/wp-json\/wp\/v2\/posts\/4155"}],"collection":[{"href":"https:\/\/www.mein-tagwerk.de\/tagwerk\/wp-json\/wp\/v2\/posts"}],"about":[{"href":"https:\/\/www.mein-tagwerk.de\/tagwerk\/wp-json\/wp\/v2\/types\/post"}],"author":[{"embeddable":true,"href":"https:\/\/www.mein-tagwerk.de\/tagwerk\/wp-json\/wp\/v2\/users\/4"}],"replies":[{"embeddable":true,"href":"https:\/\/www.mein-tagwerk.de\/tagwerk\/wp-json\/wp\/v2\/comments?post=4155"}],"version-history":[{"count":0,"href":"https:\/\/www.mein-tagwerk.de\/tagwerk\/wp-json\/wp\/v2\/posts\/4155\/revisions"}],"wp:featuredmedia":[{"embeddable":true,"href":"https:\/\/www.mein-tagwerk.de\/tagwerk\/wp-json\/wp\/v2\/media\/4177"}],"wp:attachment":[{"href":"https:\/\/www.mein-tagwerk.de\/tagwerk\/wp-json\/wp\/v2\/media?parent=4155"}],"wp:term":[{"taxonomy":"category","embeddable":true,"href":"https:\/\/www.mein-tagwerk.de\/tagwerk\/wp-json\/wp\/v2\/categories?post=4155"},{"taxonomy":"post_tag","embeddable":true,"href":"https:\/\/www.mein-tagwerk.de\/tagwerk\/wp-json\/wp\/v2\/tags?post=4155"}],"curies":[{"name":"wp","href":"https:\/\/api.w.org\/{rel}","templated":true}]}}