{"id":4435,"date":"2018-11-29T22:46:29","date_gmt":"2018-11-29T22:46:29","guid":{"rendered":"https:\/\/www.mein-tagwerk.de\/tagwerk\/?p=4435"},"modified":"2018-11-29T22:46:29","modified_gmt":"2018-11-29T22:46:29","slug":"advent-aktion-schoene-bescherung","status":"publish","type":"post","link":"https:\/\/www.mein-tagwerk.de\/tagwerk\/advent-aktion-schoene-bescherung\/","title":{"rendered":"Advent Aktion. Sch\u00f6ne Bescherung!"},"content":{"rendered":"<h3 class=\"null\"><\/h3>\n<h1 class=\"null\">Advent, Advent bringt ein Geschenk!<\/h1>\n<div><\/div>\n<div>\n<p>Zum Jahresende melden wir uns mit einer besonders sch\u00f6nen Aktion. Weihnachten steht vor der T\u00fcr und der stressige Endspurt beginnt. Wir haben uns \u00fcberlegt, dass wir Euch dieses Jahr beschenken m\u00f6chten! Geplant haben wir eine Advents Aktion. Daf\u00fcr haben wir einige Sponsoren gesucht und gebeten uns dabei mit wunderbaren, vielversprechenden Geschenken zu unterst\u00fctzen. Nat\u00fcrlich gibt es auch von Tagwerk ein Geschenk!<\/p>\n<p>Die Gewinnaktion ist ganz einfach:<\/p>\n<\/div>\n<ul>\n<li>\n<h4 class=\"null\">Jeden Freitag vor Advent (also auch heute) posten wir ein Bild mit Nennung der Sponsoren auf Facebook und Instagram.<\/h4>\n<\/li>\n<li>\n<h4 class=\"null\">Alles was Ihr tun m\u00fcsst ist unter dem Bild einen Kommentar zu hinterlassen. Egal was. Einen Satz, ein Wort oder auch nur ein Emoji, was Euch einf\u00e4llt oder wo nach Euch ist.<\/h4>\n<\/li>\n<li>\n<p class=\"null\">Bis Sonntag habt Ihr die M\u00f6glichkeit dazu. Am Montag ziehen wir einen Gewinner, welcher dann im Laufe des Tages benachrichtigt wird. Wir kontakten Euch dann pers\u00f6nlich, sodas wir Euch das Geschenk\u00a0 zuschicken k\u00f6nnen.<\/p>\n<\/li>\n<\/ul>\n<div>\n<p>Wir w\u00fcnschen eine entspannte Adventszeit!<br \/>\nEuer Tagwerk Team<\/p>\n<p>&nbsp;<\/p>\n<h2>Vielen Dank an unsere Sponsoren<\/h2>\n<\/div>\n<div><a href=\"https:\/\/bridgeandtunnel.de\/\" target=\"_blank\" rel=\"noopener noreferrer\">Bridge and Tunnel \/ Hamburg<\/a><br \/>\n<a href=\"https:\/\/www.litnity.com\/\" target=\"_blank\" rel=\"noopener noreferrer\">Litnity \/ Hamburg<\/a><br \/>\n<a href=\"https:\/\/navucko.com\/collections\/kalender\/products\/weekly-planner-daily-reminder-din-a6\" target=\"_blank\" rel=\"noopener noreferrer\">Navucko \/ Ratzeburg<\/a><br \/>\n<a href=\"https:\/\/kolor.de\/\" target=\"_blank\" rel=\"noopener noreferrer\">Kolor \/ Berlin<\/a><br \/>\n<a href=\"https:\/\/www.prodotyp\" target=\"_blank\" rel=\"noopener noreferrer\">Prodotyp \/ Leipzig<\/a><br \/>\n<a href=\"https:\/\/www.kissmykitchen.de\/\" target=\"_blank\" rel=\"noopener noreferrer\">Kiss my Kitchen \/ Hamburg<\/a><br \/>\n<a href=\"http:\/\/www.gullivertheis.de\/\" target=\"_blank\" rel=\"noopener noreferrer\">Gulliver Theis \/ Hamburg<\/a><\/div>\n<div><\/div>\n<div><\/div>\n<div>\n<h6><span class=\"block-wrap\"><a class=\"blogmore\" href=\"https:\/\/www.facebook.com\/meintagwerk\/\" target=\"_blank\" rel=\"noopener noreferrer\">Hier gehts zur Advents Aktion! Clicken\u00a0 <\/a><\/span><\/h6>\n<\/div>\n<p>&nbsp;<\/p>\n","protected":false},"excerpt":{"rendered":"<p>Advent, Advent bringt ein Geschenk! Zum Jahresende melden wir uns mit einer besonders sch\u00f6nen Aktion. Weihnachten steht vor der T\u00fcr und der stressige Endspurt beginnt. Wir haben uns \u00fcberlegt, dass wir Euch dieses Jahr beschenken m\u00f6chten! Geplant haben wir eine Advents Aktion. Daf\u00fcr haben wir einige Sponsoren gesucht und gebeten uns dabei mit wunderbaren, vielversprechenden [&#038;hellip<\/p>\n","protected":false},"author":7,"featured_media":4443,"comment_status":"open","ping_status":"open","sticky":false,"template":"","format":"standard","meta":{"footnotes":""},"categories":[11],"tags":[25,31,65,78,162,164,187,195,196,213,232,240,261,264,272,286,293,323,345,347,426],"yoast_head":"<!-- This site is optimized with the Yoast SEO plugin v20.4 - https:\/\/yoast.com\/wordpress\/plugins\/seo\/ -->\n<title>Advent Aktion. Sch\u00f6ne Bescherung! | meintagwerk<\/title>\n<meta name=\"robots\" content=\"index, follow, max-snippet:-1, max-image-preview:large, max-video-preview:-1\" \/>\n<link rel=\"canonical\" href=\"https:\/\/www.mein-tagwerk.de\/tagwerk\/advent-aktion-schoene-bescherung\/\" \/>\n<meta property=\"og:locale\" content=\"de_DE\" \/>\n<meta property=\"og:type\" content=\"article\" \/>\n<meta property=\"og:title\" content=\"Advent Aktion. Sch\u00f6ne Bescherung! | meintagwerk\" \/>\n<meta property=\"og:description\" content=\"Advent, Advent bringt ein Geschenk! Zum Jahresende melden wir uns mit einer besonders sch\u00f6nen Aktion. Weihnachten steht vor der T\u00fcr und der stressige Endspurt beginnt. Wir haben uns \u00fcberlegt, dass wir Euch dieses Jahr beschenken m\u00f6chten! Geplant haben wir eine Advents Aktion. Daf\u00fcr haben wir einige Sponsoren gesucht und gebeten uns dabei mit wunderbaren, vielversprechenden [&amp;hellip\" \/>\n<meta property=\"og:url\" content=\"https:\/\/www.mein-tagwerk.de\/tagwerk\/advent-aktion-schoene-bescherung\/\" \/>\n<meta property=\"og:site_name\" content=\"meintagwerk\" \/>\n<meta property=\"article:published_time\" content=\"2018-11-29T22:46:29+00:00\" \/>\n<meta property=\"og:image\" content=\"https:\/\/www.mein-tagwerk.de\/tagwerk\/wp-content\/uploads\/2018\/11\/Newletterxmas.jpg\" \/>\n\t<meta property=\"og:image:width\" content=\"595\" \/>\n\t<meta property=\"og:image:height\" content=\"397\" \/>\n\t<meta property=\"og:image:type\" content=\"image\/jpeg\" \/>\n<meta name=\"author\" content=\"Petra Schuster\" \/>\n<meta name=\"twitter:card\" content=\"summary_large_image\" \/>\n<meta name=\"twitter:label1\" content=\"Verfasst von\" \/>\n\t<meta name=\"twitter:data1\" content=\"Petra Schuster\" \/>\n\t<meta name=\"twitter:label2\" content=\"Gesch\u00e4tzte Lesezeit\" \/>\n\t<meta name=\"twitter:data2\" content=\"1\u00a0Minute\" \/>\n<script type=\"application\/ld+json\" class=\"yoast-schema-graph\">{\"@context\":\"https:\/\/schema.org\",\"@graph\":[{\"@type\":\"Article\",\"@id\":\"https:\/\/www.mein-tagwerk.de\/tagwerk\/advent-aktion-schoene-bescherung\/#article\",\"isPartOf\":{\"@id\":\"https:\/\/www.mein-tagwerk.de\/tagwerk\/advent-aktion-schoene-bescherung\/\"},\"author\":{\"name\":\"Petra Schuster\",\"@id\":\"https:\/\/www.mein-tagwerk.de\/tagwerk\/#\/schema\/person\/00050f870e9c9b60d4f756d870bf236d\"},\"headline\":\"Advent Aktion. Sch\u00f6ne Bescherung!\",\"datePublished\":\"2018-11-29T22:46:29+00:00\",\"dateModified\":\"2018-11-29T22:46:29+00:00\",\"mainEntityOfPage\":{\"@id\":\"https:\/\/www.mein-tagwerk.de\/tagwerk\/advent-aktion-schoene-bescherung\/\"},\"wordCount\":212,\"commentCount\":0,\"publisher\":{\"@id\":\"https:\/\/www.mein-tagwerk.de\/tagwerk\/#organization\"},\"keywords\":[\"advent\",\"Alltag\",\"Berlin\",\"Bridge and tunnel\",\"Freelancer\",\"Freiberufler\",\"grafikdesign\",\"Gulliver Theis\",\"Hamburg\",\"Ideen\",\"Kiss my Kitchen\",\"Kolor\",\"leipzig\",\"Litnity\",\"meintagwerk\",\"navucko\",\"Online Buchhaltung\",\"Ratzeburg\",\"Selbstst\u00e4ndig arbeiten\",\"Selbstst\u00e4ndigkeit\",\"weihnachten\"],\"articleSection\":[\"belegjunkie\"],\"inLanguage\":\"de\",\"potentialAction\":[{\"@type\":\"CommentAction\",\"name\":\"Comment\",\"target\":[\"https:\/\/www.mein-tagwerk.de\/tagwerk\/advent-aktion-schoene-bescherung\/#respond\"]}]},{\"@type\":\"WebPage\",\"@id\":\"https:\/\/www.mein-tagwerk.de\/tagwerk\/advent-aktion-schoene-bescherung\/\",\"url\":\"https:\/\/www.mein-tagwerk.de\/tagwerk\/advent-aktion-schoene-bescherung\/\",\"name\":\"Advent Aktion. Sch\u00f6ne Bescherung! | meintagwerk\",\"isPartOf\":{\"@id\":\"https:\/\/www.mein-tagwerk.de\/tagwerk\/#website\"},\"datePublished\":\"2018-11-29T22:46:29+00:00\",\"dateModified\":\"2018-11-29T22:46:29+00:00\",\"breadcrumb\":{\"@id\":\"https:\/\/www.mein-tagwerk.de\/tagwerk\/advent-aktion-schoene-bescherung\/#breadcrumb\"},\"inLanguage\":\"de\",\"potentialAction\":[{\"@type\":\"ReadAction\",\"target\":[\"https:\/\/www.mein-tagwerk.de\/tagwerk\/advent-aktion-schoene-bescherung\/\"]}]},{\"@type\":\"BreadcrumbList\",\"@id\":\"https:\/\/www.mein-tagwerk.de\/tagwerk\/advent-aktion-schoene-bescherung\/#breadcrumb\",\"itemListElement\":[{\"@type\":\"ListItem\",\"position\":1,\"name\":\"Home\",\"item\":\"https:\/\/www.mein-tagwerk.de\/tagwerk\/\"},{\"@type\":\"ListItem\",\"position\":2,\"name\":\"Advent Aktion. Sch\u00f6ne Bescherung!\"}]},{\"@type\":\"WebSite\",\"@id\":\"https:\/\/www.mein-tagwerk.de\/tagwerk\/#website\",\"url\":\"https:\/\/www.mein-tagwerk.de\/tagwerk\/\",\"name\":\"meintagwerk\",\"description\":\"Online Buchhaltung f\u00fcr Freiberufler, Freelancer und Selbst\u00e4ndige\",\"publisher\":{\"@id\":\"https:\/\/www.mein-tagwerk.de\/tagwerk\/#organization\"},\"potentialAction\":[{\"@type\":\"SearchAction\",\"target\":{\"@type\":\"EntryPoint\",\"urlTemplate\":\"https:\/\/www.mein-tagwerk.de\/tagwerk\/?s={search_term_string}\"},\"query-input\":\"required name=search_term_string\"}],\"inLanguage\":\"de\"},{\"@type\":\"Organization\",\"@id\":\"https:\/\/www.mein-tagwerk.de\/tagwerk\/#organization\",\"name\":\"tagwerk\",\"url\":\"https:\/\/www.mein-tagwerk.de\/tagwerk\/\",\"logo\":{\"@type\":\"ImageObject\",\"inLanguage\":\"de\",\"@id\":\"https:\/\/www.mein-tagwerk.de\/tagwerk\/#\/schema\/logo\/image\/\",\"url\":\"https:\/\/www.mein-tagwerk.de\/tagwerk\/wp-content\/uploads\/2013\/08\/130611_logo-tagwerk-corporate.png\",\"contentUrl\":\"https:\/\/www.mein-tagwerk.de\/tagwerk\/wp-content\/uploads\/2013\/08\/130611_logo-tagwerk-corporate.png\",\"width\":328,\"height\":140,\"caption\":\"tagwerk\"},\"image\":{\"@id\":\"https:\/\/www.mein-tagwerk.de\/tagwerk\/#\/schema\/logo\/image\/\"}},{\"@type\":\"Person\",\"@id\":\"https:\/\/www.mein-tagwerk.de\/tagwerk\/#\/schema\/person\/00050f870e9c9b60d4f756d870bf236d\",\"name\":\"Petra Schuster\",\"image\":{\"@type\":\"ImageObject\",\"inLanguage\":\"de\",\"@id\":\"https:\/\/www.mein-tagwerk.de\/tagwerk\/#\/schema\/person\/image\/\",\"url\":\"https:\/\/www.mein-tagwerk.de\/tagwerk\/wp-content\/uploads\/2019\/05\/Image-meSW-96x96.jpg\",\"contentUrl\":\"https:\/\/www.mein-tagwerk.de\/tagwerk\/wp-content\/uploads\/2019\/05\/Image-meSW-96x96.jpg\",\"caption\":\"Petra Schuster\"},\"url\":\"https:\/\/www.mein-tagwerk.de\/tagwerk\/author\/petra\/\"}]}<\/script>\n<!-- \/ Yoast SEO plugin. -->","yoast_head_json":{"title":"Advent Aktion. Sch\u00f6ne Bescherung! | meintagwerk","robots":{"index":"index","follow":"follow","max-snippet":"max-snippet:-1","max-image-preview":"max-image-preview:large","max-video-preview":"max-video-preview:-1"},"canonical":"https:\/\/www.mein-tagwerk.de\/tagwerk\/advent-aktion-schoene-bescherung\/","og_locale":"de_DE","og_type":"article","og_title":"Advent Aktion. Sch\u00f6ne Bescherung! | meintagwerk","og_description":"Advent, Advent bringt ein Geschenk! Zum Jahresende melden wir uns mit einer besonders sch\u00f6nen Aktion. Weihnachten steht vor der T\u00fcr und der stressige Endspurt beginnt. Wir haben uns \u00fcberlegt, dass wir Euch dieses Jahr beschenken m\u00f6chten! Geplant haben wir eine Advents Aktion. Daf\u00fcr haben wir einige Sponsoren gesucht und gebeten uns dabei mit wunderbaren, vielversprechenden [&hellip","og_url":"https:\/\/www.mein-tagwerk.de\/tagwerk\/advent-aktion-schoene-bescherung\/","og_site_name":"meintagwerk","article_published_time":"2018-11-29T22:46:29+00:00","og_image":[{"width":595,"height":397,"url":"https:\/\/www.mein-tagwerk.de\/tagwerk\/wp-content\/uploads\/2018\/11\/Newletterxmas.jpg","type":"image\/jpeg"}],"author":"Petra Schuster","twitter_card":"summary_large_image","twitter_misc":{"Verfasst von":"Petra Schuster","Gesch\u00e4tzte Lesezeit":"1\u00a0Minute"},"schema":{"@context":"https:\/\/schema.org","@graph":[{"@type":"Article","@id":"https:\/\/www.mein-tagwerk.de\/tagwerk\/advent-aktion-schoene-bescherung\/#article","isPartOf":{"@id":"https:\/\/www.mein-tagwerk.de\/tagwerk\/advent-aktion-schoene-bescherung\/"},"author":{"name":"Petra Schuster","@id":"https:\/\/www.mein-tagwerk.de\/tagwerk\/#\/schema\/person\/00050f870e9c9b60d4f756d870bf236d"},"headline":"Advent Aktion. Sch\u00f6ne Bescherung!","datePublished":"2018-11-29T22:46:29+00:00","dateModified":"2018-11-29T22:46:29+00:00","mainEntityOfPage":{"@id":"https:\/\/www.mein-tagwerk.de\/tagwerk\/advent-aktion-schoene-bescherung\/"},"wordCount":212,"commentCount":0,"publisher":{"@id":"https:\/\/www.mein-tagwerk.de\/tagwerk\/#organization"},"keywords":["advent","Alltag","Berlin","Bridge and tunnel","Freelancer","Freiberufler","grafikdesign","Gulliver Theis","Hamburg","Ideen","Kiss my Kitchen","Kolor","leipzig","Litnity","meintagwerk","navucko","Online Buchhaltung","Ratzeburg","Selbstst\u00e4ndig arbeiten","Selbstst\u00e4ndigkeit","weihnachten"],"articleSection":["belegjunkie"],"inLanguage":"de","potentialAction":[{"@type":"CommentAction","name":"Comment","target":["https:\/\/www.mein-tagwerk.de\/tagwerk\/advent-aktion-schoene-bescherung\/#respond"]}]},{"@type":"WebPage","@id":"https:\/\/www.mein-tagwerk.de\/tagwerk\/advent-aktion-schoene-bescherung\/","url":"https:\/\/www.mein-tagwerk.de\/tagwerk\/advent-aktion-schoene-bescherung\/","name":"Advent Aktion. Sch\u00f6ne Bescherung! | meintagwerk","isPartOf":{"@id":"https:\/\/www.mein-tagwerk.de\/tagwerk\/#website"},"datePublished":"2018-11-29T22:46:29+00:00","dateModified":"2018-11-29T22:46:29+00:00","breadcrumb":{"@id":"https:\/\/www.mein-tagwerk.de\/tagwerk\/advent-aktion-schoene-bescherung\/#breadcrumb"},"inLanguage":"de","potentialAction":[{"@type":"ReadAction","target":["https:\/\/www.mein-tagwerk.de\/tagwerk\/advent-aktion-schoene-bescherung\/"]}]},{"@type":"BreadcrumbList","@id":"https:\/\/www.mein-tagwerk.de\/tagwerk\/advent-aktion-schoene-bescherung\/#breadcrumb","itemListElement":[{"@type":"ListItem","position":1,"name":"Home","item":"https:\/\/www.mein-tagwerk.de\/tagwerk\/"},{"@type":"ListItem","position":2,"name":"Advent Aktion. Sch\u00f6ne Bescherung!"}]},{"@type":"WebSite","@id":"https:\/\/www.mein-tagwerk.de\/tagwerk\/#website","url":"https:\/\/www.mein-tagwerk.de\/tagwerk\/","name":"meintagwerk","description":"Online Buchhaltung f\u00fcr Freiberufler, Freelancer und Selbst\u00e4ndige","publisher":{"@id":"https:\/\/www.mein-tagwerk.de\/tagwerk\/#organization"},"potentialAction":[{"@type":"SearchAction","target":{"@type":"EntryPoint","urlTemplate":"https:\/\/www.mein-tagwerk.de\/tagwerk\/?s={search_term_string}"},"query-input":"required name=search_term_string"}],"inLanguage":"de"},{"@type":"Organization","@id":"https:\/\/www.mein-tagwerk.de\/tagwerk\/#organization","name":"tagwerk","url":"https:\/\/www.mein-tagwerk.de\/tagwerk\/","logo":{"@type":"ImageObject","inLanguage":"de","@id":"https:\/\/www.mein-tagwerk.de\/tagwerk\/#\/schema\/logo\/image\/","url":"https:\/\/www.mein-tagwerk.de\/tagwerk\/wp-content\/uploads\/2013\/08\/130611_logo-tagwerk-corporate.png","contentUrl":"https:\/\/www.mein-tagwerk.de\/tagwerk\/wp-content\/uploads\/2013\/08\/130611_logo-tagwerk-corporate.png","width":328,"height":140,"caption":"tagwerk"},"image":{"@id":"https:\/\/www.mein-tagwerk.de\/tagwerk\/#\/schema\/logo\/image\/"}},{"@type":"Person","@id":"https:\/\/www.mein-tagwerk.de\/tagwerk\/#\/schema\/person\/00050f870e9c9b60d4f756d870bf236d","name":"Petra Schuster","image":{"@type":"ImageObject","inLanguage":"de","@id":"https:\/\/www.mein-tagwerk.de\/tagwerk\/#\/schema\/person\/image\/","url":"https:\/\/www.mein-tagwerk.de\/tagwerk\/wp-content\/uploads\/2019\/05\/Image-meSW-96x96.jpg","contentUrl":"https:\/\/www.mein-tagwerk.de\/tagwerk\/wp-content\/uploads\/2019\/05\/Image-meSW-96x96.jpg","caption":"Petra Schuster"},"url":"https:\/\/www.mein-tagwerk.de\/tagwerk\/author\/petra\/"}]}},"_links":{"self":[{"href":"https:\/\/www.mein-tagwerk.de\/tagwerk\/wp-json\/wp\/v2\/posts\/4435"}],"collection":[{"href":"https:\/\/www.mein-tagwerk.de\/tagwerk\/wp-json\/wp\/v2\/posts"}],"about":[{"href":"https:\/\/www.mein-tagwerk.de\/tagwerk\/wp-json\/wp\/v2\/types\/post"}],"author":[{"embeddable":true,"href":"https:\/\/www.mein-tagwerk.de\/tagwerk\/wp-json\/wp\/v2\/users\/7"}],"replies":[{"embeddable":true,"href":"https:\/\/www.mein-tagwerk.de\/tagwerk\/wp-json\/wp\/v2\/comments?post=4435"}],"version-history":[{"count":0,"href":"https:\/\/www.mein-tagwerk.de\/tagwerk\/wp-json\/wp\/v2\/posts\/4435\/revisions"}],"wp:featuredmedia":[{"embeddable":true,"href":"https:\/\/www.mein-tagwerk.de\/tagwerk\/wp-json\/wp\/v2\/media\/4443"}],"wp:attachment":[{"href":"https:\/\/www.mein-tagwerk.de\/tagwerk\/wp-json\/wp\/v2\/media?parent=4435"}],"wp:term":[{"taxonomy":"category","embeddable":true,"href":"https:\/\/www.mein-tagwerk.de\/tagwerk\/wp-json\/wp\/v2\/categories?post=4435"},{"taxonomy":"post_tag","embeddable":true,"href":"https:\/\/www.mein-tagwerk.de\/tagwerk\/wp-json\/wp\/v2\/tags?post=4435"}],"curies":[{"name":"wp","href":"https:\/\/api.w.org\/{rel}","templated":true}]}}