{"id":451,"date":"2015-09-06T15:35:44","date_gmt":"2015-09-06T15:35:44","guid":{"rendered":"http:\/\/tagwerkblog.net\/?p=451"},"modified":"2015-09-06T15:35:44","modified_gmt":"2015-09-06T15:35:44","slug":"147-jahre-deadline-eine-wahre-geschichte","status":"publish","type":"post","link":"https:\/\/www.mein-tagwerk.de\/tagwerk\/147-jahre-deadline-eine-wahre-geschichte\/","title":{"rendered":"151 Jahre Deadline &#8211; Eine wahre Geschichte"},"content":{"rendered":"<p><a href=\"http:\/\/upload.wikimedia.org\/wikipedia\/commons\/thumb\/f\/fc\/Andersonville_pow_tents_photo.jpg\/250px-Andersonville_pow_tents_photo.jpg\" rel='prettyPhoto'><img loading=\"lazy\" decoding=\"async\" class=\"aligncenter size-full wp-image-457\" title=\"Deadline02\" alt=\"\" src=\"http:\/\/portwich.files.wordpress.com\/2011\/09\/deadline02.jpg\" height=\"204\" width=\"387\" srcset=\"https:\/\/www.mein-tagwerk.de\/tagwerk\/wp-content\/uploads\/2011\/09\/deadline02.jpg 387w, https:\/\/www.mein-tagwerk.de\/tagwerk\/wp-content\/uploads\/2011\/09\/deadline02-300x158.jpg 300w\" sizes=\"(max-width: 387px) 100vw, 387px\" \/><\/a><\/p>\n<p>Der nat\u00fcrlich Feind der Freelancer ist die Deadline. Sie ist das Damoklesschwert unter dem er\/sie arbeitet. Und nicht nur er\/sie, auch Normalsterbliche kommen von Zeit zu Zeit in diesen zweifelhaften Genuss. Und doch kann er nicht ohne sie, denn sie ist geradezu eingeschrieben in die Definition von Auftragsarbeit. Wer niemals eine Deadline zu erf\u00fcllen hat ist wohl kein Freelancer, sondern ein sehr gl\u00fccklicher Mensch und mit gro\u00dfer Wahrscheinlichkeit freischaffender K\u00fcnstler oder Pension\u00e4r. Die Deadline ist aber nicht nur Fluch, sondern auch Segen. Na ja, zumindest so etwas \u00e4hnliches. Sie ist das einzige bekannte Korrektiv zu hartn\u00e4ckiger Prokrastination und anderen Arbeitsblockaden (kranke Kinder, vernachl\u00e4ssigte Ehepartner, durchzechte N\u00e4chte), allerdings nur zu oft mit eher bescheidenen Heilungsaussichten. Auch hier trifft der englische Ausdruck die Sache mal wieder besser als das deutsch-verniedlichende \u201eFrist\u201c, denn \u201eTodeslinie\u201c klingt wirklich ernst. Existenziell. Gar Lebensbedrohlich. Nat\u00fcrlich sind geplatzte Deadlines vielfach harmloser als man gemeinhin denkt (\u201eAh, okay, nun, dann halt n\u00e4chste Woche, kein Problem&#8230;\u201c), ganz im Sinne einer alten Schachspieler-Regel: \u201eDie Drohung ist st\u00e4rker als die Ausf\u00fchrung\u201c. Aber wer jemals Deadline-Panik in einer durchgearbeiteten, koffeingeschw\u00e4ngerten Nacht hatte, wei\u00df, wovon die Rede ist. Und das Schlimme: Man gar nichts dagegen tun! Ein durch und durch psychologisches Ph\u00e4nomen, bei dem wir sch\u00e4fchen-d\u00e4mlich regelm\u00e4\u00dfig in unsere eigene Falle tappen. Ganz \u00e4hnlich dem Effekt, dass diejenigen, die am n\u00e4chsten zum Treffpunkt wohnen, immer als letztes eintrudeln, denn ist ja \u201esooo nah\u201c. Der Mensch scheint ein paar kleinere Probleme mit der Einsch\u00e4tzungen von Zeitspannen zu haben. Entweder wiegt er sich im Gef\u00fchl, dass es ja noch \u201eganz entspannt\u201c viel Zeit sei oder es ist bereits zu sp\u00e4t. Im Angesicht der Deadline hat man entweder zu viel oder zu wenig Zeit. Eine goldene Mitte gibt es nicht. Die wahre Deadline ist also eigentlich dort, wo man erkennt, dass man die Deadline nicht mehr halten kann. Und das war bei der ersten Deadline der Geschichte auch schon so.<\/p>\n<p><a href=\"https:\/\/commons.wikimedia.org\/wiki\/Category:Henry_Wirz#\/media\/File:Henry_Wirz_01_11.jpg\" rel='prettyPhoto'><img loading=\"lazy\" decoding=\"async\" class=\"alignleft size-full wp-image-459\" title=\"FotoWirtz\" alt=\"\" src=\"http:\/\/portwich.files.wordpress.com\/2011\/09\/fotowirtz.png\" height=\"160\" width=\"160\" srcset=\"https:\/\/www.mein-tagwerk.de\/tagwerk\/wp-content\/uploads\/2011\/09\/fotowirtz.png 160w, https:\/\/www.mein-tagwerk.de\/tagwerk\/wp-content\/uploads\/2011\/09\/fotowirtz-150x150.png 150w\" sizes=\"(max-width: 160px) 100vw, 160px\" \/><\/a>Interessanterweise f\u00fchrt uns die Recherche wieder in den Wilden Westen, (der Heimat der einzig coolen Freelancer, der Revolverhelden, s. <a title=\"Gastbeitrag Freelancer: Erdbeeren mit\u00a0Senf\" href=\"http:\/\/tagwerkblog.net\/2011\/07\/11\/gastbeitrag-freelancer-erdbeeren-mit-senf\/\" target=\"_blank\" rel=\"noopener noreferrer\">\u201eEdbeeren mit Senf\u201c<\/a>), genauer zum amerikanischen B\u00fcrgerkrieg. Forscht man ein wenig im Internet findet man \u00dcberraschendes, denn, siehe da, die Deadline ist die Erfindung eines Schweizers! Eines Arztes (ohne Abschluss) im Dienste der Konf\u00f6rderierten Armee (yep, das waren die Kollegen von Rhett Butler), der in Georgia, ein \u00fcbles Kriegsgefangenenlager geleitet hat. Ein wahrhaft f\u00fcrchterlicher Ort. Man mag das gar nicht erz\u00e4hlen, aber da m\u00fcssen wir jetzt durch, sorry. Dieses Camp war 1864 f\u00fcr ein paar Monate die f\u00fcnftgr\u00f6\u00dfte Stadt im amerikanischen S\u00fcden mit \u00fcber 45.000 Gefangenen, die dort wie Tiere eingepfercht zu Tausenden an Hunger und Krankheiten starben. Der in Z\u00fcrich geborene Heinrich\u00a0 (\u201eHenry\u201c) Hartmann Wirz war der Kommandant dieser Lagers und f\u00fcr die ganze Sauerei verantwortlich, weswegen ihm auch in Washington der Kriegsverbrecherprozess gemacht wurde, auch wenn nachher Zweifel an seiner wahren Schuld aufkamen. Auf dem Areal des Lagers gab es nun einen inneren Zaun, ein paar Meter von dem umschlie\u00dfenden Holzpalisaden entfernt, den kein Gefangener \u00fcberschreiten durfte ohne Gefahr zu laufen sofort erschossen zu werden. Man ahnt es schon: Das war die erste Deadline&#8230;<\/p>\n<p>Nun, diese Zeiten sind ja zum Gl\u00fcck vorbei (von solchen Scheu\u00dflichkeiten wie Guantanamo mal abgesehen), aber die Tragik der ersten Deadline scheint einige schwarz-humorige amerikanische Zeitungsleute in den 1920er Jahren angeregt haben, den Redaktionsschluss als \u201eDeadline\u201c zu bezeichnen. Nun, der Rest ist Geschichte und wir m\u00fcssen immer noch mit der perfiden Idee eines Schweizers herumschlagen! (Nichts gegen die Schweizer nat\u00fcrlich, ein durchaus sympathisches V\u00f6lkchen.)<\/p>\n<p>Vielleicht sagen wir in Zukunft doch lieber wieder \u201eFrist\u201c?<\/p>\n<p>P.S. Tausend Dank an Gerald f\u00fcr die gr\u00f6\u00dfz\u00fcgige Deadline f\u00fcr diesen Beitrag (\u201evielleicht n\u00e4chste Woche oder so?\u201c). So macht Arbeiten Spa\u00df!<\/p>\n","protected":false},"excerpt":{"rendered":"<p>Der nat\u00fcrlich Feind der Freelancer ist die Deadline. Sie ist das Damoklesschwert unter dem er\/sie arbeitet. Und nicht nur er\/sie, auch Normalsterbliche kommen von Zeit zu Zeit in diesen zweifelhaften Genuss. Und doch kann er nicht ohne sie, denn sie ist geradezu eingeschrieben in die Definition von Auftragsarbeit. Wer niemals eine Deadline zu erf\u00fcllen hat [&#038;hellip<\/p>\n","protected":false},"author":2,"featured_media":0,"comment_status":"open","ping_status":"open","sticky":false,"template":"","format":"standard","meta":{"footnotes":""},"categories":[4,7,10],"tags":[18,20,44,110,162,164,213,243,270,384,404],"yoast_head":"<!-- This site is optimized with the Yoast SEO plugin v20.4 - https:\/\/yoast.com\/wordpress\/plugins\/seo\/ -->\n<title>151 Jahre Deadline - Eine wahre Geschichte | meintagwerk<\/title>\n<meta name=\"robots\" content=\"index, follow, max-snippet:-1, max-image-preview:large, max-video-preview:-1\" \/>\n<link rel=\"canonical\" href=\"https:\/\/www.mein-tagwerk.de\/tagwerk\/147-jahre-deadline-eine-wahre-geschichte\/\" \/>\n<meta property=\"og:locale\" content=\"de_DE\" \/>\n<meta property=\"og:type\" content=\"article\" \/>\n<meta property=\"og:title\" content=\"151 Jahre Deadline - Eine wahre Geschichte | meintagwerk\" \/>\n<meta property=\"og:description\" content=\"Der nat\u00fcrlich Feind der Freelancer ist die Deadline. Sie ist das Damoklesschwert unter dem er\/sie arbeitet. Und nicht nur er\/sie, auch Normalsterbliche kommen von Zeit zu Zeit in diesen zweifelhaften Genuss. Und doch kann er nicht ohne sie, denn sie ist geradezu eingeschrieben in die Definition von Auftragsarbeit. Wer niemals eine Deadline zu erf\u00fcllen hat [&amp;hellip\" \/>\n<meta property=\"og:url\" content=\"https:\/\/www.mein-tagwerk.de\/tagwerk\/147-jahre-deadline-eine-wahre-geschichte\/\" \/>\n<meta property=\"og:site_name\" content=\"meintagwerk\" \/>\n<meta property=\"article:published_time\" content=\"2015-09-06T15:35:44+00:00\" \/>\n<meta property=\"og:image\" content=\"http:\/\/portwich.files.wordpress.com\/2011\/09\/deadline02.jpg\" \/>\n<meta name=\"author\" content=\"mein-tagwerk\" \/>\n<meta name=\"twitter:card\" content=\"summary_large_image\" \/>\n<meta name=\"twitter:label1\" content=\"Verfasst von\" \/>\n\t<meta name=\"twitter:data1\" content=\"mein-tagwerk\" \/>\n\t<meta name=\"twitter:label2\" content=\"Gesch\u00e4tzte Lesezeit\" \/>\n\t<meta name=\"twitter:data2\" content=\"3\u00a0Minuten\" \/>\n<script type=\"application\/ld+json\" class=\"yoast-schema-graph\">{\"@context\":\"https:\/\/schema.org\",\"@graph\":[{\"@type\":\"Article\",\"@id\":\"https:\/\/www.mein-tagwerk.de\/tagwerk\/147-jahre-deadline-eine-wahre-geschichte\/#article\",\"isPartOf\":{\"@id\":\"https:\/\/www.mein-tagwerk.de\/tagwerk\/147-jahre-deadline-eine-wahre-geschichte\/\"},\"author\":{\"name\":\"mein-tagwerk\",\"@id\":\"https:\/\/www.mein-tagwerk.de\/tagwerk\/#\/schema\/person\/2379d1f72432a2dc68c89810b9ec6cd8\"},\"headline\":\"151 Jahre Deadline &#8211; Eine wahre Geschichte\",\"datePublished\":\"2015-09-06T15:35:44+00:00\",\"dateModified\":\"2015-09-06T15:35:44+00:00\",\"mainEntityOfPage\":{\"@id\":\"https:\/\/www.mein-tagwerk.de\/tagwerk\/147-jahre-deadline-eine-wahre-geschichte\/\"},\"wordCount\":654,\"commentCount\":0,\"publisher\":{\"@id\":\"https:\/\/www.mein-tagwerk.de\/tagwerk\/#organization\"},\"keywords\":[\"9 Beitr\u00e4ge\",\"Abgabe\",\"Arbeitszeit\",\"Deadline\",\"Freelancer\",\"Freiberufler\",\"Ideen\",\"Komplettl\u00f6sung online\",\"mein tagwerk\",\"tagwerk\",\"Tr\u00e4umereien\"],\"articleSection\":[\"3 tagwerktipps\",\"6 Gastbeitr\u00e4ge\",\"9 Beitr\u00e4ge, Ideen, Tr\u00e4umereien\"],\"inLanguage\":\"de\",\"potentialAction\":[{\"@type\":\"CommentAction\",\"name\":\"Comment\",\"target\":[\"https:\/\/www.mein-tagwerk.de\/tagwerk\/147-jahre-deadline-eine-wahre-geschichte\/#respond\"]}]},{\"@type\":\"WebPage\",\"@id\":\"https:\/\/www.mein-tagwerk.de\/tagwerk\/147-jahre-deadline-eine-wahre-geschichte\/\",\"url\":\"https:\/\/www.mein-tagwerk.de\/tagwerk\/147-jahre-deadline-eine-wahre-geschichte\/\",\"name\":\"151 Jahre Deadline - Eine wahre Geschichte | meintagwerk\",\"isPartOf\":{\"@id\":\"https:\/\/www.mein-tagwerk.de\/tagwerk\/#website\"},\"datePublished\":\"2015-09-06T15:35:44+00:00\",\"dateModified\":\"2015-09-06T15:35:44+00:00\",\"breadcrumb\":{\"@id\":\"https:\/\/www.mein-tagwerk.de\/tagwerk\/147-jahre-deadline-eine-wahre-geschichte\/#breadcrumb\"},\"inLanguage\":\"de\",\"potentialAction\":[{\"@type\":\"ReadAction\",\"target\":[\"https:\/\/www.mein-tagwerk.de\/tagwerk\/147-jahre-deadline-eine-wahre-geschichte\/\"]}]},{\"@type\":\"BreadcrumbList\",\"@id\":\"https:\/\/www.mein-tagwerk.de\/tagwerk\/147-jahre-deadline-eine-wahre-geschichte\/#breadcrumb\",\"itemListElement\":[{\"@type\":\"ListItem\",\"position\":1,\"name\":\"Home\",\"item\":\"https:\/\/www.mein-tagwerk.de\/tagwerk\/\"},{\"@type\":\"ListItem\",\"position\":2,\"name\":\"151 Jahre Deadline &#8211; Eine wahre Geschichte\"}]},{\"@type\":\"WebSite\",\"@id\":\"https:\/\/www.mein-tagwerk.de\/tagwerk\/#website\",\"url\":\"https:\/\/www.mein-tagwerk.de\/tagwerk\/\",\"name\":\"meintagwerk\",\"description\":\"Online Buchhaltung f\u00fcr Freiberufler, Freelancer und Selbst\u00e4ndige\",\"publisher\":{\"@id\":\"https:\/\/www.mein-tagwerk.de\/tagwerk\/#organization\"},\"potentialAction\":[{\"@type\":\"SearchAction\",\"target\":{\"@type\":\"EntryPoint\",\"urlTemplate\":\"https:\/\/www.mein-tagwerk.de\/tagwerk\/?s={search_term_string}\"},\"query-input\":\"required name=search_term_string\"}],\"inLanguage\":\"de\"},{\"@type\":\"Organization\",\"@id\":\"https:\/\/www.mein-tagwerk.de\/tagwerk\/#organization\",\"name\":\"tagwerk\",\"url\":\"https:\/\/www.mein-tagwerk.de\/tagwerk\/\",\"logo\":{\"@type\":\"ImageObject\",\"inLanguage\":\"de\",\"@id\":\"https:\/\/www.mein-tagwerk.de\/tagwerk\/#\/schema\/logo\/image\/\",\"url\":\"https:\/\/www.mein-tagwerk.de\/tagwerk\/wp-content\/uploads\/2013\/08\/130611_logo-tagwerk-corporate.png\",\"contentUrl\":\"https:\/\/www.mein-tagwerk.de\/tagwerk\/wp-content\/uploads\/2013\/08\/130611_logo-tagwerk-corporate.png\",\"width\":328,\"height\":140,\"caption\":\"tagwerk\"},\"image\":{\"@id\":\"https:\/\/www.mein-tagwerk.de\/tagwerk\/#\/schema\/logo\/image\/\"}},{\"@type\":\"Person\",\"@id\":\"https:\/\/www.mein-tagwerk.de\/tagwerk\/#\/schema\/person\/2379d1f72432a2dc68c89810b9ec6cd8\",\"name\":\"mein-tagwerk\",\"image\":{\"@type\":\"ImageObject\",\"inLanguage\":\"de\",\"@id\":\"https:\/\/www.mein-tagwerk.de\/tagwerk\/#\/schema\/person\/image\/\",\"url\":\"https:\/\/secure.gravatar.com\/avatar\/e595fd542c69190f17918a1e8d51e20c?s=96&d=mm&r=g\",\"contentUrl\":\"https:\/\/secure.gravatar.com\/avatar\/e595fd542c69190f17918a1e8d51e20c?s=96&d=mm&r=g\",\"caption\":\"mein-tagwerk\"},\"url\":\"https:\/\/www.mein-tagwerk.de\/tagwerk\/author\/mein-tagwerk\/\"}]}<\/script>\n<!-- \/ Yoast SEO plugin. -->","yoast_head_json":{"title":"151 Jahre Deadline - Eine wahre Geschichte | meintagwerk","robots":{"index":"index","follow":"follow","max-snippet":"max-snippet:-1","max-image-preview":"max-image-preview:large","max-video-preview":"max-video-preview:-1"},"canonical":"https:\/\/www.mein-tagwerk.de\/tagwerk\/147-jahre-deadline-eine-wahre-geschichte\/","og_locale":"de_DE","og_type":"article","og_title":"151 Jahre Deadline - Eine wahre Geschichte | meintagwerk","og_description":"Der nat\u00fcrlich Feind der Freelancer ist die Deadline. Sie ist das Damoklesschwert unter dem er\/sie arbeitet. Und nicht nur er\/sie, auch Normalsterbliche kommen von Zeit zu Zeit in diesen zweifelhaften Genuss. Und doch kann er nicht ohne sie, denn sie ist geradezu eingeschrieben in die Definition von Auftragsarbeit. Wer niemals eine Deadline zu erf\u00fcllen hat [&hellip","og_url":"https:\/\/www.mein-tagwerk.de\/tagwerk\/147-jahre-deadline-eine-wahre-geschichte\/","og_site_name":"meintagwerk","article_published_time":"2015-09-06T15:35:44+00:00","og_image":[{"url":"http:\/\/portwich.files.wordpress.com\/2011\/09\/deadline02.jpg"}],"author":"mein-tagwerk","twitter_card":"summary_large_image","twitter_misc":{"Verfasst von":"mein-tagwerk","Gesch\u00e4tzte Lesezeit":"3\u00a0Minuten"},"schema":{"@context":"https:\/\/schema.org","@graph":[{"@type":"Article","@id":"https:\/\/www.mein-tagwerk.de\/tagwerk\/147-jahre-deadline-eine-wahre-geschichte\/#article","isPartOf":{"@id":"https:\/\/www.mein-tagwerk.de\/tagwerk\/147-jahre-deadline-eine-wahre-geschichte\/"},"author":{"name":"mein-tagwerk","@id":"https:\/\/www.mein-tagwerk.de\/tagwerk\/#\/schema\/person\/2379d1f72432a2dc68c89810b9ec6cd8"},"headline":"151 Jahre Deadline &#8211; Eine wahre Geschichte","datePublished":"2015-09-06T15:35:44+00:00","dateModified":"2015-09-06T15:35:44+00:00","mainEntityOfPage":{"@id":"https:\/\/www.mein-tagwerk.de\/tagwerk\/147-jahre-deadline-eine-wahre-geschichte\/"},"wordCount":654,"commentCount":0,"publisher":{"@id":"https:\/\/www.mein-tagwerk.de\/tagwerk\/#organization"},"keywords":["9 Beitr\u00e4ge","Abgabe","Arbeitszeit","Deadline","Freelancer","Freiberufler","Ideen","Komplettl\u00f6sung online","mein tagwerk","tagwerk","Tr\u00e4umereien"],"articleSection":["3 tagwerktipps","6 Gastbeitr\u00e4ge","9 Beitr\u00e4ge, Ideen, Tr\u00e4umereien"],"inLanguage":"de","potentialAction":[{"@type":"CommentAction","name":"Comment","target":["https:\/\/www.mein-tagwerk.de\/tagwerk\/147-jahre-deadline-eine-wahre-geschichte\/#respond"]}]},{"@type":"WebPage","@id":"https:\/\/www.mein-tagwerk.de\/tagwerk\/147-jahre-deadline-eine-wahre-geschichte\/","url":"https:\/\/www.mein-tagwerk.de\/tagwerk\/147-jahre-deadline-eine-wahre-geschichte\/","name":"151 Jahre Deadline - Eine wahre Geschichte | meintagwerk","isPartOf":{"@id":"https:\/\/www.mein-tagwerk.de\/tagwerk\/#website"},"datePublished":"2015-09-06T15:35:44+00:00","dateModified":"2015-09-06T15:35:44+00:00","breadcrumb":{"@id":"https:\/\/www.mein-tagwerk.de\/tagwerk\/147-jahre-deadline-eine-wahre-geschichte\/#breadcrumb"},"inLanguage":"de","potentialAction":[{"@type":"ReadAction","target":["https:\/\/www.mein-tagwerk.de\/tagwerk\/147-jahre-deadline-eine-wahre-geschichte\/"]}]},{"@type":"BreadcrumbList","@id":"https:\/\/www.mein-tagwerk.de\/tagwerk\/147-jahre-deadline-eine-wahre-geschichte\/#breadcrumb","itemListElement":[{"@type":"ListItem","position":1,"name":"Home","item":"https:\/\/www.mein-tagwerk.de\/tagwerk\/"},{"@type":"ListItem","position":2,"name":"151 Jahre Deadline &#8211; Eine wahre Geschichte"}]},{"@type":"WebSite","@id":"https:\/\/www.mein-tagwerk.de\/tagwerk\/#website","url":"https:\/\/www.mein-tagwerk.de\/tagwerk\/","name":"meintagwerk","description":"Online Buchhaltung f\u00fcr Freiberufler, Freelancer und Selbst\u00e4ndige","publisher":{"@id":"https:\/\/www.mein-tagwerk.de\/tagwerk\/#organization"},"potentialAction":[{"@type":"SearchAction","target":{"@type":"EntryPoint","urlTemplate":"https:\/\/www.mein-tagwerk.de\/tagwerk\/?s={search_term_string}"},"query-input":"required name=search_term_string"}],"inLanguage":"de"},{"@type":"Organization","@id":"https:\/\/www.mein-tagwerk.de\/tagwerk\/#organization","name":"tagwerk","url":"https:\/\/www.mein-tagwerk.de\/tagwerk\/","logo":{"@type":"ImageObject","inLanguage":"de","@id":"https:\/\/www.mein-tagwerk.de\/tagwerk\/#\/schema\/logo\/image\/","url":"https:\/\/www.mein-tagwerk.de\/tagwerk\/wp-content\/uploads\/2013\/08\/130611_logo-tagwerk-corporate.png","contentUrl":"https:\/\/www.mein-tagwerk.de\/tagwerk\/wp-content\/uploads\/2013\/08\/130611_logo-tagwerk-corporate.png","width":328,"height":140,"caption":"tagwerk"},"image":{"@id":"https:\/\/www.mein-tagwerk.de\/tagwerk\/#\/schema\/logo\/image\/"}},{"@type":"Person","@id":"https:\/\/www.mein-tagwerk.de\/tagwerk\/#\/schema\/person\/2379d1f72432a2dc68c89810b9ec6cd8","name":"mein-tagwerk","image":{"@type":"ImageObject","inLanguage":"de","@id":"https:\/\/www.mein-tagwerk.de\/tagwerk\/#\/schema\/person\/image\/","url":"https:\/\/secure.gravatar.com\/avatar\/e595fd542c69190f17918a1e8d51e20c?s=96&d=mm&r=g","contentUrl":"https:\/\/secure.gravatar.com\/avatar\/e595fd542c69190f17918a1e8d51e20c?s=96&d=mm&r=g","caption":"mein-tagwerk"},"url":"https:\/\/www.mein-tagwerk.de\/tagwerk\/author\/mein-tagwerk\/"}]}},"_links":{"self":[{"href":"https:\/\/www.mein-tagwerk.de\/tagwerk\/wp-json\/wp\/v2\/posts\/451"}],"collection":[{"href":"https:\/\/www.mein-tagwerk.de\/tagwerk\/wp-json\/wp\/v2\/posts"}],"about":[{"href":"https:\/\/www.mein-tagwerk.de\/tagwerk\/wp-json\/wp\/v2\/types\/post"}],"author":[{"embeddable":true,"href":"https:\/\/www.mein-tagwerk.de\/tagwerk\/wp-json\/wp\/v2\/users\/2"}],"replies":[{"embeddable":true,"href":"https:\/\/www.mein-tagwerk.de\/tagwerk\/wp-json\/wp\/v2\/comments?post=451"}],"version-history":[{"count":0,"href":"https:\/\/www.mein-tagwerk.de\/tagwerk\/wp-json\/wp\/v2\/posts\/451\/revisions"}],"wp:attachment":[{"href":"https:\/\/www.mein-tagwerk.de\/tagwerk\/wp-json\/wp\/v2\/media?parent=451"}],"wp:term":[{"taxonomy":"category","embeddable":true,"href":"https:\/\/www.mein-tagwerk.de\/tagwerk\/wp-json\/wp\/v2\/categories?post=451"},{"taxonomy":"post_tag","embeddable":true,"href":"https:\/\/www.mein-tagwerk.de\/tagwerk\/wp-json\/wp\/v2\/tags?post=451"}],"curies":[{"name":"wp","href":"https:\/\/api.w.org\/{rel}","templated":true}]}}