{"id":4511,"date":"2019-04-12T10:20:24","date_gmt":"2019-04-12T10:20:24","guid":{"rendered":"https:\/\/www.mein-tagwerk.de\/tagwerk\/?p=4511"},"modified":"2019-04-12T10:20:24","modified_gmt":"2019-04-12T10:20:24","slug":"till-ist-vernarrt-in-sounds","status":"publish","type":"post","link":"https:\/\/www.mein-tagwerk.de\/tagwerk\/till-ist-vernarrt-in-sounds\/","title":{"rendered":"Till ist vernarrt in Sounds"},"content":{"rendered":"<h2>Ein Sounddesigner aus der gr\u00f6\u00dften Kleinstadt der Welt<\/h2>\n<p>Heute stellt sich Till Schaarschmidt in unserem Blog vor. \u00dcber die Leidenschaft Geschichten zu erz\u00e4hlen ist er zu seinem Beruf als\u00a0Filmtonmeister und Sounddesigner gekommen. Mit Hilfe der Sound- und Tongestaltung untermalt er nicht einfach Geschichten. Er macht sie greifbar. Er versteht es das Potenstial der Sounds zu nutzen um dem Zuschauer die Geschichten &#8222;schmackhafter&#8220; zu machen.<\/p>\n<div id=\"attachment_4529\" style=\"width: 660px\" class=\"wp-caption alignnone\"><a href=\"http:\/\/tillschaarschmidt.com\/\" target=\"_blank\" rel=\"noopener noreferrer\"><img loading=\"lazy\" decoding=\"async\" aria-describedby=\"caption-attachment-4529\" class=\"wp-image-4529\" src=\"http:\/\/91.250.96.11\/tagwerk\/wp-content\/uploads\/2019\/04\/schaarschmidt_audio_web-52028-768x1024.jpg\" rel='prettyPhoto' alt=\"K\u00f6ln, Berlin, Rheinland, Bildhauerei,Beraterin, coach, Startup, F\u00fchrungskr\u00e4fte, Gl\u00fccklich, Lieblingsplatz, Freiberufler, Hamburg, Freelancer, Grafikdesigner, meintagwerk, Tagwerk, Bildhauer, 3d design,, abschalten, ideen, Kreativ, Love, Strategieentwicklung, Wachstumsmanagement, Leadership, Sounddesign, sound, Ton,Filmtonmeister\" width=\"650\" height=\"867\" srcset=\"https:\/\/www.mein-tagwerk.de\/tagwerk\/wp-content\/uploads\/2019\/04\/schaarschmidt_audio_web-52028-768x1024.jpg 768w, https:\/\/www.mein-tagwerk.de\/tagwerk\/wp-content\/uploads\/2019\/04\/schaarschmidt_audio_web-52028-225x300.jpg 225w, https:\/\/www.mein-tagwerk.de\/tagwerk\/wp-content\/uploads\/2019\/04\/schaarschmidt_audio_web-52028-1152x1536.jpg 1152w, https:\/\/www.mein-tagwerk.de\/tagwerk\/wp-content\/uploads\/2019\/04\/schaarschmidt_audio_web-52028-622x829.jpg 622w, https:\/\/www.mein-tagwerk.de\/tagwerk\/wp-content\/uploads\/2019\/04\/schaarschmidt_audio_web-52028.jpg 1440w\" sizes=\"(max-width: 650px) 100vw, 650px\" \/><\/a><p id=\"caption-attachment-4529\" class=\"wp-caption-text\">Till Schaarschmidt Foto <a href=\"https:\/\/www.instagram.com\/philcengel\/\">(c) Phil C. Engel<\/a><\/p><\/div>\n<p>Hi, ich bin Till! Ich lebe im wundersch\u00f6nen K\u00f6ln am Rhein! Aufgewachsen bin ich in einem kleinen K\u00f6lner Vorort im Rhein-Sieg Kreis. W\u00e4hrend meines Studiums 2011 zog es mich dann aber schnell in die Domstadt. Ich sag immer gerne: \u201eK\u00f6ln ist die gr\u00f6\u00dfte Kleinstadt der Welt!\u201c. Sie ist zwar gesch\u00e4ftig aber wiederum auch nicht so gro\u00df das man nicht mal dem ein oder anderen bekannten Gesicht auf der Stra\u00dfe begegnet und das finde ich einfach unglaublich charmant!<\/p>\n<p>Ich arbeite als freier Sounddesigner. Hier werde ich von Studios projektbasiert gebucht um Filme oder H\u00f6rspiele zu vertonen. Die Palette reicht da von Werbespots \u00fcber Kinoproduktionen bis hin zu H\u00f6rspielen mit denen ich mich seit Beginn meiner reinen Selbstst\u00e4ndigkeit sehr viel besch\u00e4ftige.<\/p>\n<p>Dar\u00fcber hinaus gibt es ein paar Studios in K\u00f6ln die mich f\u00fcr als Freelancer f\u00fcr Sprach- oder Musikaufnahmen buchen. Ich erledige meine Arbeit also teils ausw\u00e4rts und teils in meinem eigenen Projektstudio.<\/p>\n<p>Ab und zu bin ich auch als Filmtonmeister bei Drehs anzutreffen, vor allem Dingen bei Werbeproduktionen. Da genie\u00dfe ich es total mal keine Arbeit zu machen die nur im Sitzen mit Tastatur und Maus ausgef\u00fchrt wird sondern k\u00f6rperlich auch etwas fordernd ist.<\/p>\n<p>Zu guter Letzt unterrichte ich noch gerne. Ich habe einen Lehrauftrag an den SAE-Instituten in K\u00f6ln, Bochum und Hannover und halte dort Vorlesungsreihen \u00fcber Filmton und die narrativen Aspekte der Filmtongestaltung. Gerade letzteres ist ein Thema f\u00fcr das mein Herz sehr schl\u00e4gt und bei dem ich gro\u00dfen Spa\u00df habe junge Studenten f\u00fcr diese Thematik zu begeistern.<\/p>\n<p>&nbsp;<\/p>\n<div id=\"attachment_4522\" style=\"width: 660px\" class=\"wp-caption alignnone\"><a href=\"http:\/\/http:\/\/www.tillschaarschmidt.com\/\" target=\"_blank\" rel=\"noopener noreferrer\"><img loading=\"lazy\" decoding=\"async\" aria-describedby=\"caption-attachment-4522\" class=\"wp-image-4522\" src=\"http:\/\/91.250.96.11\/tagwerk\/wp-content\/uploads\/2019\/04\/schaarschmidt_audio_web-52062-1024x768.jpg\" rel='prettyPhoto' alt=\"K\u00f6ln, Berlin, Rheinland,Musik, Startup, F\u00fchrungskr\u00e4fte, Gl\u00fccklich, Lieblingsplatz, Freiberufler, Hamburg, Freelancer, Grafikdesigner, meintagwerk, Tagwerk, abschalten, ideen, Kreativ, Love, Strategieentwicklung, Wachstumsmanagement, Leadership, Sounddesign, sound, Ton, Filmtonmeister\" width=\"650\" height=\"488\" srcset=\"https:\/\/www.mein-tagwerk.de\/tagwerk\/wp-content\/uploads\/2019\/04\/schaarschmidt_audio_web-52062-1024x768.jpg 1024w, https:\/\/www.mein-tagwerk.de\/tagwerk\/wp-content\/uploads\/2019\/04\/schaarschmidt_audio_web-52062-300x225.jpg 300w, https:\/\/www.mein-tagwerk.de\/tagwerk\/wp-content\/uploads\/2019\/04\/schaarschmidt_audio_web-52062-768x576.jpg 768w, https:\/\/www.mein-tagwerk.de\/tagwerk\/wp-content\/uploads\/2019\/04\/schaarschmidt_audio_web-52062-1536x1152.jpg 1536w, https:\/\/www.mein-tagwerk.de\/tagwerk\/wp-content\/uploads\/2019\/04\/schaarschmidt_audio_web-52062-622x467.jpg 622w, https:\/\/www.mein-tagwerk.de\/tagwerk\/wp-content\/uploads\/2019\/04\/schaarschmidt_audio_web-52062.jpg 1920w\" sizes=\"(max-width: 650px) 100vw, 650px\" \/><\/a><p id=\"caption-attachment-4522\" class=\"wp-caption-text\">Till at Work Foto <a href=\"https:\/\/www.instagram.com\/philcengel\/\">(c) Phil C. Engel<\/a><\/p><\/div>\n<h2>Seid wann arbeitest du freiberuflich und warum hast du diesen Weg gew\u00e4hlt?<\/h2>\n<p>Also komplett freiberuflich bin ich erst seit guten eineinhalb Monaten also noch ziemlich frisch! Ich war in den Jahren davor immer nebenberuflich als Freelancer t\u00e4tig hatte aber immer eine Festanstellung sei es als Dozent oder Tontechniker im R\u00fccken. Als dann mein letzter Zeitvertrag auslief und keine neue Anstellung in Sicht war hab ich letztendlich den Mut dazu aufgebracht zu sagen: \u201eKomm, jetzt probierst du das mal als reiner Freelancer!\u201c. So kann ich viel besser steuern in welche Richtung meine berufliche Laufbahn geht ohne dabei gr\u00f6\u00dfere Kompromisse eingehen zu m\u00fcssen.<\/p>\n<h2>Gibt es jemanden von dem du einen Ratschlag annimmst?<\/h2>\n<p>Definitiv von den Menschen in meinem Umfeld zu denen ich eine gro\u00dfe Vertrauensbasis aufgebaut habe. Mein bester Freund, Max, der zum einen selbst lange Zeit als Freelancer t\u00e4tig war und zum anderen mir auch einfach mal ins Gesicht sagt wenn ich eine richtig dumme Idee habe. Mein ehemaliger Chef, Dieter, dessen Art und Weise ich in meiner Zeit in seinem Studio sehr sch\u00e4tzen gelernt habe!<\/p>\n<h2>Mit welcher Idee hast du gegr\u00fcndet?<\/h2>\n<p>Tats\u00e4chlich keine einfach Frage. Meine Idee dahinter als Sounddesigner zu arbeiten wurzelt allerdings in meiner gro\u00dfen Leidenschaft zum Geschichten erz\u00e4hlen. Ich liebe es in die tiefen Hintergr\u00fcnde einer Story einzutauchen, die Charaktere und ihre Beweggr\u00fcnde zu verstehen, ihre Hintergr\u00fcnde und was sie zu dem was gemacht hat was sie sind und was sie vorantreibt, egal ob es fiktive oder reale Geschichten sind.<\/p>\n<p>Diese Leidenschaft zum Geschichten erz\u00e4hlen \u00fcbertrage ich auf meine Leidenschaft in der Arbeit mit Sound. Ich begreife Sound mehr als einfach nur eine klangliche Untermalung von Ereignissen um die Realit\u00e4t abzubilden. Vielmehr liegt im Sounddesign eines Films oder H\u00f6rspiels ein unglaublich gro\u00dfes narratives Potenzial, um eine Geschichte greifbarer und erlebbarer zu machen und ich liebe es aus jeder Geschichte an der ich arbeite das narrative Potenzial in der Tongestaltung herauszukitzeln. Das begreife ich als die Kernidee hinter meiner Arbeit!<\/p>\n<h2>Was w\u00fcrdest du auch gerne tun, wenn du nicht das tust was du jetzt tust?<\/h2>\n<p>Noch eine schwierige Frage :-D. Tats\u00e4chlich f\u00e4llt es mir sehr schwer mir etwas anderes vorzustellen als das zu tun was ich gerade tue, da bin ich sehr vernarrt. Tats\u00e4chlich k\u00f6nnte ich mir aber auch Arbeit im journalistischen Bereich gut vorstellen. H\u00e4tte ich jetzt genug Zeit w\u00fcrde ich wahrscheinlich auch versuchen sehr viel mehr von der Welt zu sehen und viel zu reisen. Meiner Leidenschaft nach bin ich dabei am besten immer mit einem kleinen Field-Recorder ausgestattet um meine Erlebnisse akustisch festzuhalten.<\/p>\n<h2>Hast du ein Vorbild?<\/h2>\n<p>In meinem Handwerk bewundere ich tats\u00e4chlich Sounddesigner Randy Thom der sich unglaublich gut darauf versteht Sound in Filmen als narratives Mittel einzusetzen. Seine Devise: \u201eThe right sound, at the right place, at the right time.\u201c finde ich unglaublich inspirierend.<\/p>\n<div id=\"attachment_4527\" style=\"width: 660px\" class=\"wp-caption alignnone\"><a href=\"http:\/\/tillschaarschmidt.com\" target=\"_blank\" rel=\"noopener noreferrer\"><img loading=\"lazy\" decoding=\"async\" aria-describedby=\"caption-attachment-4527\" class=\"wp-image-4527\" src=\"http:\/\/91.250.96.11\/tagwerk\/wp-content\/uploads\/2019\/04\/schaarschmidt_audio_web-52091-1024x768.jpg\" rel='prettyPhoto' alt=\"K\u00f6ln, Berlin, Rheinland, Bildhauerei,Beraterin, coach, Startup, F\u00fchrungskr\u00e4fte, Gl\u00fccklich, Lieblingsplatz, Freiberufler, Hamburg, Freelancer, Grafikdesigner, meintagwerk, Tagwerk, Bildhauer, 3d design,, abschalten, ideen, Kreativ, Love, Strategieentwicklung, Wachstumsmanagement, Leadership, Sounddesign, sound, Ton,Filmtonmeister\" width=\"650\" height=\"488\" srcset=\"https:\/\/www.mein-tagwerk.de\/tagwerk\/wp-content\/uploads\/2019\/04\/schaarschmidt_audio_web-52091-1024x768.jpg 1024w, https:\/\/www.mein-tagwerk.de\/tagwerk\/wp-content\/uploads\/2019\/04\/schaarschmidt_audio_web-52091-300x225.jpg 300w, https:\/\/www.mein-tagwerk.de\/tagwerk\/wp-content\/uploads\/2019\/04\/schaarschmidt_audio_web-52091-768x576.jpg 768w, https:\/\/www.mein-tagwerk.de\/tagwerk\/wp-content\/uploads\/2019\/04\/schaarschmidt_audio_web-52091-1536x1152.jpg 1536w, https:\/\/www.mein-tagwerk.de\/tagwerk\/wp-content\/uploads\/2019\/04\/schaarschmidt_audio_web-52091-622x467.jpg 622w, https:\/\/www.mein-tagwerk.de\/tagwerk\/wp-content\/uploads\/2019\/04\/schaarschmidt_audio_web-52091.jpg 1920w\" sizes=\"(max-width: 650px) 100vw, 650px\" \/><\/a><p id=\"caption-attachment-4527\" class=\"wp-caption-text\">Till Schaarschmidt Filmtonmeister\/Sounddesigner <a href=\"https:\/\/www.instagram.com\/philcengel\/\">Foto (c) Phil C. Engel<\/a><\/p><\/div>\n<h2>Was magst du an tagwerk am Liebsten?<\/h2>\n<p>Was ich an Tagwerk mag ist das es sehr unkompliziert in der Handhabung ist. Ich habe mich, mit meinem eingeschr\u00e4nkten Hintergrund in Buchhaltung, sehr schnell darin zurecht gefunden und hatte eine steile Lernkurve.<\/p>\n<h2>Dank tagwerk&#8230;<\/h2>\n<p>habe ich immer einen schnell und unkomplizierten \u00dcberblick \u00fcber meine Finanzen. Das gibt mir ein gewisses Ma\u00df an Sicherheit und Ordnung und ich kann mich dadurch besser auf den kreativen Teil meiner Arbeit konzentrieren.<\/p>\n<h2>Buchhaltung. Das allerschlimmste f\u00fcr dich ist \u2026<\/h2>\n<p>Zwei Dinge:<\/p>\n<p>1. Kunden, die ihre Rechnungen nicht rechtzeitig begleichen.<br \/>\n2. Ein riesiger Berg unbearbeiteter Quittungen.<\/p>\n<p>&nbsp;<\/p>\n<h2>Zu guter Letzt. Sei unser Coach: Hast du Tipps f\u00fcr uns? Was k\u00f6nnen wir noch besser machen?<\/h2>\n<p>Die Mobile-App vorantreiben! Wenn ich die gesamte Funktionalit\u00e4t des Web-Interfaces irgendwann \u00fcber mein Smartphone in der Hosentasche habe, w\u00e4re das gro\u00dfartig!<\/p>\n<p>Eben falls f\u00e4nde ich eine Funktion sehr praktisch in der einem die Software direkt einen beliebig einstellbaren Einkommenssteuersatz von jeder Rechnung herunter rechnen w\u00fcrde. So h\u00e4tte ich direkt im Blick wieviel ich von jeder Rechnung f\u00fcr die Einkommensteuer beiseite legen muss.<\/p>\n<h2>Zu allerletzt: Hast du ein Lieblingsbuch? Einen Lieblingsplatz, zb in deiner Stadt? Oder ein Lieblingslied?<\/h2>\n<p>Ein Lieblingsbuch auf jeden Fall das micht sehr beeindruckt hat: \u201eHectors Reise oder die Suche nach dem Gl\u00fcck\u201c von Francois Lelord. Eine wundersch\u00f6ne Geschichte die ich jedem empfehlen kann der sich manchmal niedergeschlagen f\u00fchlt ohne zu wissen warum!<\/p>\n<p>&nbsp;<\/p>\n<h2>So erreichst du mich:<\/h2>\n<p><a href=\"mailto:mail@tillschaarschmidt.com\">mail@tillschaarschmidt.com<\/a><\/p>\n<p>&nbsp;<\/p>\n<p>Viele Gr\u00fcsse<\/p>\n<p>Till<\/p>\n<p>&nbsp;<\/p>\n<h6><span class=\"block-wrap\"><a class=\"blogmore\" href=\"\/tagwerk\/campus\/anmelden\/\">meintagwerk kennen lernen <\/a><\/span><\/h6>\n<h1><\/h1>\n<p><span style=\"border-radius: 2px; text-indent: 20px; width: auto; padding: 0px 4px 0px 0px; text-align: center; font: bold 11px\/20px 'Helvetica Neue',Helvetica,sans-serif; color: #ffffff; background: #bd081c no-repeat scroll 3px 50% \/ 14px 14px; position: absolute; opacity: 1; z-index: 8675311; display: none; cursor: pointer; top: 2207px; left: 20px;\">Merken<\/span><\/p>\n<p><span style=\"border-radius: 2px; text-indent: 20px; width: auto; padding: 0px 4px 0px 0px; text-align: center; font: bold 11px\/20px 'Helvetica Neue',Helvetica,sans-serif; color: #ffffff; background: #bd081c no-repeat scroll 3px 50% \/ 14px 14px; position: absolute; opacity: 1; z-index: 8675311; display: none; cursor: pointer; top: 2207px; left: 20px;\">Merken<\/span><\/p>\n<p><span style=\"border-radius: 2px; text-indent: 20px; width: auto; padding: 0px 4px 0px 0px; text-align: center; font: bold 11px\/20px 'Helvetica Neue',Helvetica,sans-serif; color: #ffffff; background: #bd081c no-repeat scroll 3px 50% \/ 14px 14px; position: absolute; opacity: 1; z-index: 8675311; display: none; cursor: pointer; top: 208px; left: 20px;\">Merken<\/span><\/p>\n<p><span style=\"border-radius: 2px; text-indent: 20px; width: auto; padding: 0px 4px 0px 0px; text-align: center; font: bold 11px\/20px 'Helvetica Neue',Helvetica,sans-serif; color: #ffffff; background: #bd081c no-repeat scroll 3px 50% \/ 14px 14px; position: absolute; opacity: 1; z-index: 8675311; display: none; cursor: pointer; top: 2917px; left: 20px;\">Merken<\/span><\/p>\n<p><span style=\"border-radius: 2px; text-indent: 20px; width: auto; padding: 0px 4px 0px 0px; text-align: center; font: bold 11px\/20px 'Helvetica Neue',Helvetica,sans-serif; color: #ffffff; background: #bd081c no-repeat scroll 3px 50% \/ 14px 14px; position: absolute; opacity: 1; z-index: 8675311; display: none; cursor: pointer; top: 208px; left: 20px;\">Merken<\/span><\/p>\n<p><span style=\"border-radius: 2px; text-indent: 20px; width: auto; padding: 0px 4px 0px 0px; text-align: center; font: bold 11px\/20px 'Helvetica Neue',Helvetica,sans-serif; color: #ffffff; background: #bd081c no-repeat scroll 3px 50% \/ 14px 14px; position: absolute; opacity: 1; z-index: 8675311; display: none; cursor: pointer; top: 2839px; left: 20px;\">Merken<\/span><\/p>\n<p><span style=\"border-radius: 2px; text-indent: 20px; width: auto; padding: 0px 4px 0px 0px; text-align: center; font: bold 11px\/20px 'Helvetica Neue',Helvetica,sans-serif; color: #ffffff; background: #bd081c no-repeat scroll 3px 50% \/ 14px 14px; position: absolute; opacity: 1; z-index: 8675311; display: none; cursor: pointer; top: 3369px; left: 20px;\">Merken<\/span><\/p>\n<p><span style=\"border-radius: 2px; text-indent: 20px; width: auto; padding: 0px 4px 0px 0px; text-align: center; font: bold 11px\/20px 'Helvetica Neue',Helvetica,sans-serif; color: #ffffff; background: #bd081c no-repeat scroll 3px 50% \/ 14px 14px; position: absolute; opacity: 1; z-index: 8675311; display: none; cursor: pointer; top: 738px; left: 20px;\">Merken<\/span><\/p>\n<p><span style=\"border-radius: 2px; text-indent: 20px; width: auto; padding: 0px 4px 0px 0px; text-align: center; font: bold 11px\/20px 'Helvetica Neue',Helvetica,sans-serif; color: #ffffff; background: #bd081c no-repeat scroll 3px 50% \/ 14px 14px; position: absolute; opacity: 1; z-index: 8675311; display: none; cursor: pointer; top: 722px; left: 20px;\">Merken<\/span><\/p>\n<p><span style=\"border-radius: 2px; text-indent: 20px; width: auto; padding: 0px 4px 0px 0px; text-align: center; font: bold 11px\/20px 'Helvetica Neue',Helvetica,sans-serif; color: #ffffff; background: #bd081c no-repeat scroll 3px 50% \/ 14px 14px; position: absolute; opacity: 1; z-index: 8675311; display: none; cursor: pointer; top: 208px; left: 20px;\">Merken<\/span><\/p>\n<p><span style=\"border-radius: 2px; text-indent: 20px; width: auto; padding: 0px 4px 0px 0px; text-align: center; font: bold 11px\/20px 'Helvetica Neue',Helvetica,sans-serif; color: #ffffff; background: #bd081c no-repeat scroll 3px 50% \/ 14px 14px; position: absolute; opacity: 1; z-index: 8675311; display: none; cursor: pointer; top: 3218px; left: 20px;\">Merken<\/span><\/p>\n<p><span style=\"border-radius: 2px; text-indent: 20px; width: auto; padding: 0px 4px 0px 0px; text-align: center; font: bold 11px\/20px 'Helvetica Neue',Helvetica,sans-serif; color: #ffffff; background: #bd081c no-repeat scroll 3px 50% \/ 14px 14px; position: absolute; opacity: 1; z-index: 8675311; display: none; cursor: pointer; top: 208px; left: 20px;\">Merken<\/span><\/p>\n<p><span style=\"border-radius: 2px; text-indent: 20px; width: auto; padding: 0px 4px 0px 0px; text-align: center; font: bold 11px\/20px 'Helvetica Neue',Helvetica,sans-serif; color: #ffffff; background: #bd081c no-repeat scroll 3px 50% \/ 14px 14px; position: absolute; opacity: 1; z-index: 8675311; display: none; cursor: pointer; top: 3218px; left: 20px;\">Merken<\/span><\/p>\n<p><span style=\"border-radius: 2px; text-indent: 20px; width: auto; padding: 0px 4px 0px 0px; text-align: center; font: bold 11px\/20px 'Helvetica Neue',Helvetica,sans-serif; color: #ffffff; background: #bd081c no-repeat scroll 3px 50% \/ 14px 14px; position: absolute; opacity: 1; z-index: 8675311; display: none; cursor: pointer; top: 208px; left: 20px;\">Merken<\/span><\/p>\n<p><span style=\"border-radius: 2px; text-indent: 20px; width: auto; padding: 0px 4px 0px 0px; text-align: center; font: bold 11px\/20px 'Helvetica Neue',Helvetica,sans-serif; color: #ffffff; background: #bd081c no-repeat scroll 3px 50% \/ 14px 14px; position: absolute; opacity: 1; z-index: 8675311; display: none; cursor: pointer; top: 208px; left: 20px;\">Merken<\/span><\/p>\n<p><span style=\"border-radius: 2px; text-indent: 20px; width: auto; padding: 0px 4px 0px 0px; text-align: center; font: bold 11px\/20px 'Helvetica Neue',Helvetica,sans-serif; color: #ffffff; background: #bd081c no-repeat scroll 3px 50% \/ 14px 14px; position: absolute; opacity: 1; z-index: 8675311; display: none; cursor: pointer; top: 3218px; left: 20px;\">Merken<\/span><\/p>\n<p><span style=\"border-radius: 2px; text-indent: 20px; width: auto; padding: 0px 4px 0px 0px; text-align: center; font: bold 11px\/20px 'Helvetica Neue',Helvetica,sans-serif; color: #ffffff; background: #bd081c no-repeat scroll 3px 50% \/ 14px 14px; position: absolute; opacity: 1; z-index: 8675311; display: none; cursor: pointer; top: 208px; left: 20px;\">Merken<\/span><\/p>\n<p><span style=\"border-radius: 2px; text-indent: 20px; width: auto; padding: 0px 4px 0px 0px; text-align: center; font: bold 11px\/20px 'Helvetica Neue',Helvetica,sans-serif; color: #ffffff; background: #bd081c no-repeat scroll 3px 50% \/ 14px 14px; position: absolute; opacity: 1; z-index: 8675311; display: none; cursor: pointer; top: 208px; left: 20px;\">Merken<\/span><\/p>\n","protected":false},"excerpt":{"rendered":"<p>Ein Sounddesigner aus der gr\u00f6\u00dften Kleinstadt der Welt Heute stellt sich Till Schaarschmidt in unserem Blog vor. \u00dcber die Leidenschaft Geschichten zu erz\u00e4hlen ist er zu seinem Beruf als\u00a0Filmtonmeister und Sounddesigner gekommen. Mit Hilfe der Sound- und Tongestaltung untermalt er nicht einfach Geschichten. Er macht sie greifbar. Er versteht es das Potenstial der Sounds zu [&#038;hellip<\/p>\n","protected":false},"author":7,"featured_media":4521,"comment_status":"open","ping_status":"open","sticky":false,"template":"","format":"standard","meta":{"footnotes":""},"categories":[11],"tags":[],"yoast_head":"<!-- This site is optimized with the Yoast SEO plugin v20.4 - https:\/\/yoast.com\/wordpress\/plugins\/seo\/ -->\n<title>Till ist vernarrt in Sounds | meintagwerk<\/title>\n<meta name=\"robots\" content=\"index, follow, max-snippet:-1, max-image-preview:large, max-video-preview:-1\" \/>\n<link rel=\"canonical\" href=\"https:\/\/www.mein-tagwerk.de\/tagwerk\/till-ist-vernarrt-in-sounds\/\" \/>\n<meta property=\"og:locale\" content=\"de_DE\" \/>\n<meta property=\"og:type\" content=\"article\" \/>\n<meta property=\"og:title\" content=\"Till ist vernarrt in Sounds | meintagwerk\" \/>\n<meta property=\"og:description\" content=\"Ein Sounddesigner aus der gr\u00f6\u00dften Kleinstadt der Welt Heute stellt sich Till Schaarschmidt in unserem Blog vor. \u00dcber die Leidenschaft Geschichten zu erz\u00e4hlen ist er zu seinem Beruf als\u00a0Filmtonmeister und Sounddesigner gekommen. Mit Hilfe der Sound- und Tongestaltung untermalt er nicht einfach Geschichten. Er macht sie greifbar. Er versteht es das Potenstial der Sounds zu [&amp;hellip\" \/>\n<meta property=\"og:url\" content=\"https:\/\/www.mein-tagwerk.de\/tagwerk\/till-ist-vernarrt-in-sounds\/\" \/>\n<meta property=\"og:site_name\" content=\"meintagwerk\" \/>\n<meta property=\"article:published_time\" content=\"2019-04-12T10:20:24+00:00\" \/>\n<meta property=\"og:image\" content=\"https:\/\/www.mein-tagwerk.de\/tagwerk\/wp-content\/uploads\/2019\/04\/schaarschmidt_audio_web-52027-e1555070670356.jpg\" \/>\n\t<meta property=\"og:image:width\" content=\"1280\" \/>\n\t<meta property=\"og:image:height\" content=\"960\" \/>\n\t<meta property=\"og:image:type\" content=\"image\/jpeg\" \/>\n<meta name=\"author\" content=\"Petra Schuster\" \/>\n<meta name=\"twitter:card\" content=\"summary_large_image\" \/>\n<meta name=\"twitter:label1\" content=\"Verfasst von\" \/>\n\t<meta name=\"twitter:data1\" content=\"Petra Schuster\" \/>\n\t<meta name=\"twitter:label2\" content=\"Gesch\u00e4tzte Lesezeit\" \/>\n\t<meta name=\"twitter:data2\" content=\"6\u00a0Minuten\" \/>\n<script type=\"application\/ld+json\" class=\"yoast-schema-graph\">{\"@context\":\"https:\/\/schema.org\",\"@graph\":[{\"@type\":\"Article\",\"@id\":\"https:\/\/www.mein-tagwerk.de\/tagwerk\/till-ist-vernarrt-in-sounds\/#article\",\"isPartOf\":{\"@id\":\"https:\/\/www.mein-tagwerk.de\/tagwerk\/till-ist-vernarrt-in-sounds\/\"},\"author\":{\"name\":\"Petra Schuster\",\"@id\":\"https:\/\/www.mein-tagwerk.de\/tagwerk\/#\/schema\/person\/00050f870e9c9b60d4f756d870bf236d\"},\"headline\":\"Till ist vernarrt in Sounds\",\"datePublished\":\"2019-04-12T10:20:24+00:00\",\"dateModified\":\"2019-04-12T10:20:24+00:00\",\"mainEntityOfPage\":{\"@id\":\"https:\/\/www.mein-tagwerk.de\/tagwerk\/till-ist-vernarrt-in-sounds\/\"},\"wordCount\":1157,\"commentCount\":0,\"publisher\":{\"@id\":\"https:\/\/www.mein-tagwerk.de\/tagwerk\/#organization\"},\"articleSection\":[\"belegjunkie\"],\"inLanguage\":\"de\",\"potentialAction\":[{\"@type\":\"CommentAction\",\"name\":\"Comment\",\"target\":[\"https:\/\/www.mein-tagwerk.de\/tagwerk\/till-ist-vernarrt-in-sounds\/#respond\"]}]},{\"@type\":\"WebPage\",\"@id\":\"https:\/\/www.mein-tagwerk.de\/tagwerk\/till-ist-vernarrt-in-sounds\/\",\"url\":\"https:\/\/www.mein-tagwerk.de\/tagwerk\/till-ist-vernarrt-in-sounds\/\",\"name\":\"Till ist vernarrt in Sounds | meintagwerk\",\"isPartOf\":{\"@id\":\"https:\/\/www.mein-tagwerk.de\/tagwerk\/#website\"},\"datePublished\":\"2019-04-12T10:20:24+00:00\",\"dateModified\":\"2019-04-12T10:20:24+00:00\",\"breadcrumb\":{\"@id\":\"https:\/\/www.mein-tagwerk.de\/tagwerk\/till-ist-vernarrt-in-sounds\/#breadcrumb\"},\"inLanguage\":\"de\",\"potentialAction\":[{\"@type\":\"ReadAction\",\"target\":[\"https:\/\/www.mein-tagwerk.de\/tagwerk\/till-ist-vernarrt-in-sounds\/\"]}]},{\"@type\":\"BreadcrumbList\",\"@id\":\"https:\/\/www.mein-tagwerk.de\/tagwerk\/till-ist-vernarrt-in-sounds\/#breadcrumb\",\"itemListElement\":[{\"@type\":\"ListItem\",\"position\":1,\"name\":\"Home\",\"item\":\"https:\/\/www.mein-tagwerk.de\/tagwerk\/\"},{\"@type\":\"ListItem\",\"position\":2,\"name\":\"Till ist vernarrt in Sounds\"}]},{\"@type\":\"WebSite\",\"@id\":\"https:\/\/www.mein-tagwerk.de\/tagwerk\/#website\",\"url\":\"https:\/\/www.mein-tagwerk.de\/tagwerk\/\",\"name\":\"meintagwerk\",\"description\":\"Online Buchhaltung f\u00fcr Freiberufler, Freelancer und Selbst\u00e4ndige\",\"publisher\":{\"@id\":\"https:\/\/www.mein-tagwerk.de\/tagwerk\/#organization\"},\"potentialAction\":[{\"@type\":\"SearchAction\",\"target\":{\"@type\":\"EntryPoint\",\"urlTemplate\":\"https:\/\/www.mein-tagwerk.de\/tagwerk\/?s={search_term_string}\"},\"query-input\":\"required name=search_term_string\"}],\"inLanguage\":\"de\"},{\"@type\":\"Organization\",\"@id\":\"https:\/\/www.mein-tagwerk.de\/tagwerk\/#organization\",\"name\":\"tagwerk\",\"url\":\"https:\/\/www.mein-tagwerk.de\/tagwerk\/\",\"logo\":{\"@type\":\"ImageObject\",\"inLanguage\":\"de\",\"@id\":\"https:\/\/www.mein-tagwerk.de\/tagwerk\/#\/schema\/logo\/image\/\",\"url\":\"https:\/\/www.mein-tagwerk.de\/tagwerk\/wp-content\/uploads\/2013\/08\/130611_logo-tagwerk-corporate.png\",\"contentUrl\":\"https:\/\/www.mein-tagwerk.de\/tagwerk\/wp-content\/uploads\/2013\/08\/130611_logo-tagwerk-corporate.png\",\"width\":328,\"height\":140,\"caption\":\"tagwerk\"},\"image\":{\"@id\":\"https:\/\/www.mein-tagwerk.de\/tagwerk\/#\/schema\/logo\/image\/\"}},{\"@type\":\"Person\",\"@id\":\"https:\/\/www.mein-tagwerk.de\/tagwerk\/#\/schema\/person\/00050f870e9c9b60d4f756d870bf236d\",\"name\":\"Petra Schuster\",\"image\":{\"@type\":\"ImageObject\",\"inLanguage\":\"de\",\"@id\":\"https:\/\/www.mein-tagwerk.de\/tagwerk\/#\/schema\/person\/image\/\",\"url\":\"https:\/\/www.mein-tagwerk.de\/tagwerk\/wp-content\/uploads\/2019\/05\/Image-meSW-96x96.jpg\",\"contentUrl\":\"https:\/\/www.mein-tagwerk.de\/tagwerk\/wp-content\/uploads\/2019\/05\/Image-meSW-96x96.jpg\",\"caption\":\"Petra Schuster\"},\"url\":\"https:\/\/www.mein-tagwerk.de\/tagwerk\/author\/petra\/\"}]}<\/script>\n<!-- \/ Yoast SEO plugin. -->","yoast_head_json":{"title":"Till ist vernarrt in Sounds | meintagwerk","robots":{"index":"index","follow":"follow","max-snippet":"max-snippet:-1","max-image-preview":"max-image-preview:large","max-video-preview":"max-video-preview:-1"},"canonical":"https:\/\/www.mein-tagwerk.de\/tagwerk\/till-ist-vernarrt-in-sounds\/","og_locale":"de_DE","og_type":"article","og_title":"Till ist vernarrt in Sounds | meintagwerk","og_description":"Ein Sounddesigner aus der gr\u00f6\u00dften Kleinstadt der Welt Heute stellt sich Till Schaarschmidt in unserem Blog vor. \u00dcber die Leidenschaft Geschichten zu erz\u00e4hlen ist er zu seinem Beruf als\u00a0Filmtonmeister und Sounddesigner gekommen. Mit Hilfe der Sound- und Tongestaltung untermalt er nicht einfach Geschichten. Er macht sie greifbar. Er versteht es das Potenstial der Sounds zu [&hellip","og_url":"https:\/\/www.mein-tagwerk.de\/tagwerk\/till-ist-vernarrt-in-sounds\/","og_site_name":"meintagwerk","article_published_time":"2019-04-12T10:20:24+00:00","og_image":[{"width":1280,"height":960,"url":"https:\/\/www.mein-tagwerk.de\/tagwerk\/wp-content\/uploads\/2019\/04\/schaarschmidt_audio_web-52027-e1555070670356.jpg","type":"image\/jpeg"}],"author":"Petra Schuster","twitter_card":"summary_large_image","twitter_misc":{"Verfasst von":"Petra Schuster","Gesch\u00e4tzte Lesezeit":"6\u00a0Minuten"},"schema":{"@context":"https:\/\/schema.org","@graph":[{"@type":"Article","@id":"https:\/\/www.mein-tagwerk.de\/tagwerk\/till-ist-vernarrt-in-sounds\/#article","isPartOf":{"@id":"https:\/\/www.mein-tagwerk.de\/tagwerk\/till-ist-vernarrt-in-sounds\/"},"author":{"name":"Petra Schuster","@id":"https:\/\/www.mein-tagwerk.de\/tagwerk\/#\/schema\/person\/00050f870e9c9b60d4f756d870bf236d"},"headline":"Till ist vernarrt in Sounds","datePublished":"2019-04-12T10:20:24+00:00","dateModified":"2019-04-12T10:20:24+00:00","mainEntityOfPage":{"@id":"https:\/\/www.mein-tagwerk.de\/tagwerk\/till-ist-vernarrt-in-sounds\/"},"wordCount":1157,"commentCount":0,"publisher":{"@id":"https:\/\/www.mein-tagwerk.de\/tagwerk\/#organization"},"articleSection":["belegjunkie"],"inLanguage":"de","potentialAction":[{"@type":"CommentAction","name":"Comment","target":["https:\/\/www.mein-tagwerk.de\/tagwerk\/till-ist-vernarrt-in-sounds\/#respond"]}]},{"@type":"WebPage","@id":"https:\/\/www.mein-tagwerk.de\/tagwerk\/till-ist-vernarrt-in-sounds\/","url":"https:\/\/www.mein-tagwerk.de\/tagwerk\/till-ist-vernarrt-in-sounds\/","name":"Till ist vernarrt in Sounds | meintagwerk","isPartOf":{"@id":"https:\/\/www.mein-tagwerk.de\/tagwerk\/#website"},"datePublished":"2019-04-12T10:20:24+00:00","dateModified":"2019-04-12T10:20:24+00:00","breadcrumb":{"@id":"https:\/\/www.mein-tagwerk.de\/tagwerk\/till-ist-vernarrt-in-sounds\/#breadcrumb"},"inLanguage":"de","potentialAction":[{"@type":"ReadAction","target":["https:\/\/www.mein-tagwerk.de\/tagwerk\/till-ist-vernarrt-in-sounds\/"]}]},{"@type":"BreadcrumbList","@id":"https:\/\/www.mein-tagwerk.de\/tagwerk\/till-ist-vernarrt-in-sounds\/#breadcrumb","itemListElement":[{"@type":"ListItem","position":1,"name":"Home","item":"https:\/\/www.mein-tagwerk.de\/tagwerk\/"},{"@type":"ListItem","position":2,"name":"Till ist vernarrt in Sounds"}]},{"@type":"WebSite","@id":"https:\/\/www.mein-tagwerk.de\/tagwerk\/#website","url":"https:\/\/www.mein-tagwerk.de\/tagwerk\/","name":"meintagwerk","description":"Online Buchhaltung f\u00fcr Freiberufler, Freelancer und Selbst\u00e4ndige","publisher":{"@id":"https:\/\/www.mein-tagwerk.de\/tagwerk\/#organization"},"potentialAction":[{"@type":"SearchAction","target":{"@type":"EntryPoint","urlTemplate":"https:\/\/www.mein-tagwerk.de\/tagwerk\/?s={search_term_string}"},"query-input":"required name=search_term_string"}],"inLanguage":"de"},{"@type":"Organization","@id":"https:\/\/www.mein-tagwerk.de\/tagwerk\/#organization","name":"tagwerk","url":"https:\/\/www.mein-tagwerk.de\/tagwerk\/","logo":{"@type":"ImageObject","inLanguage":"de","@id":"https:\/\/www.mein-tagwerk.de\/tagwerk\/#\/schema\/logo\/image\/","url":"https:\/\/www.mein-tagwerk.de\/tagwerk\/wp-content\/uploads\/2013\/08\/130611_logo-tagwerk-corporate.png","contentUrl":"https:\/\/www.mein-tagwerk.de\/tagwerk\/wp-content\/uploads\/2013\/08\/130611_logo-tagwerk-corporate.png","width":328,"height":140,"caption":"tagwerk"},"image":{"@id":"https:\/\/www.mein-tagwerk.de\/tagwerk\/#\/schema\/logo\/image\/"}},{"@type":"Person","@id":"https:\/\/www.mein-tagwerk.de\/tagwerk\/#\/schema\/person\/00050f870e9c9b60d4f756d870bf236d","name":"Petra Schuster","image":{"@type":"ImageObject","inLanguage":"de","@id":"https:\/\/www.mein-tagwerk.de\/tagwerk\/#\/schema\/person\/image\/","url":"https:\/\/www.mein-tagwerk.de\/tagwerk\/wp-content\/uploads\/2019\/05\/Image-meSW-96x96.jpg","contentUrl":"https:\/\/www.mein-tagwerk.de\/tagwerk\/wp-content\/uploads\/2019\/05\/Image-meSW-96x96.jpg","caption":"Petra Schuster"},"url":"https:\/\/www.mein-tagwerk.de\/tagwerk\/author\/petra\/"}]}},"_links":{"self":[{"href":"https:\/\/www.mein-tagwerk.de\/tagwerk\/wp-json\/wp\/v2\/posts\/4511"}],"collection":[{"href":"https:\/\/www.mein-tagwerk.de\/tagwerk\/wp-json\/wp\/v2\/posts"}],"about":[{"href":"https:\/\/www.mein-tagwerk.de\/tagwerk\/wp-json\/wp\/v2\/types\/post"}],"author":[{"embeddable":true,"href":"https:\/\/www.mein-tagwerk.de\/tagwerk\/wp-json\/wp\/v2\/users\/7"}],"replies":[{"embeddable":true,"href":"https:\/\/www.mein-tagwerk.de\/tagwerk\/wp-json\/wp\/v2\/comments?post=4511"}],"version-history":[{"count":0,"href":"https:\/\/www.mein-tagwerk.de\/tagwerk\/wp-json\/wp\/v2\/posts\/4511\/revisions"}],"wp:featuredmedia":[{"embeddable":true,"href":"https:\/\/www.mein-tagwerk.de\/tagwerk\/wp-json\/wp\/v2\/media\/4521"}],"wp:attachment":[{"href":"https:\/\/www.mein-tagwerk.de\/tagwerk\/wp-json\/wp\/v2\/media?parent=4511"}],"wp:term":[{"taxonomy":"category","embeddable":true,"href":"https:\/\/www.mein-tagwerk.de\/tagwerk\/wp-json\/wp\/v2\/categories?post=4511"},{"taxonomy":"post_tag","embeddable":true,"href":"https:\/\/www.mein-tagwerk.de\/tagwerk\/wp-json\/wp\/v2\/tags?post=4511"}],"curies":[{"name":"wp","href":"https:\/\/api.w.org\/{rel}","templated":true}]}}