{"id":4739,"date":"2019-11-24T15:48:48","date_gmt":"2019-11-24T14:48:48","guid":{"rendered":"https:\/\/www.mein-tagwerk.de\/tagwerk\/?p=4739"},"modified":"2020-07-14T21:48:30","modified_gmt":"2020-07-14T19:48:30","slug":"ladys-in-business-4","status":"publish","type":"post","link":"https:\/\/www.mein-tagwerk.de\/tagwerk\/ladys-in-business-4\/","title":{"rendered":"Ladys in Business"},"content":{"rendered":"<h2><strong>Frauen k\u00f6nnen es<\/strong><\/h2>\n<p>Wir m\u00f6chten euch in diesem Blog Frauen vorstellen, die eine grossartige Idee hatten und den Mumm hatten sich mit dieser Idee selbstst\u00e4ndig zu machen. Wir haben ein paar sehr erfolgreiche Frauen gefunden. Wenn vor der Selbstst\u00e4ndigkeit nicht schon eine grosse Freundschaft bestand, ist aus unserer Sicht eine daraus geworden. Eine, die das Business fast nebens\u00e4chlich macht. Vielleicht ist auch dies das Geheimnis f\u00fcr deren Erfolg. Frauen sehen sich im Gesch\u00e4ft eher als Partner und konkurrieren nicht gegeneinander.<\/p>\n<p>&nbsp;<\/p>\n<p>Zu guter Letzt stellen wir euch Vero und Kim vor. Sie gr\u00fcndeten 2016 den Onlineshop und die Gew\u00fcrzmanufaktur <a href=\"https:\/\/www.der-kleine-gourmet.de\/ueber-uns\/\" target=\"_blank\" rel=\"noopener noreferrer\">Der kleine Gourmet.<\/a> Diese Spice Girls lieben gute Lebensmittel und nat\u00fcrlich gutes Essen. Aus dieser Leidenschaft ist ihr Gr\u00fcnderidee entstanden. Die Gew\u00fcrze sind frei von k\u00fcnstlichen Zusatzstoffe, Rieselhilfen und vor allem ohne Geschmacksverst\u00e4rker! Ihre Geschichte ist wirklich sehr spannend und garantiert bekommt ihr Hunger beim Lesen.<\/p>\n<div id=\"attachment_4744\" style=\"width: 610px\" class=\"wp-caption alignleft\"><a href=\"https:\/\/www.der-kleine-gourmet.de\/\" target=\"_blank\" rel=\"noopener noreferrer\"><img loading=\"lazy\" decoding=\"async\" aria-describedby=\"caption-attachment-4744\" class=\"wp-image-4744\" src=\"http:\/\/91.250.96.11\/tagwerk\/wp-content\/uploads\/2019\/11\/Gru\u0308nderinnenSW.jpg\" rel='prettyPhoto' alt=\"\" width=\"600\" height=\"900\" \/><\/a><p id=\"caption-attachment-4744\" class=\"wp-caption-text\">Gr\u00fcnderinnen Kim und Vero<\/p><\/div>\n<p>&nbsp;<\/p>\n<h1><\/h1>\n<h1><\/h1>\n<h1><\/h1>\n<h1><\/h1>\n<h1><\/h1>\n<h1><\/h1>\n<h1><\/h1>\n<h1><\/h1>\n<h1><\/h1>\n<h1><\/h1>\n<h1><\/h1>\n<h2>Der Kleine Gourmet: Ein gepfefferte Idee!<\/h2>\n<h3><\/h3>\n<h3><strong>Stellt euch bitte kurz vor. Wer seid ihr?<\/strong><\/h3>\n<p><span class=\"\">Wir sind Kim (26 Jahre) und Vero (30 Jahre) aus Marburg. Wir sind die Gr\u00fcnderinnen vom Onlineshop &amp; Gew\u00fcrzmanufaktur \u201eDer kleine Gourmet\u201c. Wir stellen seit 2017 in unserer Manufaktur handgemachte Gew\u00fcrzmischungen ohne Zus\u00e4tze, Rieselhilfe und Geschmacksverst\u00e4rker her. Kim ist (angehende) Wirtschaftsjuristin und studiert in Frankfurt. Vero ist Veranstaltungskauffrau und gepr\u00fcfte Wirtschaftsfachwirtin und war vorher im Messe- und Eventmanagement t\u00e4tig. Kim stammt geb\u00fcrtig aus Gladenbach bei Marburg, Vero hat \u00fcber 12 mal den Wohnort gewechselt, im Herzen ist sie aber K\u00f6lnerin, wo sie ihre Ausbildung gemacht hat.<br \/>\n<\/span><\/p>\n<h3><strong>Mit Welcher Idee habt ihr gegr\u00fcndet? Und wie kamt ihr auf diese Idee?<\/strong><\/h3>\n<p><span class=\"\">Im April haben wir unser Startup \u201eDer kleine Gourmet\u201c gegr\u00fcndet. Kim wollte schon einige Jahre gerne einen Onlineshop gr\u00fcnden, wir haben wirklich lange nach dem perfekten Produkt gesucht und letztendlich war es doch so naheliegend. Veros Hobby war schon immer das Kochen, so haben wir beiden Leidenschaften kombiniert und die Idee entstand, Gew\u00fcrzmischungen herzustellen, die das frische und leckere Kochen vereinfachen und ohne Zus\u00e4tze und Geschmacksverst\u00e4rker auskommen. Bei Kim spielte das Thema Allergien in den letzten Jahren eine gro\u00dfe Rolle. Wir haben (leider) oft gemerkt in wie vielen Restaurants und auch Haushalten mit Glutamat gekocht wird, da mussten wir eine L\u00f6sung finden. Auch unsere Freunde und Familie haben sich oft bei uns zum Essen eingeladen und Vero nach Rezepten gefragt, daher waren wir uns direkt sicher die perfekte Idee gefunden zu haben. Am 9. April 2017 haben wir dann den ersten Onlineshop mit damals 33 Gew\u00fcrzmischungen er\u00f6ffnet.<br \/>\n<\/span><\/p>\n<div id=\"attachment_4745\" style=\"width: 610px\" class=\"wp-caption alignleft\"><a href=\"https:\/\/www.der-kleine-gourmet.de\/gewuerze\/\" target=\"_blank\" rel=\"noopener noreferrer\"><img loading=\"lazy\" decoding=\"async\" aria-describedby=\"caption-attachment-4745\" class=\"wp-image-4745\" src=\"http:\/\/91.250.96.11\/tagwerk\/wp-content\/uploads\/2019\/11\/Foto-21.09.19-20-57-40.jpg\" rel='prettyPhoto' alt=\"\" width=\"600\" height=\"450\" \/><\/a><p id=\"caption-attachment-4745\" class=\"wp-caption-text\">Gew\u00fcrzmischung Venezia<\/p><\/div>\n<p>&nbsp;<\/p>\n<h3><\/h3>\n<h3><\/h3>\n<h3><\/h3>\n<h3>Wie lange kennt ihr euch?<\/h3>\n<p><span class=\"\">Wir kennen uns seit fast 7 Jahren. Als wir uns 2013 kennen gelernt haben, haben wir schon schnell festgestellt, dass wir bei das \u201eGr\u00fcndergen\u201c in uns haben. Wir wollten damals schon ein eigenes Restaurant er\u00f6ffnen. Wir sind sehr unterschiedliche Charaktere \u2013 Vero ist sehr perfektionistisch und liebt Excel Listen und ist der kreative Kopf bei uns. Kim hat immer alle Daten und Termine im Kopf und ist unschlagbar im Einkauf, sie findet immer den besten Preis!<br \/>\n<\/span><\/p>\n<h3><span class=\"\">Warum habt ihr diesen Weg gew\u00e4hlt?<\/span><\/h3>\n<p><span class=\"\">Wir waren beide nicht wirklich gl\u00fccklich als Angestellte. F\u00fcr uns beide war es schwer, Herangehensweisen und Strategien umzusetzen, die wir selbst nicht richtig fanden. Uns war es sehr wichtig, unsere eigenen Ideen zu verwirklichen. Das konnten wir nur, indem wir unser eigenes Business gr\u00fcnden. Viele unserer Bekannten konnten das anfangs nicht verstehen, f\u00fcr sie war es viel zu riskant. Nach fast 3 Jahren \u201eDer kleine Gourmet\u201c k\u00f6nnen wir aber sagen, dass wir unsere Entscheidung noch nie bereut haben. Es gibt nat\u00fcrlich Tage, das muss man schwierige Entscheidungen treffen und Engp\u00e4sse \u00fcberstehen, aber wir stehen jeden Tag auf und starten voller Freude in unsere Arbeit.<\/span><\/p>\n<h3>Gibt es jemanden von dem ihr einen Ratschlag annehmt?<\/h3>\n<p>Wenn man sich selbstst\u00e4ndig macht (erst Recht in unserem Alter), dann bekommt man pl\u00f6tzlich sehr viele \u201eRatschl\u00e4ge &amp; Tipps\u201c von Au\u00dfenstehenden. Wir haben mit der Zeit die Erfahrung gemacht, dass wir uns auf unser Bauchgef\u00fchl verlassen. Wenn es Dinge gibt, zu denen wir gerne eine weitere Meinung h\u00e4tten, dann besprechen wir das im Team mit unseren Mitarbeitern oder Experten wie unserem Steuerberater.<\/p>\n<h3><span class=\"\">Habt ihr ein Vorbild?<\/span><\/h3>\n<p><span class=\"\"><br \/>\nKim: Mein Vorbild ist definitiv Steve Jobs. Er hat mit seiner Leidenschaft f\u00fcr seine Idee und seinem Durchhalteverm\u00f6gen etwas sehr gro\u00dfes geschaffen und (in meinen Augen) die Welt dadurch ver\u00e4ndert. Das hat mich schon immer beeindruckt und ist auch meine Motivation f\u00fcr unser Startup.<\/span><\/p>\n<h3>Buchhaltung geh\u00f6rt zu jedem Business!<\/h3>\n<p><span class=\"\">Das allerschlimmste fu\u0308r euch ist&#8230;<br \/>\n<\/span><\/p>\n<p>Wirklich schlimm ist eigentlich keine der Aufgaben, die man als Gr\u00fcnder hat. Die Buchhaltung ist nat\u00fcrlich mehr eine Pflicht, als ein Vergn\u00fcgen, aber es ist auch ein gutes Gef\u00fchl, wenn man alle Bereiche in seinem Unternehmen selbst \u00fcbernehmen kann und (fast) nicht auf fremde Hilfe angewiesen ist.<\/p>\n<div id=\"attachment_4746\" style=\"width: 610px\" class=\"wp-caption alignleft\"><a href=\"https:\/\/www.der-kleine-gourmet.de\/weihnachten\/plaetzchen-gewuerz\" target=\"_blank\" rel=\"noopener noreferrer\"><img loading=\"lazy\" decoding=\"async\" aria-describedby=\"caption-attachment-4746\" class=\"wp-image-4746\" src=\"http:\/\/91.250.96.11\/tagwerk\/wp-content\/uploads\/2019\/11\/Foto-11.11.19-17-12-44.jpg\" rel='prettyPhoto' alt=\"\" width=\"600\" height=\"450\" \/><\/a><p id=\"caption-attachment-4746\" class=\"wp-caption-text\">Gew\u00fcrzmischung Pl\u00e4tzchen<\/p><\/div>\n<p>&nbsp;<\/p>\n<h3><\/h3>\n<h3><\/h3>\n<h3><\/h3>\n<h3>Zu guter Letzt<\/h3>\n<h5>Ihr seid ein recht junges Unternehmen. Aber habt sicherlich schon sehr viel Erfahrung gemacht. Habt ihr Tipps und Ratschl\u00e4ge f\u00fcr Jungunternehmer ? Was sollte man vermeiden und was ist unumg\u00e4nglich? Worauf muss man achten?<\/h5>\n<p>\u2022 Mut haben, an sich und seine Idee glauben und einfach mal machen! Wer eine Idee hat, sollte alles daf\u00fcr tun sie zu verwirklichen, denn wenn man es nicht tut, verpasst man den Zeitpunkt irgendwann und wird es nie mehr machen.<\/p>\n<p>\u2022 Auf das Bauchgef\u00fchl h\u00f6ren! Und nicht unbedingt jeden Ratschlag annehmen. Gerade als junge Gr\u00fcnder bekommt man von allen Seiten (auch ungewollte) Ratschl\u00e4ge. Die sind zwar manchmal durchaus hilfreich, aber grunds\u00e4tzlich Raten wir allen Gr\u00fcndern, auf das eigene Bauchgef\u00fchl zu h\u00f6ren. Wenn man wirklich Rat ben\u00f6tigt, an Experten wenden und sein pers\u00f6nliches Fazit daraus ziehen.<\/p>\n<p>\u2022 Nicht aufgeben! Es gibt Tage, da m\u00f6chte man alles hinschmei\u00dfen und sich wieder einen Job ohne jede Verantwortung suchen. Das geh\u00f6rt dazu. Wir glauben, dass man echten und hart erarbeiteten Erfolg nur wirklich genie\u00dfen und sch\u00e4tzen kann, wenn man wei\u00df wie es sich ganz unten anf\u00fchlt.<\/p>\n<p>&nbsp;<\/p>\n<h3>Zu allerletzt<\/h3>\n<h5>Habt ihr ein Lieblingsbuch? Einen Lieblingsplatz, zb in eurer Stadt?<br \/>\nOder ein Lieblingslied? Oder was ist euch am wichtigsten?<\/h5>\n<p>Kim: Leider bleibt einem als Gr\u00fcnder nicht viel Zeit zu lesen. Mein Lieblingslied ist \u201eErfolg ist kein Gl\u00fcck\u201c von Kontra K. Der Song erinnert mich immer wieder daran, dass ich den richtigen Weg eingeschlagen habe und sich die ganze Zeit, Energie und M\u00fche ausbezahlen, wenn ich weiterhin hart an meinem Traum arbeite. Erfolg ist eben kein Gl\u00fcck &#x1f609;<\/p>\n<h4><\/h4>\n<h4>Danke!<\/h4>\n<h5>So erreichst du Der Kleine Gourmet:<\/h5>\n<p><a href=\"https:\/\/www.der-kleine-gourmet.de\/kontaktformular\" target=\"_blank\" rel=\"noopener noreferrer\">www.der-kleine-gourmet.de<\/a><\/p>\n<p>DER KLEINE GOURMET<br \/>\nKim-Christin Blecker<br \/>\nRabenwiese 36<br \/>\n35043 Marburg<br \/>\nDeutschland<\/p>\n<p>Telefon: + 49 (0) 6461 &#8211; 8087381<br \/>\nE-Mail: <a href=\"mailto:info@der-kleine-gourmet.de\">info@der-kleine-gourmet.de<\/a><\/p>\n<p>&nbsp;<\/p>\n<h6><span class=\"block-wrap\"><a class=\"blogmore\" href=\"\/tagwerk\/campus\/anmelden\/\">meintagwerk kennen lernen <\/a><\/span><\/h6>\n","protected":false},"excerpt":{"rendered":"<p>Frauen k\u00f6nnen es Wir m\u00f6chten euch in diesem Blog Frauen vorstellen, die eine grossartige Idee hatten und den Mumm hatten sich mit dieser Idee selbstst\u00e4ndig zu machen. Wir haben ein paar sehr erfolgreiche Frauen gefunden. Wenn vor der Selbstst\u00e4ndigkeit nicht schon eine grosse Freundschaft bestand, ist aus unserer Sicht eine daraus geworden. Eine, die das [&#038;hellip<\/p>\n","protected":false},"author":7,"featured_media":4744,"comment_status":"open","ping_status":"open","sticky":false,"template":"","format":"standard","meta":{"footnotes":""},"categories":[4,7,11],"tags":[18,31,65,82,84,85,89,111,156,157,158,159,160,183,186,192,196,213,267,270,272,291,292,293,310,326,341,345,353,366,368,384,388,391,404,434,445],"yoast_head":"<!-- This site is optimized with the Yoast SEO plugin v20.4 - https:\/\/yoast.com\/wordpress\/plugins\/seo\/ -->\n<title>Ladys in Business | meintagwerk<\/title>\n<meta name=\"robots\" content=\"index, follow, max-snippet:-1, max-image-preview:large, max-video-preview:-1\" \/>\n<link rel=\"canonical\" href=\"https:\/\/www.mein-tagwerk.de\/tagwerk\/ladys-in-business-4\/\" \/>\n<meta property=\"og:locale\" content=\"de_DE\" \/>\n<meta property=\"og:type\" content=\"article\" \/>\n<meta property=\"og:title\" content=\"Ladys in Business | meintagwerk\" \/>\n<meta property=\"og:description\" content=\"Frauen k\u00f6nnen es Wir m\u00f6chten euch in diesem Blog Frauen vorstellen, die eine grossartige Idee hatten und den Mumm hatten sich mit dieser Idee selbstst\u00e4ndig zu machen. Wir haben ein paar sehr erfolgreiche Frauen gefunden. Wenn vor der Selbstst\u00e4ndigkeit nicht schon eine grosse Freundschaft bestand, ist aus unserer Sicht eine daraus geworden. Eine, die das [&amp;hellip\" \/>\n<meta property=\"og:url\" content=\"https:\/\/www.mein-tagwerk.de\/tagwerk\/ladys-in-business-4\/\" \/>\n<meta property=\"og:site_name\" content=\"meintagwerk\" \/>\n<meta property=\"article:published_time\" content=\"2019-11-24T14:48:48+00:00\" \/>\n<meta property=\"article:modified_time\" content=\"2020-07-14T19:48:30+00:00\" \/>\n<meta property=\"og:image\" content=\"https:\/\/www.mein-tagwerk.de\/tagwerk\/wp-content\/uploads\/2019\/11\/Gru\u0308nderinnenSW-scaled.jpg\" \/>\n\t<meta property=\"og:image:width\" content=\"1706\" \/>\n\t<meta property=\"og:image:height\" content=\"2560\" \/>\n\t<meta property=\"og:image:type\" content=\"image\/jpeg\" \/>\n<meta name=\"author\" content=\"Petra Schuster\" \/>\n<meta name=\"twitter:card\" content=\"summary_large_image\" \/>\n<meta name=\"twitter:label1\" content=\"Verfasst von\" \/>\n\t<meta name=\"twitter:data1\" content=\"Petra Schuster\" \/>\n\t<meta name=\"twitter:label2\" content=\"Gesch\u00e4tzte Lesezeit\" \/>\n\t<meta name=\"twitter:data2\" content=\"6\u00a0Minuten\" \/>\n<script type=\"application\/ld+json\" class=\"yoast-schema-graph\">{\"@context\":\"https:\/\/schema.org\",\"@graph\":[{\"@type\":\"Article\",\"@id\":\"https:\/\/www.mein-tagwerk.de\/tagwerk\/ladys-in-business-4\/#article\",\"isPartOf\":{\"@id\":\"https:\/\/www.mein-tagwerk.de\/tagwerk\/ladys-in-business-4\/\"},\"author\":{\"name\":\"Petra Schuster\",\"@id\":\"https:\/\/www.mein-tagwerk.de\/tagwerk\/#\/schema\/person\/00050f870e9c9b60d4f756d870bf236d\"},\"headline\":\"Ladys in Business\",\"datePublished\":\"2019-11-24T14:48:48+00:00\",\"dateModified\":\"2020-07-14T19:48:30+00:00\",\"mainEntityOfPage\":{\"@id\":\"https:\/\/www.mein-tagwerk.de\/tagwerk\/ladys-in-business-4\/\"},\"wordCount\":1168,\"commentCount\":0,\"publisher\":{\"@id\":\"https:\/\/www.mein-tagwerk.de\/tagwerk\/#organization\"},\"keywords\":[\"9 Beitr\u00e4ge\",\"Alltag\",\"Berlin\",\"Buchhaltung\",\"Buchhaltungssoftware\",\"Buchhaltungstipps\",\"B\u00fcro\",\"der kleine Gourmet\",\"Frauen\",\"Frauen im business\",\"Frauen in F\u00fchrung\",\"Frauen startup\",\"Frauenpower\",\"Gew\u00fcrze\",\"Gourmet\",\"Gr\u00fcnderinnen\",\"Hamburg\",\"Ideen\",\"Marburg\",\"mein tagwerk\",\"meintagwerk\",\"Niedersachsen\",\"online\",\"Online Buchhaltung\",\"Pr\u00e4sentation\",\"rechnungstellung\",\"Selbst\u00e4ndige\",\"Selbstst\u00e4ndig arbeiten\",\"Software\",\"Startup\",\"Steuer\",\"tagwerk\",\"Tagwerker\",\"tagwerktipp\",\"Tr\u00e4umereien\",\"Wirtschaft\",\"Zeiterfassung\"],\"articleSection\":[\"3 tagwerktipps\",\"6 Gastbeitr\u00e4ge\",\"belegjunkie\"],\"inLanguage\":\"de\",\"potentialAction\":[{\"@type\":\"CommentAction\",\"name\":\"Comment\",\"target\":[\"https:\/\/www.mein-tagwerk.de\/tagwerk\/ladys-in-business-4\/#respond\"]}]},{\"@type\":\"WebPage\",\"@id\":\"https:\/\/www.mein-tagwerk.de\/tagwerk\/ladys-in-business-4\/\",\"url\":\"https:\/\/www.mein-tagwerk.de\/tagwerk\/ladys-in-business-4\/\",\"name\":\"Ladys in Business | meintagwerk\",\"isPartOf\":{\"@id\":\"https:\/\/www.mein-tagwerk.de\/tagwerk\/#website\"},\"datePublished\":\"2019-11-24T14:48:48+00:00\",\"dateModified\":\"2020-07-14T19:48:30+00:00\",\"breadcrumb\":{\"@id\":\"https:\/\/www.mein-tagwerk.de\/tagwerk\/ladys-in-business-4\/#breadcrumb\"},\"inLanguage\":\"de\",\"potentialAction\":[{\"@type\":\"ReadAction\",\"target\":[\"https:\/\/www.mein-tagwerk.de\/tagwerk\/ladys-in-business-4\/\"]}]},{\"@type\":\"BreadcrumbList\",\"@id\":\"https:\/\/www.mein-tagwerk.de\/tagwerk\/ladys-in-business-4\/#breadcrumb\",\"itemListElement\":[{\"@type\":\"ListItem\",\"position\":1,\"name\":\"Home\",\"item\":\"https:\/\/www.mein-tagwerk.de\/tagwerk\/\"},{\"@type\":\"ListItem\",\"position\":2,\"name\":\"Ladys in Business\"}]},{\"@type\":\"WebSite\",\"@id\":\"https:\/\/www.mein-tagwerk.de\/tagwerk\/#website\",\"url\":\"https:\/\/www.mein-tagwerk.de\/tagwerk\/\",\"name\":\"meintagwerk\",\"description\":\"Online Buchhaltung f\u00fcr Freiberufler, Freelancer und Selbst\u00e4ndige\",\"publisher\":{\"@id\":\"https:\/\/www.mein-tagwerk.de\/tagwerk\/#organization\"},\"potentialAction\":[{\"@type\":\"SearchAction\",\"target\":{\"@type\":\"EntryPoint\",\"urlTemplate\":\"https:\/\/www.mein-tagwerk.de\/tagwerk\/?s={search_term_string}\"},\"query-input\":\"required name=search_term_string\"}],\"inLanguage\":\"de\"},{\"@type\":\"Organization\",\"@id\":\"https:\/\/www.mein-tagwerk.de\/tagwerk\/#organization\",\"name\":\"tagwerk\",\"url\":\"https:\/\/www.mein-tagwerk.de\/tagwerk\/\",\"logo\":{\"@type\":\"ImageObject\",\"inLanguage\":\"de\",\"@id\":\"https:\/\/www.mein-tagwerk.de\/tagwerk\/#\/schema\/logo\/image\/\",\"url\":\"https:\/\/www.mein-tagwerk.de\/tagwerk\/wp-content\/uploads\/2013\/08\/130611_logo-tagwerk-corporate.png\",\"contentUrl\":\"https:\/\/www.mein-tagwerk.de\/tagwerk\/wp-content\/uploads\/2013\/08\/130611_logo-tagwerk-corporate.png\",\"width\":328,\"height\":140,\"caption\":\"tagwerk\"},\"image\":{\"@id\":\"https:\/\/www.mein-tagwerk.de\/tagwerk\/#\/schema\/logo\/image\/\"}},{\"@type\":\"Person\",\"@id\":\"https:\/\/www.mein-tagwerk.de\/tagwerk\/#\/schema\/person\/00050f870e9c9b60d4f756d870bf236d\",\"name\":\"Petra Schuster\",\"image\":{\"@type\":\"ImageObject\",\"inLanguage\":\"de\",\"@id\":\"https:\/\/www.mein-tagwerk.de\/tagwerk\/#\/schema\/person\/image\/\",\"url\":\"https:\/\/www.mein-tagwerk.de\/tagwerk\/wp-content\/uploads\/2019\/05\/Image-meSW-96x96.jpg\",\"contentUrl\":\"https:\/\/www.mein-tagwerk.de\/tagwerk\/wp-content\/uploads\/2019\/05\/Image-meSW-96x96.jpg\",\"caption\":\"Petra Schuster\"},\"url\":\"https:\/\/www.mein-tagwerk.de\/tagwerk\/author\/petra\/\"}]}<\/script>\n<!-- \/ Yoast SEO plugin. -->","yoast_head_json":{"title":"Ladys in Business | meintagwerk","robots":{"index":"index","follow":"follow","max-snippet":"max-snippet:-1","max-image-preview":"max-image-preview:large","max-video-preview":"max-video-preview:-1"},"canonical":"https:\/\/www.mein-tagwerk.de\/tagwerk\/ladys-in-business-4\/","og_locale":"de_DE","og_type":"article","og_title":"Ladys in Business | meintagwerk","og_description":"Frauen k\u00f6nnen es Wir m\u00f6chten euch in diesem Blog Frauen vorstellen, die eine grossartige Idee hatten und den Mumm hatten sich mit dieser Idee selbstst\u00e4ndig zu machen. Wir haben ein paar sehr erfolgreiche Frauen gefunden. Wenn vor der Selbstst\u00e4ndigkeit nicht schon eine grosse Freundschaft bestand, ist aus unserer Sicht eine daraus geworden. Eine, die das [&hellip","og_url":"https:\/\/www.mein-tagwerk.de\/tagwerk\/ladys-in-business-4\/","og_site_name":"meintagwerk","article_published_time":"2019-11-24T14:48:48+00:00","article_modified_time":"2020-07-14T19:48:30+00:00","og_image":[{"width":1706,"height":2560,"url":"https:\/\/www.mein-tagwerk.de\/tagwerk\/wp-content\/uploads\/2019\/11\/Gru\u0308nderinnenSW-scaled.jpg","type":"image\/jpeg"}],"author":"Petra Schuster","twitter_card":"summary_large_image","twitter_misc":{"Verfasst von":"Petra Schuster","Gesch\u00e4tzte Lesezeit":"6\u00a0Minuten"},"schema":{"@context":"https:\/\/schema.org","@graph":[{"@type":"Article","@id":"https:\/\/www.mein-tagwerk.de\/tagwerk\/ladys-in-business-4\/#article","isPartOf":{"@id":"https:\/\/www.mein-tagwerk.de\/tagwerk\/ladys-in-business-4\/"},"author":{"name":"Petra Schuster","@id":"https:\/\/www.mein-tagwerk.de\/tagwerk\/#\/schema\/person\/00050f870e9c9b60d4f756d870bf236d"},"headline":"Ladys in Business","datePublished":"2019-11-24T14:48:48+00:00","dateModified":"2020-07-14T19:48:30+00:00","mainEntityOfPage":{"@id":"https:\/\/www.mein-tagwerk.de\/tagwerk\/ladys-in-business-4\/"},"wordCount":1168,"commentCount":0,"publisher":{"@id":"https:\/\/www.mein-tagwerk.de\/tagwerk\/#organization"},"keywords":["9 Beitr\u00e4ge","Alltag","Berlin","Buchhaltung","Buchhaltungssoftware","Buchhaltungstipps","B\u00fcro","der kleine Gourmet","Frauen","Frauen im business","Frauen in F\u00fchrung","Frauen startup","Frauenpower","Gew\u00fcrze","Gourmet","Gr\u00fcnderinnen","Hamburg","Ideen","Marburg","mein tagwerk","meintagwerk","Niedersachsen","online","Online Buchhaltung","Pr\u00e4sentation","rechnungstellung","Selbst\u00e4ndige","Selbstst\u00e4ndig arbeiten","Software","Startup","Steuer","tagwerk","Tagwerker","tagwerktipp","Tr\u00e4umereien","Wirtschaft","Zeiterfassung"],"articleSection":["3 tagwerktipps","6 Gastbeitr\u00e4ge","belegjunkie"],"inLanguage":"de","potentialAction":[{"@type":"CommentAction","name":"Comment","target":["https:\/\/www.mein-tagwerk.de\/tagwerk\/ladys-in-business-4\/#respond"]}]},{"@type":"WebPage","@id":"https:\/\/www.mein-tagwerk.de\/tagwerk\/ladys-in-business-4\/","url":"https:\/\/www.mein-tagwerk.de\/tagwerk\/ladys-in-business-4\/","name":"Ladys in Business | meintagwerk","isPartOf":{"@id":"https:\/\/www.mein-tagwerk.de\/tagwerk\/#website"},"datePublished":"2019-11-24T14:48:48+00:00","dateModified":"2020-07-14T19:48:30+00:00","breadcrumb":{"@id":"https:\/\/www.mein-tagwerk.de\/tagwerk\/ladys-in-business-4\/#breadcrumb"},"inLanguage":"de","potentialAction":[{"@type":"ReadAction","target":["https:\/\/www.mein-tagwerk.de\/tagwerk\/ladys-in-business-4\/"]}]},{"@type":"BreadcrumbList","@id":"https:\/\/www.mein-tagwerk.de\/tagwerk\/ladys-in-business-4\/#breadcrumb","itemListElement":[{"@type":"ListItem","position":1,"name":"Home","item":"https:\/\/www.mein-tagwerk.de\/tagwerk\/"},{"@type":"ListItem","position":2,"name":"Ladys in Business"}]},{"@type":"WebSite","@id":"https:\/\/www.mein-tagwerk.de\/tagwerk\/#website","url":"https:\/\/www.mein-tagwerk.de\/tagwerk\/","name":"meintagwerk","description":"Online Buchhaltung f\u00fcr Freiberufler, Freelancer und Selbst\u00e4ndige","publisher":{"@id":"https:\/\/www.mein-tagwerk.de\/tagwerk\/#organization"},"potentialAction":[{"@type":"SearchAction","target":{"@type":"EntryPoint","urlTemplate":"https:\/\/www.mein-tagwerk.de\/tagwerk\/?s={search_term_string}"},"query-input":"required name=search_term_string"}],"inLanguage":"de"},{"@type":"Organization","@id":"https:\/\/www.mein-tagwerk.de\/tagwerk\/#organization","name":"tagwerk","url":"https:\/\/www.mein-tagwerk.de\/tagwerk\/","logo":{"@type":"ImageObject","inLanguage":"de","@id":"https:\/\/www.mein-tagwerk.de\/tagwerk\/#\/schema\/logo\/image\/","url":"https:\/\/www.mein-tagwerk.de\/tagwerk\/wp-content\/uploads\/2013\/08\/130611_logo-tagwerk-corporate.png","contentUrl":"https:\/\/www.mein-tagwerk.de\/tagwerk\/wp-content\/uploads\/2013\/08\/130611_logo-tagwerk-corporate.png","width":328,"height":140,"caption":"tagwerk"},"image":{"@id":"https:\/\/www.mein-tagwerk.de\/tagwerk\/#\/schema\/logo\/image\/"}},{"@type":"Person","@id":"https:\/\/www.mein-tagwerk.de\/tagwerk\/#\/schema\/person\/00050f870e9c9b60d4f756d870bf236d","name":"Petra Schuster","image":{"@type":"ImageObject","inLanguage":"de","@id":"https:\/\/www.mein-tagwerk.de\/tagwerk\/#\/schema\/person\/image\/","url":"https:\/\/www.mein-tagwerk.de\/tagwerk\/wp-content\/uploads\/2019\/05\/Image-meSW-96x96.jpg","contentUrl":"https:\/\/www.mein-tagwerk.de\/tagwerk\/wp-content\/uploads\/2019\/05\/Image-meSW-96x96.jpg","caption":"Petra Schuster"},"url":"https:\/\/www.mein-tagwerk.de\/tagwerk\/author\/petra\/"}]}},"_links":{"self":[{"href":"https:\/\/www.mein-tagwerk.de\/tagwerk\/wp-json\/wp\/v2\/posts\/4739"}],"collection":[{"href":"https:\/\/www.mein-tagwerk.de\/tagwerk\/wp-json\/wp\/v2\/posts"}],"about":[{"href":"https:\/\/www.mein-tagwerk.de\/tagwerk\/wp-json\/wp\/v2\/types\/post"}],"author":[{"embeddable":true,"href":"https:\/\/www.mein-tagwerk.de\/tagwerk\/wp-json\/wp\/v2\/users\/7"}],"replies":[{"embeddable":true,"href":"https:\/\/www.mein-tagwerk.de\/tagwerk\/wp-json\/wp\/v2\/comments?post=4739"}],"version-history":[{"count":1,"href":"https:\/\/www.mein-tagwerk.de\/tagwerk\/wp-json\/wp\/v2\/posts\/4739\/revisions"}],"predecessor-version":[{"id":5018,"href":"https:\/\/www.mein-tagwerk.de\/tagwerk\/wp-json\/wp\/v2\/posts\/4739\/revisions\/5018"}],"wp:featuredmedia":[{"embeddable":true,"href":"https:\/\/www.mein-tagwerk.de\/tagwerk\/wp-json\/wp\/v2\/media\/4744"}],"wp:attachment":[{"href":"https:\/\/www.mein-tagwerk.de\/tagwerk\/wp-json\/wp\/v2\/media?parent=4739"}],"wp:term":[{"taxonomy":"category","embeddable":true,"href":"https:\/\/www.mein-tagwerk.de\/tagwerk\/wp-json\/wp\/v2\/categories?post=4739"},{"taxonomy":"post_tag","embeddable":true,"href":"https:\/\/www.mein-tagwerk.de\/tagwerk\/wp-json\/wp\/v2\/tags?post=4739"}],"curies":[{"name":"wp","href":"https:\/\/api.w.org\/{rel}","templated":true}]}}