{"id":4939,"date":"2020-06-03T19:01:41","date_gmt":"2020-06-03T17:01:41","guid":{"rendered":"https:\/\/www.mein-tagwerk.de\/tagwerk\/?p=4939"},"modified":"2020-07-14T21:37:38","modified_gmt":"2020-07-14T19:37:38","slug":"corona-krise-mit-claudia","status":"publish","type":"post","link":"https:\/\/www.mein-tagwerk.de\/tagwerk\/corona-krise-mit-claudia\/","title":{"rendered":"Corona Krise mit Claudia"},"content":{"rendered":"<h2><strong>Selbst\u00e4ndigkeit in der Corona Krise<br \/>\n<\/strong><\/h2>\n<h4>Um die Verbreitung des Corona Virus einzud\u00e4mmen gelten in Deutschland seit Mitte M\u00e4rz neue vor\u00fcbergehende Kontaktbeschr\u00e4nkungen.<\/h4>\n<h4>Wir befinden uns in der gr\u00f6ssten Krise seit dem 2. Weltkrieg &#8211; Zitat Angela Merkel &#8211; Das \u00f6ffentliche Leben ist lahmgelegt, Gesch\u00e4fte und Restaurants geschlossen. Inzwischen wurden die Massnahmen etwas gelockert. Trotzdem: Freelancer, Soloselbst\u00e4ndige und Kleinunternehmer treffen diese neuen Regelungen immer noch am h\u00e4rtesten. Die Regierung in Deutschland hat schnelle Hilfe versprochen.<\/h4>\n<h4><span id=\"title\">Durch Jobverlust und Auftragsstornierung geraten einige in Panik, andere wiederum sehen es eher gelassen und vielleicht auch eine Chance etwas zu \u00e4ndern oder neu zu machen.<br \/>\n<\/span><\/h4>\n<p>Wir haben Selbst\u00e4ndige im Interview gefragt wie sie mit dieser sehr ungew\u00f6hnlichen Zeit umgehen. Was sie machen und wie sehr es ihr gewohntes Leben auf den Kopf stellt.<\/p>\n<h4>Heute vor dem langen Wochenende stellt sich <a href=\"https:\/\/www.artroschka.de\/\" target=\"_blank\" rel=\"noopener noreferrer\">Claudia von Allw\u00f6rden<\/a> vor. Sie ist freiberufliche Gestalterin, genauer gesagt Digital Product Desinger (UI und UX).<\/h4>\n<p>&nbsp;<\/p>\n<div id=\"attachment_4966\" style=\"width: 660px\" class=\"wp-caption alignnone\"><a href=\"https:\/\/www.artroschka.de\/\" target=\"_blank\" rel=\"noopener noreferrer\"><img loading=\"lazy\" decoding=\"async\" aria-describedby=\"caption-attachment-4966\" class=\"wp-image-4966\" src=\"https:\/\/www.mein-tagwerk.de\/tagwerk\/wp-content\/uploads\/2020\/06\/portrait-quadratSW-1024x512.jpg\" rel='prettyPhoto' alt=\" Claudia von Allw\u00f6rden, Designer, User Experience ,User Interface Design, Digital Product Design, Yoga, K\u00f6rpergef\u00fchl, Ern\u00e4hrung, ausbalancierter Geist, PRANA AYURVEDA KUR, Ayurveda, essen, kochen, Ern\u00e4hrung, ayurvedische K\u00fcche,Tobi Dahmen, Illustration, Niederlande, Utrecht, Niederrhein, D\u00fcsseldorf, Kommunikationsmedien, Comiczeichner, Fotografie, Fotograf. Photographer, Selbst\u00e4ndig, Freelancer, Soloselbstst\u00e4ndig, Selbst\u00e4ndigkeit, Kleinunternehmer, Buchhaltung, Accountant, Hamburg, Berlin, Gullivers Reisen, Portr\u00e4t,Portraits, Reisefotografie, Corona, Covid 19, Corona Krise, Corona Hilfe, Krise, Hilfe, mein Tagwerk, tagwerk, \" width=\"650\" height=\"325\" srcset=\"https:\/\/www.mein-tagwerk.de\/tagwerk\/wp-content\/uploads\/2020\/06\/portrait-quadratSW-1024x512.jpg 1024w, https:\/\/www.mein-tagwerk.de\/tagwerk\/wp-content\/uploads\/2020\/06\/portrait-quadratSW-300x150.jpg 300w, https:\/\/www.mein-tagwerk.de\/tagwerk\/wp-content\/uploads\/2020\/06\/portrait-quadratSW-768x384.jpg 768w, https:\/\/www.mein-tagwerk.de\/tagwerk\/wp-content\/uploads\/2020\/06\/portrait-quadratSW-1536x768.jpg 1536w, https:\/\/www.mein-tagwerk.de\/tagwerk\/wp-content\/uploads\/2020\/06\/portrait-quadratSW-2048x1024.jpg 2048w, https:\/\/www.mein-tagwerk.de\/tagwerk\/wp-content\/uploads\/2020\/06\/portrait-quadratSW-622x311.jpg 622w\" sizes=\"(max-width: 650px) 100vw, 650px\" \/><\/a><p id=\"caption-attachment-4966\" class=\"wp-caption-text\">Dipl. Designerin Claudia von Allw\u00f6rden<\/p><\/div>\n<h3>Vorstellung: Bitte stell dich kurz vor. Wer bist du?<\/h3>\n<p align=\"LEFT\"><span lang=\"de-DE\">Ich bin Claudia, Wahlhamburgerin, die urspr\u00fcnglich in den Bergen zur Schule gegangen und dadurch absolut schwindelfrei ist. Ich liebe das Wasser, deshalb f\u00fchle ich mich hier \u201eoben\u201c sehr wohl. Das Meer ist sehr dicht dran und in Altona ist ja auch der beach \u201clight\u201c schnell erreichbar.<br \/>\nF\u00fcr die Fortbewegung reicht mir meist mein Fahrrad oder der HVV. Meine Familie sieht das zum Gl\u00fcck ganz genauso.<\/span><\/p>\n<h3>Berufsbezeichnung: Was machst du? Beschreibe deine T\u00e4tigkeit.<\/h3>\n<p align=\"LEFT\"><span lang=\"de-DE\">Mein Beruf nennt sich User Experience und User Interface Design. Manchmal wird das auch Digital Product Design genannt. Daran reizt mich die st\u00e4ndige Bewegung der digitalen Welt. Das Internet ist nat\u00fcrlich nie \u201efertig\u201c. Ich finde es spannend, mich immer mal wieder mit neuen Anwendungen und Tools auseinanderzusetzen. Das wird nicht langweilig. Ausserdem geht es um die Interaktion mit dem Nutzer. Es ist also stets ein Dialog. Kein Monolog, wo man \u201ekauf das!\u201c diktiert und gut. Zus\u00e4tzlich zu den Designjobs, die ich mache, zeichne ich auch sehr gerne. Das kommt leider oft zu kurz. Ich w\u00fcrde mich nicht gut als Illustratorin verdingen k\u00f6nnen, da ich sehr unterschiedliche Zeichnungen erstelle. Das hat dann nicht so einen Wiedererkennung-Faktor, wie es bei den meisten Illustratoren der Fall ist.<br \/>\n<\/span><\/p>\n<h3><a href=\"https:\/\/www.artroschka.de\/\" target=\"_blank\" rel=\"noopener noreferrer\"><img loading=\"lazy\" decoding=\"async\" class=\"alignnone wp-image-4967\" src=\"https:\/\/www.mein-tagwerk.de\/tagwerk\/wp-content\/uploads\/2020\/06\/wassersport-AppSW-1024x603.jpg\" rel='prettyPhoto' alt=\"Claudia von Allw\u00f6rden, Designer, User Experience ,User Interface Design, Digital Product Design, Yoga, K\u00f6rpergef\u00fchl, Ern\u00e4hrung, ausbalancierter Geist, PRANA AYURVEDA KUR, Ayurveda, essen, kochen, Ern\u00e4hrung, ayurvedische K\u00fcche,Tobi Dahmen, Illustration, Niederlande, Utrecht, Niederrhein, D\u00fcsseldorf, Kommunikationsmedien, Comiczeichner, Fotografie, Fotograf. Photographer, Selbst\u00e4ndig, Freelancer, Soloselbstst\u00e4ndig, Selbst\u00e4ndigkeit, Kleinunternehmer, Buchhaltung, Accountant, Hamburg, Berlin, Gullivers Reisen, Portr\u00e4t,Portraits, Reisefotografie, Corona, Covid 19, Corona Krise, Corona Hilfe, Krise, Hilfe, mein Tagwerk, tagwerk, \" width=\"650\" height=\"383\" srcset=\"https:\/\/www.mein-tagwerk.de\/tagwerk\/wp-content\/uploads\/2020\/06\/wassersport-AppSW-1024x603.jpg 1024w, https:\/\/www.mein-tagwerk.de\/tagwerk\/wp-content\/uploads\/2020\/06\/wassersport-AppSW-300x177.jpg 300w, https:\/\/www.mein-tagwerk.de\/tagwerk\/wp-content\/uploads\/2020\/06\/wassersport-AppSW-768x452.jpg 768w, https:\/\/www.mein-tagwerk.de\/tagwerk\/wp-content\/uploads\/2020\/06\/wassersport-AppSW-622x366.jpg 622w, https:\/\/www.mein-tagwerk.de\/tagwerk\/wp-content\/uploads\/2020\/06\/wassersport-AppSW.jpg 1280w\" sizes=\"(max-width: 650px) 100vw, 650px\" \/><\/a>Wie bist du zu diesem Beruf gekommen? Warum hast du diesen Weg gew\u00e4hlt? Oder anders gesagt, was hat dich Inspiriert, gab es eventuell ein Vorbild, dass in diesem Bereich gearbeitet hat?<\/h3>\n<p align=\"LEFT\"><span lang=\"de-DE\">Ich bin \u00fcber einen Umweg zum Design gekommen: dem Jura-Studium. Da hab ich mich so fremd drin gef\u00fchlt und dann dar\u00fcber nachgedacht, was ich eigentlich will und bin. Daraus ergab sich: Ich m\u00f6chte gestalten! Also habe ich eine Mappe f\u00fcr die HAW Hamburg erstellt und: Es hat sofort geklappt! Bestanden. Danach hab ich tats\u00e4chlich keine Sekunde gez\u00f6gert, mich f\u00fcr den neuen Studiengang einzuschreiben. Und bis heute f\u00fchle ich mich in der Kreation sehr zu Hause. Ich liebe das Gef\u00fchl des \u201eFlow\u201c &#8211; wenn man ins selbstvergessene Machen ger\u00e4t. Das ist ganz einmalig.<\/span><\/p>\n<h3 align=\"LEFT\">Wie gehst du mit dieser Krisensituation um? Wurden deine Auftr\u00e4ge storniert oder verschoben? Kannst du die Corona Hilfe beantragen? Und wenn ja tust du das?<\/h3>\n<p>Ja, leider habe ich diesbez\u00fcgliche Absagen bekommen. Projekte sind derzeit schwer zu bekommen und wenn es welche gibt, ist die Konkurrenz nat\u00fcrlich auch gerade sehr gro\u00df. Mir wurde schon von einem Vermittler gesagt: Du kannst nicht mehr den Stundensatz nehmen wie vor 2 Wochen, das zahlt gerade niemand. OK\u2026Dann habe ich den Job auch nicht bekommen, obwohl ich mit dem Preis runtergegangen bin.<br \/>\nUnter diesem Aspekt w\u00fcrde ich schon sagen, es trifft auch uns Designer momentan.<br \/>\nDa ich nicht wirklich zu den F\u00f6rderungen beraten kann, w\u00fcrde ich die Hotline der Kreativgesellschaft empfehlen,<br \/>\nsie bieten eine Beratung f\u00fcr Designer und Kreative in der momentanen Situation an. Findet man auf der Homepage!<\/p>\n<div id=\"attachment_4968\" style=\"width: 660px\" class=\"wp-caption alignnone\"><a href=\"https:\/\/www.artroschka.de\/\" target=\"_blank\" rel=\"noopener noreferrer\"><img loading=\"lazy\" decoding=\"async\" aria-describedby=\"caption-attachment-4968\" class=\"wp-image-4968\" src=\"https:\/\/www.mein-tagwerk.de\/tagwerk\/wp-content\/uploads\/2020\/06\/Arbeitsplatz-Kopie-1024x566.jpg\" rel='prettyPhoto' alt=\" Claudia von Allw\u00f6rden, Designer, User Experience ,User Interface Design, Digital Product Design, Yoga, K\u00f6rpergef\u00fchl, Ern\u00e4hrung, ausbalancierter Geist, PRANA AYURVEDA KUR, Ayurveda, essen, kochen, Ern\u00e4hrung, ayurvedische K\u00fcche,Tobi Dahmen, Illustration, Niederlande, Utrecht, Niederrhein, D\u00fcsseldorf, Kommunikationsmedien, Comiczeichner, Fotografie, Fotograf. Photographer, Selbst\u00e4ndig, Freelancer, Soloselbstst\u00e4ndig, Selbst\u00e4ndigkeit, Kleinunternehmer, Buchhaltung, Accountant, Hamburg, Berlin, Gullivers Reisen, Portr\u00e4t,Portraits, Reisefotografie, Corona, Covid 19, Corona Krise, Corona Hilfe, Krise, Hilfe, mein Tagwerk, tagwerk, \" width=\"650\" height=\"360\" srcset=\"https:\/\/www.mein-tagwerk.de\/tagwerk\/wp-content\/uploads\/2020\/06\/Arbeitsplatz-Kopie-1024x566.jpg 1024w, https:\/\/www.mein-tagwerk.de\/tagwerk\/wp-content\/uploads\/2020\/06\/Arbeitsplatz-Kopie-300x166.jpg 300w, https:\/\/www.mein-tagwerk.de\/tagwerk\/wp-content\/uploads\/2020\/06\/Arbeitsplatz-Kopie-768x425.jpg 768w, https:\/\/www.mein-tagwerk.de\/tagwerk\/wp-content\/uploads\/2020\/06\/Arbeitsplatz-Kopie-1536x850.jpg 1536w, https:\/\/www.mein-tagwerk.de\/tagwerk\/wp-content\/uploads\/2020\/06\/Arbeitsplatz-Kopie-2048x1133.jpg 2048w, https:\/\/www.mein-tagwerk.de\/tagwerk\/wp-content\/uploads\/2020\/06\/Arbeitsplatz-Kopie-622x344.jpg 622w\" sizes=\"(max-width: 650px) 100vw, 650px\" \/><\/a><p id=\"caption-attachment-4968\" class=\"wp-caption-text\">Home Office<\/p><\/div>\n<h3>Hat sich deine Arbeitsweise ver\u00e4ndert? Glaubst du dass sich die Arbeitswelt und Einstellungen zu Freizeit ver\u00e4ndern wird?<\/h3>\n<p align=\"LEFT\"><span lang=\"de-DE\">Ich hoffe, da\u00df diese schwierige Zeit die Wertsch\u00e4tzung der \u201eCare\u201c-Arbeit verbessert. Leider meistens schlecht bezahlte Frauenberufe. Und im h\u00e4uslichen Bereich oft gar nicht entlohnt oder anerkannt. Nun bekommen viele Menschen mit, wie anstrengend auch Erziehungsarbeit und t\u00e4gliches K\u00fcmmern ist. Das wird sicherlich nicht so rasch vergessen. Und wir sollten unser medizinisches Personal wertsch\u00e4tzen.<br \/>\nMeine eigene Arbeitsweise hat sich kaum ver\u00e4ndert, ich gehe morgens an den Platz (zu Hause statt im Coworking Space allerdings) und bereite eigene Projekte vor oder k\u00fcmmere mich um mein Portfolio und die Eigendarstellung. Bis dann wieder Freelancer gebucht werden hoffentlich.<\/span><\/p>\n<h3>Hast du hilfreiche Tipps f\u00fcr uns und unsere Leser?<\/h3>\n<p align=\"LEFT\"><span lang=\"de-DE\">Sport ist nicht nur gut f\u00fcr die Gesundheit &#8211; er hebt die Stimmung! Ob das jetzt ein Online-Yogakurs ist oder man geht eine Runde Joggen.<br \/>\nHinterher sieht alles nicht mehr so tr\u00fcbe aus. Das kann ich wirklich jedem empfehlen, der es irgendwie in den Tag einbauen kann und gesundheitlich schafft.<\/span><\/p>\n<p>&nbsp;<\/p>\n<h3>Zu guter Letzt was w\u00fcnschst du dir wenn die Krise vorbei ist? Was wirst du als erstes tun?<\/h3>\n<p align=\"LEFT\"><span lang=\"de-DE\">Als erstes m\u00f6chte ich dann mal wieder ans Meer.<br \/>\nUnd Treffen mit Freunden vermisse ich schon auch sehr. Gutes Essen, das man nicht selbst gekocht hat.<br \/>\nSowas eben. <\/span><\/p>\n<p>Vielen Dank f\u00fcr das Gespr\u00e4ch und deine Zeit!<\/p>\n<p>&nbsp;<\/p>\n<p>Kontakt:<\/p>\n<p><a href=\"https:\/\/www.artroschka.de\" target=\"_blank\" rel=\"noopener noreferrer\">www.artroschka.de<\/a><\/p>\n<p><a href=\"https:\/\/www.facebook.com\/claudia.vonallworden\" target=\"_blank\" rel=\"noopener noreferrer\"><img loading=\"lazy\" decoding=\"async\" class=\"alignleft wp-image-4832\" src=\"https:\/\/www.mein-tagwerk.de\/tagwerk\/wp-content\/uploads\/2020\/02\/FB-Icon.jpg\" rel='prettyPhoto' alt=\"\" width=\"50\" height=\"50\" srcset=\"https:\/\/www.mein-tagwerk.de\/tagwerk\/wp-content\/uploads\/2020\/02\/FB-Icon.jpg 454w, https:\/\/www.mein-tagwerk.de\/tagwerk\/wp-content\/uploads\/2020\/02\/FB-Icon-300x300.jpg 300w, https:\/\/www.mein-tagwerk.de\/tagwerk\/wp-content\/uploads\/2020\/02\/FB-Icon-150x150.jpg 150w\" sizes=\"(max-width: 50px) 100vw, 50px\" \/><\/a><a href=\"https:\/\/www.instagram.com\/artroschka\/\" target=\"_blank\" rel=\"noopener noreferrer\"><img loading=\"lazy\" decoding=\"async\" class=\"alignleft wp-image-4833\" src=\"https:\/\/www.mein-tagwerk.de\/tagwerk\/wp-content\/uploads\/2020\/02\/Istagram-Icon.jpg\" rel='prettyPhoto' alt=\"\" width=\"50\" height=\"51\" srcset=\"https:\/\/www.mein-tagwerk.de\/tagwerk\/wp-content\/uploads\/2020\/02\/Istagram-Icon.jpg 454w, https:\/\/www.mein-tagwerk.de\/tagwerk\/wp-content\/uploads\/2020\/02\/Istagram-Icon-295x300.jpg 295w, https:\/\/www.mein-tagwerk.de\/tagwerk\/wp-content\/uploads\/2020\/02\/Istagram-Icon-150x150.jpg 150w\" sizes=\"(max-width: 50px) 100vw, 50px\" \/><\/a><a href=\"https:\/\/artroschka.tumblr.com\/\" target=\"_blank\" rel=\"noopener noreferrer\"><img loading=\"lazy\" decoding=\"async\" class=\"wp-image-4971 alignleft\" src=\"https:\/\/www.mein-tagwerk.de\/tagwerk\/wp-content\/uploads\/2020\/06\/Tumbler.jpg\" rel='prettyPhoto' alt=\"\" width=\"54\" height=\"54\" srcset=\"https:\/\/www.mein-tagwerk.de\/tagwerk\/wp-content\/uploads\/2020\/06\/Tumbler.jpg 454w, https:\/\/www.mein-tagwerk.de\/tagwerk\/wp-content\/uploads\/2020\/06\/Tumbler-300x300.jpg 300w, https:\/\/www.mein-tagwerk.de\/tagwerk\/wp-content\/uploads\/2020\/06\/Tumbler-150x150.jpg 150w\" sizes=\"(max-width: 54px) 100vw, 54px\" \/><\/a><a href=\"https:\/\/twitter.com\/PixerellaLowres\"><img loading=\"lazy\" decoding=\"async\" class=\"wp-image-4972 alignleft\" src=\"https:\/\/www.mein-tagwerk.de\/tagwerk\/wp-content\/uploads\/2020\/06\/Twitter.jpg\" rel='prettyPhoto' alt=\"\" width=\"54\" height=\"54\" srcset=\"https:\/\/www.mein-tagwerk.de\/tagwerk\/wp-content\/uploads\/2020\/06\/Twitter.jpg 454w, https:\/\/www.mein-tagwerk.de\/tagwerk\/wp-content\/uploads\/2020\/06\/Twitter-300x300.jpg 300w, https:\/\/www.mein-tagwerk.de\/tagwerk\/wp-content\/uploads\/2020\/06\/Twitter-150x150.jpg 150w\" sizes=\"(max-width: 54px) 100vw, 54px\" \/><\/a><\/p>\n<p>&nbsp;<\/p>\n<p>&nbsp;<\/p>\n<h6><\/h6>\n<h6><\/h6>\n<h6><\/h6>\n<h6><span class=\"block-wrap\"><a class=\"blogmore\" href=\"\/tagwerk\/campus\/anmelden\/\">meintagwerk kennen lernen <\/a><\/span><\/h6>\n","protected":false},"excerpt":{"rendered":"<p>Selbst\u00e4ndigkeit in der Corona Krise Um die Verbreitung des Corona Virus einzud\u00e4mmen gelten in Deutschland seit Mitte M\u00e4rz neue vor\u00fcbergehende Kontaktbeschr\u00e4nkungen. Wir befinden uns in der gr\u00f6ssten Krise seit dem 2. Weltkrieg &#8211; Zitat Angela Merkel &#8211; Das \u00f6ffentliche Leben ist lahmgelegt, Gesch\u00e4fte und Restaurants geschlossen. Inzwischen wurden die Massnahmen etwas gelockert. Trotzdem: Freelancer, Soloselbst\u00e4ndige [&#038;hellip<\/p>\n","protected":false},"author":7,"featured_media":4966,"comment_status":"open","ping_status":"open","sticky":false,"template":"","format":"standard","meta":{"footnotes":""},"categories":[4,7,1],"tags":[473,484,65,82,84,85,494,468,478,481,480,479,112,491,493,119,470,469,162,164,188,189,194,474,196,204,464,492,213,462,489,488,234,467,482,483,270,272,487,486,463,466,292,471,476,475,326,477,329,490,339,342,345,485,353,472,461,413,465,495,434],"yoast_head":"<!-- This site is optimized with the Yoast SEO plugin v20.4 - https:\/\/yoast.com\/wordpress\/plugins\/seo\/ -->\n<title>Corona Krise mit Claudia | meintagwerk<\/title>\n<meta name=\"robots\" content=\"index, follow, max-snippet:-1, max-image-preview:large, max-video-preview:-1\" \/>\n<link rel=\"canonical\" href=\"https:\/\/www.mein-tagwerk.de\/tagwerk\/corona-krise-mit-claudia\/\" \/>\n<meta property=\"og:locale\" content=\"de_DE\" \/>\n<meta property=\"og:type\" content=\"article\" \/>\n<meta property=\"og:title\" content=\"Corona Krise mit Claudia | meintagwerk\" \/>\n<meta property=\"og:description\" content=\"Selbst\u00e4ndigkeit in der Corona Krise Um die Verbreitung des Corona Virus einzud\u00e4mmen gelten in Deutschland seit Mitte M\u00e4rz neue vor\u00fcbergehende Kontaktbeschr\u00e4nkungen. Wir befinden uns in der gr\u00f6ssten Krise seit dem 2. Weltkrieg &#8211; Zitat Angela Merkel &#8211; Das \u00f6ffentliche Leben ist lahmgelegt, Gesch\u00e4fte und Restaurants geschlossen. Inzwischen wurden die Massnahmen etwas gelockert. Trotzdem: Freelancer, Soloselbst\u00e4ndige [&amp;hellip\" \/>\n<meta property=\"og:url\" content=\"https:\/\/www.mein-tagwerk.de\/tagwerk\/corona-krise-mit-claudia\/\" \/>\n<meta property=\"og:site_name\" content=\"meintagwerk\" \/>\n<meta property=\"article:published_time\" content=\"2020-06-03T17:01:41+00:00\" \/>\n<meta property=\"article:modified_time\" content=\"2020-07-14T19:37:38+00:00\" \/>\n<meta property=\"og:image\" content=\"https:\/\/www.mein-tagwerk.de\/tagwerk\/wp-content\/uploads\/2020\/06\/portrait-quadratSW.jpg\" \/>\n\t<meta property=\"og:image:width\" content=\"2268\" \/>\n\t<meta property=\"og:image:height\" content=\"1134\" \/>\n\t<meta property=\"og:image:type\" content=\"image\/jpeg\" \/>\n<meta name=\"author\" content=\"Petra Schuster\" \/>\n<meta name=\"twitter:card\" content=\"summary_large_image\" \/>\n<meta name=\"twitter:label1\" content=\"Verfasst von\" \/>\n\t<meta name=\"twitter:data1\" content=\"Petra Schuster\" \/>\n\t<meta name=\"twitter:label2\" content=\"Gesch\u00e4tzte Lesezeit\" \/>\n\t<meta name=\"twitter:data2\" content=\"5\u00a0Minuten\" \/>\n<script type=\"application\/ld+json\" class=\"yoast-schema-graph\">{\"@context\":\"https:\/\/schema.org\",\"@graph\":[{\"@type\":\"Article\",\"@id\":\"https:\/\/www.mein-tagwerk.de\/tagwerk\/corona-krise-mit-claudia\/#article\",\"isPartOf\":{\"@id\":\"https:\/\/www.mein-tagwerk.de\/tagwerk\/corona-krise-mit-claudia\/\"},\"author\":{\"name\":\"Petra Schuster\",\"@id\":\"https:\/\/www.mein-tagwerk.de\/tagwerk\/#\/schema\/person\/00050f870e9c9b60d4f756d870bf236d\"},\"headline\":\"Corona Krise mit Claudia\",\"datePublished\":\"2020-06-03T17:01:41+00:00\",\"dateModified\":\"2020-07-14T19:37:38+00:00\",\"mainEntityOfPage\":{\"@id\":\"https:\/\/www.mein-tagwerk.de\/tagwerk\/corona-krise-mit-claudia\/\"},\"wordCount\":931,\"commentCount\":0,\"publisher\":{\"@id\":\"https:\/\/www.mein-tagwerk.de\/tagwerk\/#organization\"},\"keywords\":[\"Accountant\",\"Artdirector\",\"Berlin\",\"Buchhaltung\",\"Buchhaltungssoftware\",\"Buchhaltungstipps\",\"Claudia von Allw\u00f6rden\",\"Comiczeichner\",\"Corona\",\"Corona Hilfe\",\"Corona Krise\",\"Covid 19\",\"design\",\"Drucken\",\"Druckerei\",\"D\u00fcsseldorf\",\"Fotograf\",\"Fotografie\",\"Freelancer\",\"Freiberufler\",\"Grafikdesigner\",\"Gr\u00fcnder\",\"Gr\u00fcndung\",\"Gullivers Reisen\",\"Hamburg\",\"Hilfe\",\"Holland\",\"Holzdrucke\",\"Ideen\",\"Illustration\",\"Innenarchtitektur\",\"Interior\",\"Kleinunternehmer\",\"Kommunikationsmedien\",\"Krise\",\"LA\",\"mein tagwerk\",\"meintagwerk\",\"Natalie Weinmann\",\"Netflix\",\"Niederlande\",\"Niederrhein\",\"online\",\"Photographer\",\"Portraits\",\"Portr\u00e4t\",\"rechnungstellung\",\"Reisefotografie\",\"Reisekosten\",\"Roman Klonek\",\"Selbst\u00e4ndig\",\"Selbst\u00e4ndigkeit\",\"Selbstst\u00e4ndig arbeiten\",\"Setdesign\",\"Software\",\"Soloselbstst\u00e4ndig\",\"Tobi Dahmen\",\"USA\",\"Utrecht\",\"Von Allw\u00f6rden\",\"Wirtschaft\"],\"articleSection\":[\"3 tagwerktipps\",\"6 Gastbeitr\u00e4ge\",\"Uncategorized\"],\"inLanguage\":\"de\",\"potentialAction\":[{\"@type\":\"CommentAction\",\"name\":\"Comment\",\"target\":[\"https:\/\/www.mein-tagwerk.de\/tagwerk\/corona-krise-mit-claudia\/#respond\"]}]},{\"@type\":\"WebPage\",\"@id\":\"https:\/\/www.mein-tagwerk.de\/tagwerk\/corona-krise-mit-claudia\/\",\"url\":\"https:\/\/www.mein-tagwerk.de\/tagwerk\/corona-krise-mit-claudia\/\",\"name\":\"Corona Krise mit Claudia | meintagwerk\",\"isPartOf\":{\"@id\":\"https:\/\/www.mein-tagwerk.de\/tagwerk\/#website\"},\"datePublished\":\"2020-06-03T17:01:41+00:00\",\"dateModified\":\"2020-07-14T19:37:38+00:00\",\"breadcrumb\":{\"@id\":\"https:\/\/www.mein-tagwerk.de\/tagwerk\/corona-krise-mit-claudia\/#breadcrumb\"},\"inLanguage\":\"de\",\"potentialAction\":[{\"@type\":\"ReadAction\",\"target\":[\"https:\/\/www.mein-tagwerk.de\/tagwerk\/corona-krise-mit-claudia\/\"]}]},{\"@type\":\"BreadcrumbList\",\"@id\":\"https:\/\/www.mein-tagwerk.de\/tagwerk\/corona-krise-mit-claudia\/#breadcrumb\",\"itemListElement\":[{\"@type\":\"ListItem\",\"position\":1,\"name\":\"Home\",\"item\":\"https:\/\/www.mein-tagwerk.de\/tagwerk\/\"},{\"@type\":\"ListItem\",\"position\":2,\"name\":\"Corona Krise mit Claudia\"}]},{\"@type\":\"WebSite\",\"@id\":\"https:\/\/www.mein-tagwerk.de\/tagwerk\/#website\",\"url\":\"https:\/\/www.mein-tagwerk.de\/tagwerk\/\",\"name\":\"meintagwerk\",\"description\":\"Online Buchhaltung f\u00fcr Freiberufler, Freelancer und Selbst\u00e4ndige\",\"publisher\":{\"@id\":\"https:\/\/www.mein-tagwerk.de\/tagwerk\/#organization\"},\"potentialAction\":[{\"@type\":\"SearchAction\",\"target\":{\"@type\":\"EntryPoint\",\"urlTemplate\":\"https:\/\/www.mein-tagwerk.de\/tagwerk\/?s={search_term_string}\"},\"query-input\":\"required name=search_term_string\"}],\"inLanguage\":\"de\"},{\"@type\":\"Organization\",\"@id\":\"https:\/\/www.mein-tagwerk.de\/tagwerk\/#organization\",\"name\":\"tagwerk\",\"url\":\"https:\/\/www.mein-tagwerk.de\/tagwerk\/\",\"logo\":{\"@type\":\"ImageObject\",\"inLanguage\":\"de\",\"@id\":\"https:\/\/www.mein-tagwerk.de\/tagwerk\/#\/schema\/logo\/image\/\",\"url\":\"https:\/\/www.mein-tagwerk.de\/tagwerk\/wp-content\/uploads\/2013\/08\/130611_logo-tagwerk-corporate.png\",\"contentUrl\":\"https:\/\/www.mein-tagwerk.de\/tagwerk\/wp-content\/uploads\/2013\/08\/130611_logo-tagwerk-corporate.png\",\"width\":328,\"height\":140,\"caption\":\"tagwerk\"},\"image\":{\"@id\":\"https:\/\/www.mein-tagwerk.de\/tagwerk\/#\/schema\/logo\/image\/\"}},{\"@type\":\"Person\",\"@id\":\"https:\/\/www.mein-tagwerk.de\/tagwerk\/#\/schema\/person\/00050f870e9c9b60d4f756d870bf236d\",\"name\":\"Petra Schuster\",\"image\":{\"@type\":\"ImageObject\",\"inLanguage\":\"de\",\"@id\":\"https:\/\/www.mein-tagwerk.de\/tagwerk\/#\/schema\/person\/image\/\",\"url\":\"https:\/\/www.mein-tagwerk.de\/tagwerk\/wp-content\/uploads\/2019\/05\/Image-meSW-96x96.jpg\",\"contentUrl\":\"https:\/\/www.mein-tagwerk.de\/tagwerk\/wp-content\/uploads\/2019\/05\/Image-meSW-96x96.jpg\",\"caption\":\"Petra Schuster\"},\"url\":\"https:\/\/www.mein-tagwerk.de\/tagwerk\/author\/petra\/\"}]}<\/script>\n<!-- \/ Yoast SEO plugin. -->","yoast_head_json":{"title":"Corona Krise mit Claudia | meintagwerk","robots":{"index":"index","follow":"follow","max-snippet":"max-snippet:-1","max-image-preview":"max-image-preview:large","max-video-preview":"max-video-preview:-1"},"canonical":"https:\/\/www.mein-tagwerk.de\/tagwerk\/corona-krise-mit-claudia\/","og_locale":"de_DE","og_type":"article","og_title":"Corona Krise mit Claudia | meintagwerk","og_description":"Selbst\u00e4ndigkeit in der Corona Krise Um die Verbreitung des Corona Virus einzud\u00e4mmen gelten in Deutschland seit Mitte M\u00e4rz neue vor\u00fcbergehende Kontaktbeschr\u00e4nkungen. Wir befinden uns in der gr\u00f6ssten Krise seit dem 2. Weltkrieg &#8211; Zitat Angela Merkel &#8211; Das \u00f6ffentliche Leben ist lahmgelegt, Gesch\u00e4fte und Restaurants geschlossen. Inzwischen wurden die Massnahmen etwas gelockert. Trotzdem: Freelancer, Soloselbst\u00e4ndige [&hellip","og_url":"https:\/\/www.mein-tagwerk.de\/tagwerk\/corona-krise-mit-claudia\/","og_site_name":"meintagwerk","article_published_time":"2020-06-03T17:01:41+00:00","article_modified_time":"2020-07-14T19:37:38+00:00","og_image":[{"width":2268,"height":1134,"url":"https:\/\/www.mein-tagwerk.de\/tagwerk\/wp-content\/uploads\/2020\/06\/portrait-quadratSW.jpg","type":"image\/jpeg"}],"author":"Petra Schuster","twitter_card":"summary_large_image","twitter_misc":{"Verfasst von":"Petra Schuster","Gesch\u00e4tzte Lesezeit":"5\u00a0Minuten"},"schema":{"@context":"https:\/\/schema.org","@graph":[{"@type":"Article","@id":"https:\/\/www.mein-tagwerk.de\/tagwerk\/corona-krise-mit-claudia\/#article","isPartOf":{"@id":"https:\/\/www.mein-tagwerk.de\/tagwerk\/corona-krise-mit-claudia\/"},"author":{"name":"Petra Schuster","@id":"https:\/\/www.mein-tagwerk.de\/tagwerk\/#\/schema\/person\/00050f870e9c9b60d4f756d870bf236d"},"headline":"Corona Krise mit Claudia","datePublished":"2020-06-03T17:01:41+00:00","dateModified":"2020-07-14T19:37:38+00:00","mainEntityOfPage":{"@id":"https:\/\/www.mein-tagwerk.de\/tagwerk\/corona-krise-mit-claudia\/"},"wordCount":931,"commentCount":0,"publisher":{"@id":"https:\/\/www.mein-tagwerk.de\/tagwerk\/#organization"},"keywords":["Accountant","Artdirector","Berlin","Buchhaltung","Buchhaltungssoftware","Buchhaltungstipps","Claudia von Allw\u00f6rden","Comiczeichner","Corona","Corona Hilfe","Corona Krise","Covid 19","design","Drucken","Druckerei","D\u00fcsseldorf","Fotograf","Fotografie","Freelancer","Freiberufler","Grafikdesigner","Gr\u00fcnder","Gr\u00fcndung","Gullivers Reisen","Hamburg","Hilfe","Holland","Holzdrucke","Ideen","Illustration","Innenarchtitektur","Interior","Kleinunternehmer","Kommunikationsmedien","Krise","LA","mein tagwerk","meintagwerk","Natalie Weinmann","Netflix","Niederlande","Niederrhein","online","Photographer","Portraits","Portr\u00e4t","rechnungstellung","Reisefotografie","Reisekosten","Roman Klonek","Selbst\u00e4ndig","Selbst\u00e4ndigkeit","Selbstst\u00e4ndig arbeiten","Setdesign","Software","Soloselbstst\u00e4ndig","Tobi Dahmen","USA","Utrecht","Von Allw\u00f6rden","Wirtschaft"],"articleSection":["3 tagwerktipps","6 Gastbeitr\u00e4ge","Uncategorized"],"inLanguage":"de","potentialAction":[{"@type":"CommentAction","name":"Comment","target":["https:\/\/www.mein-tagwerk.de\/tagwerk\/corona-krise-mit-claudia\/#respond"]}]},{"@type":"WebPage","@id":"https:\/\/www.mein-tagwerk.de\/tagwerk\/corona-krise-mit-claudia\/","url":"https:\/\/www.mein-tagwerk.de\/tagwerk\/corona-krise-mit-claudia\/","name":"Corona Krise mit Claudia | meintagwerk","isPartOf":{"@id":"https:\/\/www.mein-tagwerk.de\/tagwerk\/#website"},"datePublished":"2020-06-03T17:01:41+00:00","dateModified":"2020-07-14T19:37:38+00:00","breadcrumb":{"@id":"https:\/\/www.mein-tagwerk.de\/tagwerk\/corona-krise-mit-claudia\/#breadcrumb"},"inLanguage":"de","potentialAction":[{"@type":"ReadAction","target":["https:\/\/www.mein-tagwerk.de\/tagwerk\/corona-krise-mit-claudia\/"]}]},{"@type":"BreadcrumbList","@id":"https:\/\/www.mein-tagwerk.de\/tagwerk\/corona-krise-mit-claudia\/#breadcrumb","itemListElement":[{"@type":"ListItem","position":1,"name":"Home","item":"https:\/\/www.mein-tagwerk.de\/tagwerk\/"},{"@type":"ListItem","position":2,"name":"Corona Krise mit Claudia"}]},{"@type":"WebSite","@id":"https:\/\/www.mein-tagwerk.de\/tagwerk\/#website","url":"https:\/\/www.mein-tagwerk.de\/tagwerk\/","name":"meintagwerk","description":"Online Buchhaltung f\u00fcr Freiberufler, Freelancer und Selbst\u00e4ndige","publisher":{"@id":"https:\/\/www.mein-tagwerk.de\/tagwerk\/#organization"},"potentialAction":[{"@type":"SearchAction","target":{"@type":"EntryPoint","urlTemplate":"https:\/\/www.mein-tagwerk.de\/tagwerk\/?s={search_term_string}"},"query-input":"required name=search_term_string"}],"inLanguage":"de"},{"@type":"Organization","@id":"https:\/\/www.mein-tagwerk.de\/tagwerk\/#organization","name":"tagwerk","url":"https:\/\/www.mein-tagwerk.de\/tagwerk\/","logo":{"@type":"ImageObject","inLanguage":"de","@id":"https:\/\/www.mein-tagwerk.de\/tagwerk\/#\/schema\/logo\/image\/","url":"https:\/\/www.mein-tagwerk.de\/tagwerk\/wp-content\/uploads\/2013\/08\/130611_logo-tagwerk-corporate.png","contentUrl":"https:\/\/www.mein-tagwerk.de\/tagwerk\/wp-content\/uploads\/2013\/08\/130611_logo-tagwerk-corporate.png","width":328,"height":140,"caption":"tagwerk"},"image":{"@id":"https:\/\/www.mein-tagwerk.de\/tagwerk\/#\/schema\/logo\/image\/"}},{"@type":"Person","@id":"https:\/\/www.mein-tagwerk.de\/tagwerk\/#\/schema\/person\/00050f870e9c9b60d4f756d870bf236d","name":"Petra Schuster","image":{"@type":"ImageObject","inLanguage":"de","@id":"https:\/\/www.mein-tagwerk.de\/tagwerk\/#\/schema\/person\/image\/","url":"https:\/\/www.mein-tagwerk.de\/tagwerk\/wp-content\/uploads\/2019\/05\/Image-meSW-96x96.jpg","contentUrl":"https:\/\/www.mein-tagwerk.de\/tagwerk\/wp-content\/uploads\/2019\/05\/Image-meSW-96x96.jpg","caption":"Petra Schuster"},"url":"https:\/\/www.mein-tagwerk.de\/tagwerk\/author\/petra\/"}]}},"_links":{"self":[{"href":"https:\/\/www.mein-tagwerk.de\/tagwerk\/wp-json\/wp\/v2\/posts\/4939"}],"collection":[{"href":"https:\/\/www.mein-tagwerk.de\/tagwerk\/wp-json\/wp\/v2\/posts"}],"about":[{"href":"https:\/\/www.mein-tagwerk.de\/tagwerk\/wp-json\/wp\/v2\/types\/post"}],"author":[{"embeddable":true,"href":"https:\/\/www.mein-tagwerk.de\/tagwerk\/wp-json\/wp\/v2\/users\/7"}],"replies":[{"embeddable":true,"href":"https:\/\/www.mein-tagwerk.de\/tagwerk\/wp-json\/wp\/v2\/comments?post=4939"}],"version-history":[{"count":5,"href":"https:\/\/www.mein-tagwerk.de\/tagwerk\/wp-json\/wp\/v2\/posts\/4939\/revisions"}],"predecessor-version":[{"id":4974,"href":"https:\/\/www.mein-tagwerk.de\/tagwerk\/wp-json\/wp\/v2\/posts\/4939\/revisions\/4974"}],"wp:featuredmedia":[{"embeddable":true,"href":"https:\/\/www.mein-tagwerk.de\/tagwerk\/wp-json\/wp\/v2\/media\/4966"}],"wp:attachment":[{"href":"https:\/\/www.mein-tagwerk.de\/tagwerk\/wp-json\/wp\/v2\/media?parent=4939"}],"wp:term":[{"taxonomy":"category","embeddable":true,"href":"https:\/\/www.mein-tagwerk.de\/tagwerk\/wp-json\/wp\/v2\/categories?post=4939"},{"taxonomy":"post_tag","embeddable":true,"href":"https:\/\/www.mein-tagwerk.de\/tagwerk\/wp-json\/wp\/v2\/tags?post=4939"}],"curies":[{"name":"wp","href":"https:\/\/api.w.org\/{rel}","templated":true}]}}