{"id":4945,"date":"2020-07-21T19:16:54","date_gmt":"2020-07-21T17:16:54","guid":{"rendered":"https:\/\/www.mein-tagwerk.de\/tagwerk\/?p=4945"},"modified":"2020-09-14T13:54:59","modified_gmt":"2020-09-14T11:54:59","slug":"corona-krise-mit-natalie","status":"publish","type":"post","link":"https:\/\/www.mein-tagwerk.de\/tagwerk\/corona-krise-mit-natalie\/","title":{"rendered":"Corona Krise mit Natalie"},"content":{"rendered":"<h2><strong>Selbst\u00e4ndigkeit in der Corona Krise<br \/>\n<\/strong><\/h2>\n<h4>Um die Verbreitung des Corona Virus einzud\u00e4mmen galten in Deutschland seit Mitte M\u00e4rz neue vor\u00fcbergehende Kontaktbeschr\u00e4nkungen.<\/h4>\n<h4>Wir befinden uns in der gr\u00f6ssten Krise seit dem 2. Weltkrieg \u2013 Zitat Angela Merkel \u2013 Das \u00f6ffentliche Leben ist lahmgelegt, Gesch\u00e4fte und Restaurants geschlossen. Inzwischen wurden die Massnahmen etwas gelockert. Trotzdem: Freelancer, Soloselbst\u00e4ndige und Kleinunternehmer treffen diese neuen Regelungen immer noch am h\u00e4rtesten. Die Regierung in Deutschland hat schnelle Hilfe versprochen. Aus unserer Sicht tut sich bis jetzt sehr wenig.<\/h4>\n<h4><span id=\"title\">Wir glauben Selbst\u00e4ndigen k\u00f6nnte und m\u00fcsste noch besser geholfen werden.<br \/>\n<\/span><\/h4>\n<p>Deswegen stellen wir euch weiterhin Selbst\u00e4ndige vor und haben im Interview gefragt wie sie mit dieser sehr ungew\u00f6hnlichen Zeit umgehen. Was sie machen und wie sehr es ihr gewohntes Leben evtl auf den Kopf stellt. Wir hoffen damit einige zu inspirieren und vielleicht erreichen wir damit auch Menschen die etwas dazu beitragen k\u00f6nnen, diese Situation zu \u00e4ndern! #politiker!<\/p>\n<p>F\u00fcr diesen Blog haben wir unsere internationalen Kontakte genutzt, denn diese Krise ist weltweit unterwegs.<\/p>\n<h4>Somit stellen wir euch in unserem n\u00e4chsten Beitrag Natalie Weinmann vor. Sie lebt in LA und arbeitet dort in Hollywood f\u00fcr Film und Fernsehen.<\/h4>\n<div id=\"attachment_5023\" style=\"width: 660px\" class=\"wp-caption alignnone\"><a href=\"https:\/\/jeremycassells.com\/clips\" target=\"_blank\" rel=\"noopener noreferrer\"><img loading=\"lazy\" decoding=\"async\" aria-describedby=\"caption-attachment-5023\" class=\"wp-image-5023\" src=\"https:\/\/www.mein-tagwerk.de\/tagwerk\/wp-content\/uploads\/2020\/06\/Portra\u0308tSW-898x1024.jpg\" rel='prettyPhoto' alt=\"Natalie Weinmann, Netflix, Art Director, LA, Los Alngeles, HBO, Banshee, Production Designer, Fox Filmed Entertainment, ABC, USA, Susan, Florian,Darko, Save Button, Social Distance, Abstand, r\u00fccksichtsvoll, solidarisch, Miteinander, Zeiten der Coronakrise, Gesellschaft,freiberuflicher K\u00fcnstler, Werbung, Gesundheitswesen, Projektmanagerin, Zusammenhalt, Prana up, Prana,JOSEPHINE JE\u00df, JASMIN JE\u00df,Yoga, K\u00f6rpergef\u00fchl, Ern\u00e4hrung, ausbalancierter Geist, PRANA AYURVEDA KUR, Ayurveda, essen, kochen, Ern\u00e4hrung, ayurvedische K\u00fcche, D\u00fcsseldorf, Tagwerk, mein Tagwerk, Tobi Dahmen, Illustration, Niederlande, Holland, Utrecht, Niederrhein, D\u00fcsseldorf, Kommunikationsmedien, Comiczeichner, Fotografie, Fotograf, Photographer, Selbst\u00e4ndig, Freelancer, Soloselbstst\u00e4ndig, Selbst\u00e4ndigkeit, Kleinunternehmer, Buchhaltung, Accountant, Hamburg, Berlin, Gullivers Reisen, Portr\u00e4t, Portraits, Reisefotografie, Corona, Covid 19, Corona Krise, Corona Hilfe, Krise, Hilfe\" width=\"650\" height=\"741\" srcset=\"https:\/\/www.mein-tagwerk.de\/tagwerk\/wp-content\/uploads\/2020\/06\/Portra\u0308tSW-898x1024.jpg 898w, https:\/\/www.mein-tagwerk.de\/tagwerk\/wp-content\/uploads\/2020\/06\/Portra\u0308tSW-263x300.jpg 263w, https:\/\/www.mein-tagwerk.de\/tagwerk\/wp-content\/uploads\/2020\/06\/Portra\u0308tSW-768x876.jpg 768w, https:\/\/www.mein-tagwerk.de\/tagwerk\/wp-content\/uploads\/2020\/06\/Portra\u0308tSW-622x709.jpg 622w, https:\/\/www.mein-tagwerk.de\/tagwerk\/wp-content\/uploads\/2020\/06\/Portra\u0308tSW.jpg 1242w\" sizes=\"(max-width: 650px) 100vw, 650px\" \/><\/a><p id=\"caption-attachment-5023\" class=\"wp-caption-text\">Natalie Weinmann<\/p><\/div>\n<h3>Vorstellung: Bitte stell dich kurz vor. Wer bist du?<\/h3>\n<p>Hi ich bin Natalie Rebecca Weinmann, geboren in Hamburg.<\/p>\n<p>Nachdem ich mit Anfang 20 mit einer Freundin nach LA zur UCLA ging fuer 3 Monate um unser English zu verbessern, haben wir uns beide Entschieden das Kalifornien den richtigen Lifestyle fuer uns hatte und sind mit dem Entschluss nach Hamburg zur\u00fcck unser Leben nach Kalifornien zu verlegen\u2026<br \/>\nNach ein paar Monaten Vorbereitung (Wohnungen aufgeben, wieder bei den Eltern vorl\u00e4ufig einziehen, Geld sparen, Visa beantragen, and US Universit\u00e4ten Applikation auszuf\u00fcllen etc) ging es dann endlich nach Kalifornien!<\/p>\n<p>Dort habe ich das Studium BFA Interior Architectural Design<\/p>\n<h3>Berufsbezeichnung: Was machst du? Beschreibe deine T\u00e4tigkeit.<\/h3>\n<p>Ich arbeite als production designer\/ art director one our drama TV shows. Dh ich designe und entwerfe Sets f\u00fcs Fernsehen. In deutsch nennt man das glaube ich B\u00fchnenbildnerin. Produktionen an denen ich gearbeitet habe sind unter anderem <a href=\"https:\/\/m.imdb.com\/title\/tt2172934\" target=\"_blank\" rel=\"noopener noreferrer\">3 Days to Kill<\/a>, <a href=\"https:\/\/m.imdb.com\/title\/tt2693776\" target=\"_blank\" rel=\"noopener noreferrer\">Intelligence<\/a> and <a href=\"https:\/\/m.imdb.com\/title\/tt2647544\" target=\"_blank\" rel=\"noopener noreferrer\">Sleepy Hollow<\/a><\/p>\n<p><a href=\"https:\/\/m.imdb.com\/name\/nm2393693\/\" target=\"_blank\" rel=\"noopener noreferrer\"><img loading=\"lazy\" decoding=\"async\" class=\"alignnone wp-image-5025\" src=\"https:\/\/www.mein-tagwerk.de\/tagwerk\/wp-content\/uploads\/2020\/06\/060513115353_1legends_landing_pageSW-1024x514.jpg\" rel='prettyPhoto' alt=\"Natalie Weinmann, Netflix, Art Director, LA, Los Alngeles, HBO, Banshee, Production Designer, Fox Filmed Entertainment, ABC, USA, Susan, Florian,Darko, Save Button, Social Distance, Abstand, r\u00fccksichtsvoll, solidarisch, Miteinander, Zeiten der Coronakrise, Gesellschaft,freiberuflicher K\u00fcnstler, Werbung, Gesundheitswesen, Projektmanagerin, Zusammenhalt, Prana up, Prana,JOSEPHINE JE\u00df, JASMIN JE\u00df,Yoga, K\u00f6rpergef\u00fchl, Ern\u00e4hrung, ausbalancierter Geist, PRANA AYURVEDA KUR, Ayurveda, essen, kochen, Ern\u00e4hrung, ayurvedische K\u00fcche, D\u00fcsseldorf, Tagwerk, mein Tagwerk, Tobi Dahmen, Illustration, Niederlande, Holland, Utrecht, Niederrhein, D\u00fcsseldorf, Kommunikationsmedien, Comiczeichner, Fotografie, Fotograf, Photographer, Selbst\u00e4ndig, Freelancer, Soloselbstst\u00e4ndig, Selbst\u00e4ndigkeit, Kleinunternehmer, Buchhaltung, Accountant, Hamburg, Berlin, Gullivers Reisen, Portr\u00e4t, Portraits, Reisefotografie, Corona, Covid 19, Corona Krise, Corona Hilfe, Krise, Hilfe\" width=\"650\" height=\"326\" srcset=\"https:\/\/www.mein-tagwerk.de\/tagwerk\/wp-content\/uploads\/2020\/06\/060513115353_1legends_landing_pageSW-1024x514.jpg 1024w, https:\/\/www.mein-tagwerk.de\/tagwerk\/wp-content\/uploads\/2020\/06\/060513115353_1legends_landing_pageSW-300x151.jpg 300w, https:\/\/www.mein-tagwerk.de\/tagwerk\/wp-content\/uploads\/2020\/06\/060513115353_1legends_landing_pageSW-768x385.jpg 768w, https:\/\/www.mein-tagwerk.de\/tagwerk\/wp-content\/uploads\/2020\/06\/060513115353_1legends_landing_pageSW-1536x771.jpg 1536w, https:\/\/www.mein-tagwerk.de\/tagwerk\/wp-content\/uploads\/2020\/06\/060513115353_1legends_landing_pageSW-622x312.jpg 622w, https:\/\/www.mein-tagwerk.de\/tagwerk\/wp-content\/uploads\/2020\/06\/060513115353_1legends_landing_pageSW.jpg 1800w\" sizes=\"(max-width: 650px) 100vw, 650px\" \/><\/a><\/p>\n<h3>Wie bist du zu diesem Beruf gekommen? Warum hast du diesen Weg gew\u00e4hlt? Oder anders gesagt, was hat dich Inspiriert, gab es eventuell ein Vorbild, dass in diesem Bereich gearbeitet hat?<\/h3>\n<p>Ich wollte eigentlich Innenarchitecktin werde und habe aus Interesse wahrend meines Studiums eine Set Design Klasse genommen die mich fasziniert hat. Eine Studium Kollegin hatte gerade ein Praktikum bei einer Sendung \u2018Will &amp; Grace\u2019 (die sich kurz danach zu einer der derzeit Gr\u00f6\u00dften Kom\u00f6dien entwickelte) und schlug mir vor auch eines zu machen mit Glenda Rovello der Produktions Designerin. Das habe ich dann auch getan und da ich eine der wenigen CAD Zeichnern war hat sich mich auch bald ein paar Sachen zeichnen lassen und nicht nur den Kaffee kochen \u2026.<br \/>\nIch habe es geliebt und mich hat sofort das Film Fieber erfasst. In wenigen Tagen meine Zeichnungen Realit\u00e4t zu werden war faszinierend. Ich habe kurz darauf meinem BFA gemacht und hatte mich inzwischen bei der NYU Tisch school beworben um meinen Master in Scenic und Costume design zu machen\u2026Da bin ich auch angenommen worden und als ich dann \u00fcber den Sommer meinen Umzug nach New York vollzog, hat mich Glenda angerufen und mir einen Job f\u00fcr die n\u00e4chste Saison bei Will &amp; Grace anzubieten. Nach einem meeting in der NYC wurde mir geraten das anzunehmen, da es ein einmaliges Angebot w\u00e4re und das der Job w\u00e4re den ich nach dem Master Abschluss suchen w\u00fcrde\u2026.Ich hatte durch den BFA eine einj\u00e4hrige Arbeitsgenehmigung und so bin ich dann in die Industry gerutscht. NBC hat mich dann in den folgenden Jahren gesponsert und mir viele Visen wegen \u2018special talents\u2019 besorgt. Es war tatsachlich dadurch einfacher da 2001 noch nicht so viele Designer auf Computern gezeichnet haben und f\u00fcr die Film Industry ist Zeit alles und schnell Zeichnungen zu erstellen und zu ver\u00e4ndern war ein grosser Vorteil.<\/p>\n<p><a href=\"https:\/\/jeremycassells.com\/renderings\" target=\"_blank\" rel=\"noopener noreferrer\"><img loading=\"lazy\" decoding=\"async\" class=\"alignnone wp-image-5027\" src=\"https:\/\/www.mein-tagwerk.de\/tagwerk\/wp-content\/uploads\/2020\/06\/18_0_276_1r18_trailer_renderingsSW-1024x605.jpg\" rel='prettyPhoto' alt=\"Natalie Weinmann, Netflix, Art Director, LA, Los Alngeles, HBO, Banshee, Production Designer, Fox Filmed Entertainment, ABC, USA, Susan, Florian,Darko, Save Button, Social Distance, Abstand, r\u00fccksichtsvoll, solidarisch, Miteinander, Zeiten der Coronakrise, Gesellschaft,freiberuflicher K\u00fcnstler, Werbung, Gesundheitswesen, Projektmanagerin, Zusammenhalt, Prana up, Prana,JOSEPHINE JE\u00df, JASMIN JE\u00df,Yoga, K\u00f6rpergef\u00fchl, Ern\u00e4hrung, ausbalancierter Geist, PRANA AYURVEDA KUR, Ayurveda, essen, kochen, Ern\u00e4hrung, ayurvedische K\u00fcche, D\u00fcsseldorf, Tagwerk, mein Tagwerk, Tobi Dahmen, Illustration, Niederlande, Holland, Utrecht, Niederrhein, D\u00fcsseldorf, Kommunikationsmedien, Comiczeichner, Fotografie, Fotograf, Photographer, Selbst\u00e4ndig, Freelancer, Soloselbstst\u00e4ndig, Selbst\u00e4ndigkeit, Kleinunternehmer, Buchhaltung, Accountant, Hamburg, Berlin, Gullivers Reisen, Portr\u00e4t, Portraits, Reisefotografie, Corona, Covid 19, Corona Krise, Corona Hilfe, Krise, Hilfe\" width=\"650\" height=\"384\" srcset=\"https:\/\/www.mein-tagwerk.de\/tagwerk\/wp-content\/uploads\/2020\/06\/18_0_276_1r18_trailer_renderingsSW-1024x605.jpg 1024w, https:\/\/www.mein-tagwerk.de\/tagwerk\/wp-content\/uploads\/2020\/06\/18_0_276_1r18_trailer_renderingsSW-300x177.jpg 300w, https:\/\/www.mein-tagwerk.de\/tagwerk\/wp-content\/uploads\/2020\/06\/18_0_276_1r18_trailer_renderingsSW-768x454.jpg 768w, https:\/\/www.mein-tagwerk.de\/tagwerk\/wp-content\/uploads\/2020\/06\/18_0_276_1r18_trailer_renderingsSW-1536x908.jpg 1536w, https:\/\/www.mein-tagwerk.de\/tagwerk\/wp-content\/uploads\/2020\/06\/18_0_276_1r18_trailer_renderingsSW-622x368.jpg 622w, https:\/\/www.mein-tagwerk.de\/tagwerk\/wp-content\/uploads\/2020\/06\/18_0_276_1r18_trailer_renderingsSW.jpg 1631w\" sizes=\"(max-width: 650px) 100vw, 650px\" \/><\/a><\/p>\n<h3>Wie gehst du mit dieser Krisensituation um? Wurden deine Auftr\u00e4ge storniert oder verschoben? Kannst du die Corona Hilfe beantragen? Und wenn ja tust du das?<\/h3>\n<p>Unser Gesch\u00e4ft ist komplett lahmgelegt. Hunderte von Leuten dicht aneinander am Set und Catering Zelt. Unvorstellbar. Die staatliche Hilfe kommt nur bei Verdiener unter 75K \/ Jahr und arbeitslosen Geld ist relativ wenig und wir (mein Partner arbeitet auch beim Film) haben au\u00dferdem Corporationen\u2026aber mein Stiefsohn zum Besipiel bekommt mehr Geld in Unterst\u00fctzung als er normal als Mindestverdiener (Produktion Assistant am TV Set) an einer 60-70 Stunden Woche verdient. Seine monatlichen Kosten sind mit 21 nat\u00fcrlich auch wesentlich geringer also ist die Verteilung recht ungeregelt. Viele sagen das Trump versucht sich mit $1,200 junge W\u00e4hler zu kaufen. Zum Gl\u00fcck wird das bei unserem Sohn nicht klappen, aber politisch werde ich jetzt nicht ansonsten wird diese Antwort sehr b\u00f6se und Langwierig.<\/p>\n<p>Wir bauen einen gro\u00dfen Vegetable Garten und einen chicken coop\u2026 Outdoor Sauna und Japanese soaking tub werden n\u00e4chste Woche installiert und wir warten was die Zukunft bringt. Wir haben viel Gl\u00fcck im Vergleich zu vielen anderen offensichtlich und anstatt Panik zu haben k\u00f6nnen wir das Leben einfach mal von einer anderen Seite anschauen und \u00fcberlegen was wir vielleicht \u00e4ndern wollen. Wir sind st\u00e4ndig am arbeiten \u2018on Location\u2019, selten zu Haus und nehmen uns nie den Luxus einfach mal nichts zu machen und Stil zu sitzen.<br \/>\nIch hab das Gl\u00fcck das ich auch noch ein paar Innenarchitektur Projekte habe die ich derzeit von meiner Terrasse erledige\u2026<\/p>\n<p>Am Anfang kamen mir immer die Tr\u00e4nen wenn ich zum Supermarkt ging mit Maske und Handschuhgen (pllicht in CA), so langsam gew\u00f6hnt man sich daran. the new normal.<\/p>\n<h3>Hat sich deine Arbeitsweise ver\u00e4ndert? Glaubst du dass sich die Arbeitswelt und Einstellungen zu Freizeit ver\u00e4ndern wird?<\/h3>\n<p>Wir arbeiten momentan gar nicht. Hollywood muss mit einem Komplet neuen Plan kommen und den gibt es momentan nicht. Was traurig ist, dass sehr viele talentierte K\u00fcnstler diese Wartezeit nicht \u00fcberleben da sie keine stabile finanzielle cushion haben\u2026ich f\u00fcrchte wir werden viel Talent verlieren und nur alte \u2018Hasen\u2019 wie wir k\u00f6nnen diese Zeit \u00fcberleben.<br \/>\nEs ist traurig genauso wie in der Musik Industry ist es eine welt die von neuem talent lebt\u2026<br \/>\nDie Arbeitswelt wird sich Komplet umstellen m\u00fcssen f\u00fcr uns. Ich denke das dauert und wird nie wie vorher. Die Studios sprechen davon jeden vor Drehbeginn zu testen und mit Masken zu arbeiten, aber offensichtlich machen die Schauspieler da nicht mit\u2026.oder nur die desperate das geld brauchen. Background ist oft zusammen gepfercht in Zelten\u2026.14 Stunden Arbeitstage sind ein Norm und fuer das Immunsystem schlimm. Ich kann mir die neue Zukunft in meinem Beruf schwer vorstellen und nur Zeit (und Geld) wird eine L\u00f6sung bringen.<br \/>\nUnsere Freizeit war schon immer sehr outdoors daher wird das weniger offensichtlich f\u00fcr uns. Wir hiken gerne, segeln und haben dinner parties auch eher draussen. Mein Pilates Studio hat geschlossen (fuer immer wegen COVID19 aus finanziellen Gr\u00fcnden) aber wenn das meine Gr\u00f6\u00dfte private Umstellung ist das offensichtlich gar nichts\u2026<br \/>\nWie vorher erw\u00e4hnt wollen wir uns mehr auf \u2018uns\u2019 und unser Freizeit konzentrieren und nicht immer nur arbeiten und dem Rat Race zum Opfer zu fallen. Offensichtlich einfach der Regel momentan zu folgen da es ja keine erbiet gibt, aber ich hoffe das wir es uns merken und unser Leben umstellen.<\/p>\n<div id=\"attachment_5024\" style=\"width: 660px\" class=\"wp-caption alignnone\"><a href=\"https:\/\/m.imdb.com\/name\/nm2393693\/?ref_=fn_al_nm_0\" target=\"_blank\" rel=\"noopener noreferrer\"><img loading=\"lazy\" decoding=\"async\" aria-describedby=\"caption-attachment-5024\" class=\"wp-image-5024\" src=\"https:\/\/www.mein-tagwerk.de\/tagwerk\/wp-content\/uploads\/2020\/06\/PHOTO-2020-05-19-23-09-36SW-1024x768.jpg\" rel='prettyPhoto' alt=\"Natalie Weinmann, Netflix, Art Director, LA, Los Alngeles, HBO, Banshee, Production Designer, Fox Filmed Entertainment, ABC, USA, Susan, Florian,Darko, Save Button, Social Distance, Abstand, r\u00fccksichtsvoll, solidarisch, Miteinander, Zeiten der Coronakrise, Gesellschaft,freiberuflicher K\u00fcnstler, Werbung, Gesundheitswesen, Projektmanagerin, Zusammenhalt, Prana up, Prana,JOSEPHINE JE\u00df, JASMIN JE\u00df,Yoga, K\u00f6rpergef\u00fchl, Ern\u00e4hrung, ausbalancierter Geist, PRANA AYURVEDA KUR, Ayurveda, essen, kochen, Ern\u00e4hrung, ayurvedische K\u00fcche, D\u00fcsseldorf, Tagwerk, mein Tagwerk, Tobi Dahmen, Illustration, Niederlande, Holland, Utrecht, Niederrhein, D\u00fcsseldorf, Kommunikationsmedien, Comiczeichner, Fotografie, Fotograf, Photographer, Selbst\u00e4ndig, Freelancer, Soloselbstst\u00e4ndig, Selbst\u00e4ndigkeit, Kleinunternehmer, Buchhaltung, Accountant, Hamburg, Berlin, Gullivers Reisen, Portr\u00e4t, Portraits, Reisefotografie, Corona, Covid 19, Corona Krise, Corona Hilfe, Krise, Hilfe\" width=\"650\" height=\"488\" srcset=\"https:\/\/www.mein-tagwerk.de\/tagwerk\/wp-content\/uploads\/2020\/06\/PHOTO-2020-05-19-23-09-36SW-1024x768.jpg 1024w, https:\/\/www.mein-tagwerk.de\/tagwerk\/wp-content\/uploads\/2020\/06\/PHOTO-2020-05-19-23-09-36SW-300x225.jpg 300w, https:\/\/www.mein-tagwerk.de\/tagwerk\/wp-content\/uploads\/2020\/06\/PHOTO-2020-05-19-23-09-36SW-768x576.jpg 768w, https:\/\/www.mein-tagwerk.de\/tagwerk\/wp-content\/uploads\/2020\/06\/PHOTO-2020-05-19-23-09-36SW-1536x1152.jpg 1536w, https:\/\/www.mein-tagwerk.de\/tagwerk\/wp-content\/uploads\/2020\/06\/PHOTO-2020-05-19-23-09-36SW-622x467.jpg 622w, https:\/\/www.mein-tagwerk.de\/tagwerk\/wp-content\/uploads\/2020\/06\/PHOTO-2020-05-19-23-09-36SW.jpg 1600w\" sizes=\"(max-width: 650px) 100vw, 650px\" \/><\/a><p id=\"caption-attachment-5024\" class=\"wp-caption-text\">Home Office<\/p><\/div>\n<h3>Hast du hilfreiche Tipps f\u00fcr uns und unsere Leser?<\/h3>\n<p>Wenn m\u00f6glich das Leben durch diesen Zwang des Verlangsamen also Positives revamping vom Lifestyle zu benutzen. Was ist wichtig\u2026was wollte ich schon lange machen was ich immer wieder verschiebe? Ich habe leider kurz vor dieser Krise meinen Vater verloren und die Kombination dessen hat mir definitiv einen Ruck gegeben \u2018life is too short\u2026get your shit together and live it NOW!<\/p>\n<h3>Zu guter Letzt was w\u00fcnschst du dir wenn die Krise vorbei ist? Was wirst du als erstes tun?<\/h3>\n<p>Im Meer schwimmen gehen und bei meinem Lieblings Fishladen am PCH Austern essen\u2026. (und gegen trump w\u00e4hlen \u2026)<\/p>\n<p>Vielen Dank f\u00fcr das Gespr\u00e4ch und deine Zeit!<\/p>\n<p><a href=\"https:\/\/www.instagram.com\/nweinmann\/\" target=\"_blank\" rel=\"noopener noreferrer\"><img loading=\"lazy\" decoding=\"async\" class=\"alignnone wp-image-4833\" src=\"https:\/\/www.mein-tagwerk.de\/tagwerk\/wp-content\/uploads\/2020\/02\/Istagram-Icon.jpg\" rel='prettyPhoto' alt=\"\" width=\"50\" height=\"51\" srcset=\"https:\/\/www.mein-tagwerk.de\/tagwerk\/wp-content\/uploads\/2020\/02\/Istagram-Icon.jpg 454w, https:\/\/www.mein-tagwerk.de\/tagwerk\/wp-content\/uploads\/2020\/02\/Istagram-Icon-295x300.jpg 295w, https:\/\/www.mein-tagwerk.de\/tagwerk\/wp-content\/uploads\/2020\/02\/Istagram-Icon-150x150.jpg 150w\" sizes=\"(max-width: 50px) 100vw, 50px\" \/><\/a><\/p>\n<p><span class=\"block-wrap\"><a class=\"blogmore\" href=\"\/tagwerk\/campus\/anmelden\/\">meintagwerk kennen lernen <\/a><\/span><\/p>\n","protected":false},"excerpt":{"rendered":"<p>Selbst\u00e4ndigkeit in der Corona Krise Um die Verbreitung des Corona Virus einzud\u00e4mmen galten in Deutschland seit Mitte M\u00e4rz neue vor\u00fcbergehende Kontaktbeschr\u00e4nkungen. Wir befinden uns in der gr\u00f6ssten Krise seit dem 2. Weltkrieg \u2013 Zitat Angela Merkel \u2013 Das \u00f6ffentliche Leben ist lahmgelegt, Gesch\u00e4fte und Restaurants geschlossen. Inzwischen wurden die Massnahmen etwas gelockert. Trotzdem: Freelancer, Soloselbst\u00e4ndige [&#038;hellip<\/p>\n","protected":false},"author":7,"featured_media":5030,"comment_status":"open","ping_status":"open","sticky":false,"template":"","format":"standard","meta":{"footnotes":""},"categories":[4,7],"tags":[473,484,65,82,84,85,468,478,481,480,479,112,119,470,469,162,164,189,194,474,196,204,464,213,462,489,488,234,467,482,483,270,272,487,486,463,466,292,471,476,475,326,477,329,339,342,345,485,353,472,461,413,465,434],"yoast_head":"<!-- This site is optimized with the Yoast SEO plugin v20.4 - https:\/\/yoast.com\/wordpress\/plugins\/seo\/ -->\n<title>Corona Krise mit Natalie | meintagwerk<\/title>\n<meta name=\"robots\" content=\"index, follow, max-snippet:-1, max-image-preview:large, max-video-preview:-1\" \/>\n<link rel=\"canonical\" href=\"https:\/\/www.mein-tagwerk.de\/tagwerk\/corona-krise-mit-natalie\/\" \/>\n<meta property=\"og:locale\" content=\"de_DE\" \/>\n<meta property=\"og:type\" content=\"article\" \/>\n<meta property=\"og:title\" content=\"Corona Krise mit Natalie | meintagwerk\" \/>\n<meta property=\"og:description\" content=\"Selbst\u00e4ndigkeit in der Corona Krise Um die Verbreitung des Corona Virus einzud\u00e4mmen galten in Deutschland seit Mitte M\u00e4rz neue vor\u00fcbergehende Kontaktbeschr\u00e4nkungen. Wir befinden uns in der gr\u00f6ssten Krise seit dem 2. Weltkrieg \u2013 Zitat Angela Merkel \u2013 Das \u00f6ffentliche Leben ist lahmgelegt, Gesch\u00e4fte und Restaurants geschlossen. Inzwischen wurden die Massnahmen etwas gelockert. Trotzdem: Freelancer, Soloselbst\u00e4ndige [&amp;hellip\" \/>\n<meta property=\"og:url\" content=\"https:\/\/www.mein-tagwerk.de\/tagwerk\/corona-krise-mit-natalie\/\" \/>\n<meta property=\"og:site_name\" content=\"meintagwerk\" \/>\n<meta property=\"article:published_time\" content=\"2020-07-21T17:16:54+00:00\" \/>\n<meta property=\"article:modified_time\" content=\"2020-09-14T11:54:59+00:00\" \/>\n<meta property=\"og:image\" content=\"https:\/\/www.mein-tagwerk.de\/tagwerk\/wp-content\/uploads\/2020\/06\/Portra\u0308tSWBeitragsbild.jpg\" \/>\n\t<meta property=\"og:image:width\" content=\"1242\" \/>\n\t<meta property=\"og:image:height\" content=\"577\" \/>\n\t<meta property=\"og:image:type\" content=\"image\/jpeg\" \/>\n<meta name=\"author\" content=\"Petra Schuster\" \/>\n<meta name=\"twitter:card\" content=\"summary_large_image\" \/>\n<meta name=\"twitter:label1\" content=\"Verfasst von\" \/>\n\t<meta name=\"twitter:data1\" content=\"Petra Schuster\" \/>\n\t<meta name=\"twitter:label2\" content=\"Gesch\u00e4tzte Lesezeit\" \/>\n\t<meta name=\"twitter:data2\" content=\"7\u00a0Minuten\" \/>\n<script type=\"application\/ld+json\" class=\"yoast-schema-graph\">{\"@context\":\"https:\/\/schema.org\",\"@graph\":[{\"@type\":\"Article\",\"@id\":\"https:\/\/www.mein-tagwerk.de\/tagwerk\/corona-krise-mit-natalie\/#article\",\"isPartOf\":{\"@id\":\"https:\/\/www.mein-tagwerk.de\/tagwerk\/corona-krise-mit-natalie\/\"},\"author\":{\"name\":\"Petra Schuster\",\"@id\":\"https:\/\/www.mein-tagwerk.de\/tagwerk\/#\/schema\/person\/00050f870e9c9b60d4f756d870bf236d\"},\"headline\":\"Corona Krise mit Natalie\",\"datePublished\":\"2020-07-21T17:16:54+00:00\",\"dateModified\":\"2020-09-14T11:54:59+00:00\",\"mainEntityOfPage\":{\"@id\":\"https:\/\/www.mein-tagwerk.de\/tagwerk\/corona-krise-mit-natalie\/\"},\"wordCount\":1404,\"commentCount\":0,\"publisher\":{\"@id\":\"https:\/\/www.mein-tagwerk.de\/tagwerk\/#organization\"},\"keywords\":[\"Accountant\",\"Artdirector\",\"Berlin\",\"Buchhaltung\",\"Buchhaltungssoftware\",\"Buchhaltungstipps\",\"Comiczeichner\",\"Corona\",\"Corona Hilfe\",\"Corona Krise\",\"Covid 19\",\"design\",\"D\u00fcsseldorf\",\"Fotograf\",\"Fotografie\",\"Freelancer\",\"Freiberufler\",\"Gr\u00fcnder\",\"Gr\u00fcndung\",\"Gullivers Reisen\",\"Hamburg\",\"Hilfe\",\"Holland\",\"Ideen\",\"Illustration\",\"Innenarchtitektur\",\"Interior\",\"Kleinunternehmer\",\"Kommunikationsmedien\",\"Krise\",\"LA\",\"mein tagwerk\",\"meintagwerk\",\"Natalie Weinmann\",\"Netflix\",\"Niederlande\",\"Niederrhein\",\"online\",\"Photographer\",\"Portraits\",\"Portr\u00e4t\",\"rechnungstellung\",\"Reisefotografie\",\"Reisekosten\",\"Selbst\u00e4ndig\",\"Selbst\u00e4ndigkeit\",\"Selbstst\u00e4ndig arbeiten\",\"Setdesign\",\"Software\",\"Soloselbstst\u00e4ndig\",\"Tobi Dahmen\",\"USA\",\"Utrecht\",\"Wirtschaft\"],\"articleSection\":[\"3 tagwerktipps\",\"6 Gastbeitr\u00e4ge\"],\"inLanguage\":\"de\",\"potentialAction\":[{\"@type\":\"CommentAction\",\"name\":\"Comment\",\"target\":[\"https:\/\/www.mein-tagwerk.de\/tagwerk\/corona-krise-mit-natalie\/#respond\"]}]},{\"@type\":\"WebPage\",\"@id\":\"https:\/\/www.mein-tagwerk.de\/tagwerk\/corona-krise-mit-natalie\/\",\"url\":\"https:\/\/www.mein-tagwerk.de\/tagwerk\/corona-krise-mit-natalie\/\",\"name\":\"Corona Krise mit Natalie | meintagwerk\",\"isPartOf\":{\"@id\":\"https:\/\/www.mein-tagwerk.de\/tagwerk\/#website\"},\"datePublished\":\"2020-07-21T17:16:54+00:00\",\"dateModified\":\"2020-09-14T11:54:59+00:00\",\"breadcrumb\":{\"@id\":\"https:\/\/www.mein-tagwerk.de\/tagwerk\/corona-krise-mit-natalie\/#breadcrumb\"},\"inLanguage\":\"de\",\"potentialAction\":[{\"@type\":\"ReadAction\",\"target\":[\"https:\/\/www.mein-tagwerk.de\/tagwerk\/corona-krise-mit-natalie\/\"]}]},{\"@type\":\"BreadcrumbList\",\"@id\":\"https:\/\/www.mein-tagwerk.de\/tagwerk\/corona-krise-mit-natalie\/#breadcrumb\",\"itemListElement\":[{\"@type\":\"ListItem\",\"position\":1,\"name\":\"Home\",\"item\":\"https:\/\/www.mein-tagwerk.de\/tagwerk\/\"},{\"@type\":\"ListItem\",\"position\":2,\"name\":\"Corona Krise mit Natalie\"}]},{\"@type\":\"WebSite\",\"@id\":\"https:\/\/www.mein-tagwerk.de\/tagwerk\/#website\",\"url\":\"https:\/\/www.mein-tagwerk.de\/tagwerk\/\",\"name\":\"meintagwerk\",\"description\":\"Online Buchhaltung f\u00fcr Freiberufler, Freelancer und Selbst\u00e4ndige\",\"publisher\":{\"@id\":\"https:\/\/www.mein-tagwerk.de\/tagwerk\/#organization\"},\"potentialAction\":[{\"@type\":\"SearchAction\",\"target\":{\"@type\":\"EntryPoint\",\"urlTemplate\":\"https:\/\/www.mein-tagwerk.de\/tagwerk\/?s={search_term_string}\"},\"query-input\":\"required name=search_term_string\"}],\"inLanguage\":\"de\"},{\"@type\":\"Organization\",\"@id\":\"https:\/\/www.mein-tagwerk.de\/tagwerk\/#organization\",\"name\":\"tagwerk\",\"url\":\"https:\/\/www.mein-tagwerk.de\/tagwerk\/\",\"logo\":{\"@type\":\"ImageObject\",\"inLanguage\":\"de\",\"@id\":\"https:\/\/www.mein-tagwerk.de\/tagwerk\/#\/schema\/logo\/image\/\",\"url\":\"https:\/\/www.mein-tagwerk.de\/tagwerk\/wp-content\/uploads\/2013\/08\/130611_logo-tagwerk-corporate.png\",\"contentUrl\":\"https:\/\/www.mein-tagwerk.de\/tagwerk\/wp-content\/uploads\/2013\/08\/130611_logo-tagwerk-corporate.png\",\"width\":328,\"height\":140,\"caption\":\"tagwerk\"},\"image\":{\"@id\":\"https:\/\/www.mein-tagwerk.de\/tagwerk\/#\/schema\/logo\/image\/\"}},{\"@type\":\"Person\",\"@id\":\"https:\/\/www.mein-tagwerk.de\/tagwerk\/#\/schema\/person\/00050f870e9c9b60d4f756d870bf236d\",\"name\":\"Petra Schuster\",\"image\":{\"@type\":\"ImageObject\",\"inLanguage\":\"de\",\"@id\":\"https:\/\/www.mein-tagwerk.de\/tagwerk\/#\/schema\/person\/image\/\",\"url\":\"https:\/\/www.mein-tagwerk.de\/tagwerk\/wp-content\/uploads\/2019\/05\/Image-meSW-96x96.jpg\",\"contentUrl\":\"https:\/\/www.mein-tagwerk.de\/tagwerk\/wp-content\/uploads\/2019\/05\/Image-meSW-96x96.jpg\",\"caption\":\"Petra Schuster\"},\"url\":\"https:\/\/www.mein-tagwerk.de\/tagwerk\/author\/petra\/\"}]}<\/script>\n<!-- \/ Yoast SEO plugin. -->","yoast_head_json":{"title":"Corona Krise mit Natalie | meintagwerk","robots":{"index":"index","follow":"follow","max-snippet":"max-snippet:-1","max-image-preview":"max-image-preview:large","max-video-preview":"max-video-preview:-1"},"canonical":"https:\/\/www.mein-tagwerk.de\/tagwerk\/corona-krise-mit-natalie\/","og_locale":"de_DE","og_type":"article","og_title":"Corona Krise mit Natalie | meintagwerk","og_description":"Selbst\u00e4ndigkeit in der Corona Krise Um die Verbreitung des Corona Virus einzud\u00e4mmen galten in Deutschland seit Mitte M\u00e4rz neue vor\u00fcbergehende Kontaktbeschr\u00e4nkungen. Wir befinden uns in der gr\u00f6ssten Krise seit dem 2. Weltkrieg \u2013 Zitat Angela Merkel \u2013 Das \u00f6ffentliche Leben ist lahmgelegt, Gesch\u00e4fte und Restaurants geschlossen. Inzwischen wurden die Massnahmen etwas gelockert. Trotzdem: Freelancer, Soloselbst\u00e4ndige [&hellip","og_url":"https:\/\/www.mein-tagwerk.de\/tagwerk\/corona-krise-mit-natalie\/","og_site_name":"meintagwerk","article_published_time":"2020-07-21T17:16:54+00:00","article_modified_time":"2020-09-14T11:54:59+00:00","og_image":[{"width":1242,"height":577,"url":"https:\/\/www.mein-tagwerk.de\/tagwerk\/wp-content\/uploads\/2020\/06\/Portra\u0308tSWBeitragsbild.jpg","type":"image\/jpeg"}],"author":"Petra Schuster","twitter_card":"summary_large_image","twitter_misc":{"Verfasst von":"Petra Schuster","Gesch\u00e4tzte Lesezeit":"7\u00a0Minuten"},"schema":{"@context":"https:\/\/schema.org","@graph":[{"@type":"Article","@id":"https:\/\/www.mein-tagwerk.de\/tagwerk\/corona-krise-mit-natalie\/#article","isPartOf":{"@id":"https:\/\/www.mein-tagwerk.de\/tagwerk\/corona-krise-mit-natalie\/"},"author":{"name":"Petra Schuster","@id":"https:\/\/www.mein-tagwerk.de\/tagwerk\/#\/schema\/person\/00050f870e9c9b60d4f756d870bf236d"},"headline":"Corona Krise mit Natalie","datePublished":"2020-07-21T17:16:54+00:00","dateModified":"2020-09-14T11:54:59+00:00","mainEntityOfPage":{"@id":"https:\/\/www.mein-tagwerk.de\/tagwerk\/corona-krise-mit-natalie\/"},"wordCount":1404,"commentCount":0,"publisher":{"@id":"https:\/\/www.mein-tagwerk.de\/tagwerk\/#organization"},"keywords":["Accountant","Artdirector","Berlin","Buchhaltung","Buchhaltungssoftware","Buchhaltungstipps","Comiczeichner","Corona","Corona Hilfe","Corona Krise","Covid 19","design","D\u00fcsseldorf","Fotograf","Fotografie","Freelancer","Freiberufler","Gr\u00fcnder","Gr\u00fcndung","Gullivers Reisen","Hamburg","Hilfe","Holland","Ideen","Illustration","Innenarchtitektur","Interior","Kleinunternehmer","Kommunikationsmedien","Krise","LA","mein tagwerk","meintagwerk","Natalie Weinmann","Netflix","Niederlande","Niederrhein","online","Photographer","Portraits","Portr\u00e4t","rechnungstellung","Reisefotografie","Reisekosten","Selbst\u00e4ndig","Selbst\u00e4ndigkeit","Selbstst\u00e4ndig arbeiten","Setdesign","Software","Soloselbstst\u00e4ndig","Tobi Dahmen","USA","Utrecht","Wirtschaft"],"articleSection":["3 tagwerktipps","6 Gastbeitr\u00e4ge"],"inLanguage":"de","potentialAction":[{"@type":"CommentAction","name":"Comment","target":["https:\/\/www.mein-tagwerk.de\/tagwerk\/corona-krise-mit-natalie\/#respond"]}]},{"@type":"WebPage","@id":"https:\/\/www.mein-tagwerk.de\/tagwerk\/corona-krise-mit-natalie\/","url":"https:\/\/www.mein-tagwerk.de\/tagwerk\/corona-krise-mit-natalie\/","name":"Corona Krise mit Natalie | meintagwerk","isPartOf":{"@id":"https:\/\/www.mein-tagwerk.de\/tagwerk\/#website"},"datePublished":"2020-07-21T17:16:54+00:00","dateModified":"2020-09-14T11:54:59+00:00","breadcrumb":{"@id":"https:\/\/www.mein-tagwerk.de\/tagwerk\/corona-krise-mit-natalie\/#breadcrumb"},"inLanguage":"de","potentialAction":[{"@type":"ReadAction","target":["https:\/\/www.mein-tagwerk.de\/tagwerk\/corona-krise-mit-natalie\/"]}]},{"@type":"BreadcrumbList","@id":"https:\/\/www.mein-tagwerk.de\/tagwerk\/corona-krise-mit-natalie\/#breadcrumb","itemListElement":[{"@type":"ListItem","position":1,"name":"Home","item":"https:\/\/www.mein-tagwerk.de\/tagwerk\/"},{"@type":"ListItem","position":2,"name":"Corona Krise mit Natalie"}]},{"@type":"WebSite","@id":"https:\/\/www.mein-tagwerk.de\/tagwerk\/#website","url":"https:\/\/www.mein-tagwerk.de\/tagwerk\/","name":"meintagwerk","description":"Online Buchhaltung f\u00fcr Freiberufler, Freelancer und Selbst\u00e4ndige","publisher":{"@id":"https:\/\/www.mein-tagwerk.de\/tagwerk\/#organization"},"potentialAction":[{"@type":"SearchAction","target":{"@type":"EntryPoint","urlTemplate":"https:\/\/www.mein-tagwerk.de\/tagwerk\/?s={search_term_string}"},"query-input":"required name=search_term_string"}],"inLanguage":"de"},{"@type":"Organization","@id":"https:\/\/www.mein-tagwerk.de\/tagwerk\/#organization","name":"tagwerk","url":"https:\/\/www.mein-tagwerk.de\/tagwerk\/","logo":{"@type":"ImageObject","inLanguage":"de","@id":"https:\/\/www.mein-tagwerk.de\/tagwerk\/#\/schema\/logo\/image\/","url":"https:\/\/www.mein-tagwerk.de\/tagwerk\/wp-content\/uploads\/2013\/08\/130611_logo-tagwerk-corporate.png","contentUrl":"https:\/\/www.mein-tagwerk.de\/tagwerk\/wp-content\/uploads\/2013\/08\/130611_logo-tagwerk-corporate.png","width":328,"height":140,"caption":"tagwerk"},"image":{"@id":"https:\/\/www.mein-tagwerk.de\/tagwerk\/#\/schema\/logo\/image\/"}},{"@type":"Person","@id":"https:\/\/www.mein-tagwerk.de\/tagwerk\/#\/schema\/person\/00050f870e9c9b60d4f756d870bf236d","name":"Petra Schuster","image":{"@type":"ImageObject","inLanguage":"de","@id":"https:\/\/www.mein-tagwerk.de\/tagwerk\/#\/schema\/person\/image\/","url":"https:\/\/www.mein-tagwerk.de\/tagwerk\/wp-content\/uploads\/2019\/05\/Image-meSW-96x96.jpg","contentUrl":"https:\/\/www.mein-tagwerk.de\/tagwerk\/wp-content\/uploads\/2019\/05\/Image-meSW-96x96.jpg","caption":"Petra Schuster"},"url":"https:\/\/www.mein-tagwerk.de\/tagwerk\/author\/petra\/"}]}},"_links":{"self":[{"href":"https:\/\/www.mein-tagwerk.de\/tagwerk\/wp-json\/wp\/v2\/posts\/4945"}],"collection":[{"href":"https:\/\/www.mein-tagwerk.de\/tagwerk\/wp-json\/wp\/v2\/posts"}],"about":[{"href":"https:\/\/www.mein-tagwerk.de\/tagwerk\/wp-json\/wp\/v2\/types\/post"}],"author":[{"embeddable":true,"href":"https:\/\/www.mein-tagwerk.de\/tagwerk\/wp-json\/wp\/v2\/users\/7"}],"replies":[{"embeddable":true,"href":"https:\/\/www.mein-tagwerk.de\/tagwerk\/wp-json\/wp\/v2\/comments?post=4945"}],"version-history":[{"count":8,"href":"https:\/\/www.mein-tagwerk.de\/tagwerk\/wp-json\/wp\/v2\/posts\/4945\/revisions"}],"predecessor-version":[{"id":5053,"href":"https:\/\/www.mein-tagwerk.de\/tagwerk\/wp-json\/wp\/v2\/posts\/4945\/revisions\/5053"}],"wp:featuredmedia":[{"embeddable":true,"href":"https:\/\/www.mein-tagwerk.de\/tagwerk\/wp-json\/wp\/v2\/media\/5030"}],"wp:attachment":[{"href":"https:\/\/www.mein-tagwerk.de\/tagwerk\/wp-json\/wp\/v2\/media?parent=4945"}],"wp:term":[{"taxonomy":"category","embeddable":true,"href":"https:\/\/www.mein-tagwerk.de\/tagwerk\/wp-json\/wp\/v2\/categories?post=4945"},{"taxonomy":"post_tag","embeddable":true,"href":"https:\/\/www.mein-tagwerk.de\/tagwerk\/wp-json\/wp\/v2\/tags?post=4945"}],"curies":[{"name":"wp","href":"https:\/\/api.w.org\/{rel}","templated":true}]}}