{"id":4997,"date":"2020-07-13T22:13:53","date_gmt":"2020-07-13T20:13:53","guid":{"rendered":"https:\/\/www.mein-tagwerk.de\/tagwerk\/?p=4997"},"modified":"2020-07-15T00:27:26","modified_gmt":"2020-07-14T22:27:26","slug":"corona-krise-mit-safe-button","status":"publish","type":"post","link":"https:\/\/www.mein-tagwerk.de\/tagwerk\/corona-krise-mit-safe-button\/","title":{"rendered":"Corona Krise mit SAFE BUTTON"},"content":{"rendered":"<h2><strong>Neue Gesch\u00e4ftsideen in der Corona Krise<br \/>\n<\/strong><\/h2>\n<p>Anfang des Jahres schien die Welt noch in Ordnung, inzwischen befinden wir uns in einer bis jetzt unvorstellbaren neuen Zeit. Die Welt wackelt. Ein Virus hat die Grundlagen unseres gesellschaftlichen und wirtschaftlichen Seins ver\u00e4ndert und viele Menschen verunsichert. Die Furcht vor Pleiten und Arbeitslosigkeit steigt. Optimismus scheint ein Fremdwort zu sein. Doch es gibt\u00a0 sie, die Optimisten. Mit neuen Ideen gehen sie an den Start und werden der Welt nach Corona den R\u00fccken kehren und neue Weichen stellen! Nach dem Motto: Let it go!<\/p>\n<h4>In diesem Beitrag stellen wir euch Susan, Florian und Darko vor. In der Corona Krise haben sie <a href=\"https:\/\/www.safe-button.net\/\" target=\"_blank\" rel=\"noopener noreferrer\">Safe Button<\/a> gegr\u00fcndet!<\/h4>\n<div id=\"attachment_4998\" style=\"width: 660px\" class=\"wp-caption alignnone\"><a href=\"https:\/\/www.safe-button.net\/\" target=\"_blank\" rel=\"noopener noreferrer\"><img loading=\"lazy\" decoding=\"async\" aria-describedby=\"caption-attachment-4998\" class=\"wp-image-4998\" src=\"https:\/\/www.mein-tagwerk.de\/tagwerk\/wp-content\/uploads\/2020\/07\/safebutton__team2_final_web_2SW-1024x915.jpg\" rel='prettyPhoto' alt=\"Susan, Florian,Darko, Save Button, Social Distance, Abstand, r\u00fccksichtsvoll, solidarisch, Miteinander, Zeiten der Coronakrise, Gesellschaft,freiberuflicher K\u00fcnstler, Werbung, Gesundheitswesen, Projektmanagerin, Zusammenhalt, Prana up, Prana,JOSEPHINE JE\u00df, JASMIN JE\u00df,Yoga, K\u00f6rpergef\u00fchl, Ern\u00e4hrung, ausbalancierter Geist, PRANA AYURVEDA KUR, Ayurveda, essen, kochen, Ern\u00e4hrung, ayurvedische K\u00fcche, D\u00fcsseldorf, Tagwerk, mein Tagwerk, Tobi Dahmen, Illustration, Niederlande, Holland, Utrecht, Niederrhein, D\u00fcsseldorf, Kommunikationsmedien, Comiczeichner, Fotografie, Fotograf, Photographer, Selbst\u00e4ndig, Freelancer, Soloselbstst\u00e4ndig, Selbst\u00e4ndigkeit, Kleinunternehmer, Buchhaltung, Accountant, Hamburg, Berlin, Gullivers Reisen, Portr\u00e4t, Portraits, Reisefotografie, Corona, Covid 19, Corona Krise, Corona Hilfe, Krise, Hilfe\" width=\"650\" height=\"581\" srcset=\"https:\/\/www.mein-tagwerk.de\/tagwerk\/wp-content\/uploads\/2020\/07\/safebutton__team2_final_web_2SW-1024x915.jpg 1024w, https:\/\/www.mein-tagwerk.de\/tagwerk\/wp-content\/uploads\/2020\/07\/safebutton__team2_final_web_2SW-300x268.jpg 300w, https:\/\/www.mein-tagwerk.de\/tagwerk\/wp-content\/uploads\/2020\/07\/safebutton__team2_final_web_2SW-768x686.jpg 768w, https:\/\/www.mein-tagwerk.de\/tagwerk\/wp-content\/uploads\/2020\/07\/safebutton__team2_final_web_2SW-1536x1373.jpg 1536w, https:\/\/www.mein-tagwerk.de\/tagwerk\/wp-content\/uploads\/2020\/07\/safebutton__team2_final_web_2SW-2048x1830.jpg 2048w, https:\/\/www.mein-tagwerk.de\/tagwerk\/wp-content\/uploads\/2020\/07\/safebutton__team2_final_web_2SW-622x556.jpg 622w\" sizes=\"(max-width: 650px) 100vw, 650px\" \/><\/a><p id=\"caption-attachment-4998\" class=\"wp-caption-text\">Susan, Florian und Darko<\/p><\/div>\n<h3>Vorstellung: Bitte stell dich kurz vor. Wer seid ihr?<\/h3>\n<p>Wir sind das <a href=\"https:\/\/www.safe-button.net\/\" target=\"_blank\" rel=\"noopener noreferrer\">SAFE-BUTTON<\/a> Team. Susan, Florian, und Darko.<br \/>\nWir teilen das gemeinsame Interesse an einem r\u00fccksichtsvollen und solidarischen Miteinander zu Zeiten der Coronakrise und m\u00f6chten dabei helfen die Moral aufrecht zu erhalten.<\/p>\n<p>Daf\u00fcr haben wir den SAFE-BUTTON entwickelt, welcher eine Kommunikationshilfe im Alltag darstellt. Durch das Tragen des Buttons hat jeder Einzelne die M\u00f6glichkeit seine Unterst\u00fctzung\u00a0der Sicherheitsma\u00dfnahmen zu zeigen. Der Fokus liegt hierbei vor allem auf dem Mindestabstand.<\/p>\n<p>Wenn unserer Gesellschaft der Zusammenhalt gelingt und wir es schaffen die top-down Wirkrichtung insofern umzudrehen, als dass alle aus sich heraus f\u00fcreinander einstehen, ist unserer Meinung nach viel gewonnen.<\/p>\n<h3>Was macht ihr \u201enormalerweise\u201c? Beschreibt was ihr vor Corona gemacht habt.<\/h3>\n<p>Ich (Darko) bin als freiberuflicher K\u00fcnstler t\u00e4tig. Konzeption und Gestaltung sind nat\u00fcrlich meine Schwerpunkte. Florian kommt aus der Werbung und ist der Spezi f\u00fcr Texte und Kommunikation. Susan kommt aus dem Gesundheitswesen und ist Projektmanagerin. Sie h\u00e4lt den Laden organisatorisch zusammen. Damit haben wir dann auch schon einiges abgedeckt. Die Sinnhaftigkeit des Projektes hat f\u00fcr uns eine starke Antriebskraft.<\/p>\n<div id=\"attachment_4999\" style=\"width: 660px\" class=\"wp-caption alignnone\"><a href=\"https:\/\/www.safe-button.net\/\" target=\"_blank\" rel=\"noopener noreferrer\"><img loading=\"lazy\" decoding=\"async\" aria-describedby=\"caption-attachment-4999\" class=\"wp-image-4999\" src=\"https:\/\/www.mein-tagwerk.de\/tagwerk\/wp-content\/uploads\/2020\/07\/20.05.14_SafeButton_Jacke_007SW-1024x682.jpg\" rel='prettyPhoto' alt=\"Susan, Florian,Darko, Save Button, Social Distance, Abstand, r\u00fccksichtsvoll, solidarisch, Miteinander, Zeiten der Coronakrise, Gesellschaft,freiberuflicher K\u00fcnstler, Werbung, Gesundheitswesen, Projektmanagerin, Zusammenhalt, Prana up, Prana,JOSEPHINE JE\u00df, JASMIN JE\u00df,Yoga, K\u00f6rpergef\u00fchl, Ern\u00e4hrung, ausbalancierter Geist, PRANA AYURVEDA KUR, Ayurveda, essen, kochen, Ern\u00e4hrung, ayurvedische K\u00fcche, D\u00fcsseldorf, Tagwerk, mein Tagwerk, Tobi Dahmen, Illustration, Niederlande, Holland, Utrecht, Niederrhein, D\u00fcsseldorf, Kommunikationsmedien, Comiczeichner, Fotografie, Fotograf, Photographer, Selbst\u00e4ndig, Freelancer, Soloselbstst\u00e4ndig, Selbst\u00e4ndigkeit, Kleinunternehmer, Buchhaltung, Accountant, Hamburg, Berlin, Gullivers Reisen, Portr\u00e4t, Portraits, Reisefotografie, Corona, Covid 19, Corona Krise, Corona Hilfe, Krise, Hilfe\" width=\"650\" height=\"433\" srcset=\"https:\/\/www.mein-tagwerk.de\/tagwerk\/wp-content\/uploads\/2020\/07\/20.05.14_SafeButton_Jacke_007SW-1024x682.jpg 1024w, https:\/\/www.mein-tagwerk.de\/tagwerk\/wp-content\/uploads\/2020\/07\/20.05.14_SafeButton_Jacke_007SW-300x200.jpg 300w, https:\/\/www.mein-tagwerk.de\/tagwerk\/wp-content\/uploads\/2020\/07\/20.05.14_SafeButton_Jacke_007SW-768x512.jpg 768w, https:\/\/www.mein-tagwerk.de\/tagwerk\/wp-content\/uploads\/2020\/07\/20.05.14_SafeButton_Jacke_007SW-1536x1024.jpg 1536w, https:\/\/www.mein-tagwerk.de\/tagwerk\/wp-content\/uploads\/2020\/07\/20.05.14_SafeButton_Jacke_007SW-2048x1365.jpg 2048w, https:\/\/www.mein-tagwerk.de\/tagwerk\/wp-content\/uploads\/2020\/07\/20.05.14_SafeButton_Jacke_007SW-622x414.jpg 622w\" sizes=\"(max-width: 650px) 100vw, 650px\" \/><\/a><p id=\"caption-attachment-4999\" class=\"wp-caption-text\">Der Save-Button<\/p><\/div>\n<h3>Ihr habt aus dieser Situation, die Corona-Krise heraus etwas Neues geschaffen! Bitte Erz\u00e4hlt uns davon.<br \/>\nWas hat euch inspiriert, wie seid ihr auf diese Idee gekommen.<\/h3>\n<p>Das Projekt besteht aus zwei S\u00e4ulen.<br \/>\nDie Erste ist aus dem Wunsch entstanden, in dieser Situation aktiv sein zu k\u00f6nnen. Die Probleme mit einer dauerhaften Sensibilisierung liegen ja offen auf dem Tisch.<\/p>\n<p>Was in G\u00f6ttingen passiert ist, zeigt uns, wie wichtig es ist, dass alle mit machen. Ganz privat gesprochen (Darko), mein Vater lebt in dem \u201eCorona Haus\u201c in G\u00f6ttingen und ist selber ein Risikopatient.\u00a0 Die Ignoranz seiner Nachbarn ist f\u00fcr ihn lebensbedrohlich.\u00a0 Ein gro\u00dfer Teil unserer Bev\u00f6lkerung ist auf eine allgemeine Solidarit\u00e4t angewiesen und dass es hierbei zu Problemen kommen wird war absehbar.<\/p>\n<p>In meinem privaten Umfeld sehe ich diese Ignoranz nat\u00fcrlich auch, das kennt bestimmt jeder. Gleichzeitig kennt aber auch jeder Menschen, f\u00fcr welche die Pandemie besonders gef\u00e4hrlich ist. Schwierig ist es aber auch f\u00fcr alle diejenigen, welche mit Risikogruppen in engem Kontakt sind. Diese Diskrepanz war die Inspiration f\u00fcr das Projekt.<\/p>\n<p>Es ist unm\u00f6glich jemandem anzusehen, wie ernst die Situation f\u00fcr den jeweiligen Menschen oder sein Umfeld individuell ist. Um diesem Umstand Abhilfe zu schaffen, sind wir auf die Idee eines kleinen Zeichens gekommen. Dieses Zeichen signalisiert nicht nur: \u201eVorsicht ich bin gef\u00e4hrdet\u201c oder \u201eIch habe mit Gef\u00e4hrdeten zu tun\u201c.\u00a0Es sagt vor allem: \u201eIch bin solidarisch und nehme die ganze Angelegenheit ernst\u201c.<\/p>\n<p>Denn selbst diejenigen, welche unsere Freiheitsrechte oder die Demokratie in Gefahr sehen, tun gut daran, im Alltag Vernunft walten zu lassen, um weitere Einschr\u00e4nkungen zu vermeiden. In allen Belangen dieser Krise ist Vernunft die L\u00f6sung.<br \/>\nDeshalb sind wir auch immer auf der Suche nach Kooperationspartnern, welche uns dabei helfen, dieses Projekt so bekannt wie m\u00f6glich zu machen.<\/p>\n<p>Die zweite S\u00e4ule ist die Finanzkrise, die mit der gesundheitlichen einhergeht. Auch wir m\u00fcssen uns nat\u00fcrlich fragen, wie wir finanziell durch diese Zeit kommen.<\/p>\n<p>An dieser Stelle macht ein Projekt, welches sich mit der Krise selbst beendet, nat\u00fcrlich Sinn. Ein fester Teil unserer Idee ist, m\u00f6glichst viele Freiberufler aus der kreativen und kulturellen\u00a0 Sparte in das Projekt einzubinden und ihnen so ebenfalls durch die Zeit zu helfen. Deshalb haben wir das Projekt auch nicht als Ehrenamt angelegt. Vielen fehlt im Augenblick die Ressourcen f\u00fcr das Ehrenamt.\u00a0Auch auf der wirtschaftlichen Ebene gibt es ja bekanntlich gro\u00dfe Probleme.<\/p>\n<p><a href=\"https:\/\/www.safe-button.net\/team-vision\/\" target=\"_blank\" rel=\"noopener noreferrer\"><img loading=\"lazy\" decoding=\"async\" class=\"alignnone wp-image-5000\" src=\"https:\/\/www.mein-tagwerk.de\/tagwerk\/wp-content\/uploads\/2020\/07\/IMG_2942SW-768x1024.jpg\" rel='prettyPhoto' alt=\"Susan, Florian,Darko, Save Button, Social Distance, Abstand, r\u00fccksichtsvoll, solidarisch, Miteinander, Zeiten der Coronakrise, Gesellschaft,freiberuflicher K\u00fcnstler, Werbung, Gesundheitswesen, Projektmanagerin, Zusammenhalt, Prana up, Prana,JOSEPHINE JE\u00df, JASMIN JE\u00df,Yoga, K\u00f6rpergef\u00fchl, Ern\u00e4hrung, ausbalancierter Geist, PRANA AYURVEDA KUR, Ayurveda, essen, kochen, Ern\u00e4hrung, ayurvedische K\u00fcche, D\u00fcsseldorf, Tagwerk, mein Tagwerk, Tobi Dahmen, Illustration, Niederlande, Holland, Utrecht, Niederrhein, D\u00fcsseldorf, Kommunikationsmedien, Comiczeichner, Fotografie, Fotograf, Photographer, Selbst\u00e4ndig, Freelancer, Soloselbstst\u00e4ndig, Selbst\u00e4ndigkeit, Kleinunternehmer, Buchhaltung, Accountant, Hamburg, Berlin, Gullivers Reisen, Portr\u00e4t, Portraits, Reisefotografie, Corona, Covid 19, Corona Krise, Corona Hilfe, Krise, Hilfe\" width=\"650\" height=\"867\" srcset=\"https:\/\/www.mein-tagwerk.de\/tagwerk\/wp-content\/uploads\/2020\/07\/IMG_2942SW-768x1024.jpg 768w, https:\/\/www.mein-tagwerk.de\/tagwerk\/wp-content\/uploads\/2020\/07\/IMG_2942SW-225x300.jpg 225w, https:\/\/www.mein-tagwerk.de\/tagwerk\/wp-content\/uploads\/2020\/07\/IMG_2942SW-1152x1536.jpg 1152w, https:\/\/www.mein-tagwerk.de\/tagwerk\/wp-content\/uploads\/2020\/07\/IMG_2942SW-1536x2048.jpg 1536w, https:\/\/www.mein-tagwerk.de\/tagwerk\/wp-content\/uploads\/2020\/07\/IMG_2942SW-622x829.jpg 622w, https:\/\/www.mein-tagwerk.de\/tagwerk\/wp-content\/uploads\/2020\/07\/IMG_2942SW-scaled.jpg 1920w\" sizes=\"(max-width: 650px) 100vw, 650px\" \/><\/a><\/p>\n<h3>Als Selbst\u00e4ndige habt ihr noch hilfreiche Tipps f\u00fcr uns und unsere Leser?<\/h3>\n<p>Mut. Einfach los legen\u2026 lernen im Prozess.<\/p>\n<p>&nbsp;<\/p>\n<h3>Zu guter Letzt was w\u00fcnschst du dir wenn die Krise vorbei ist? Was wirst du als erstes tun?<\/h3>\n<p>Alle Buttons in die Elbe schmei\u00dfen.<br \/>\nAnsonsten besch\u00e4ftigen wir uns lieber erst mal mit der Gegenwart.<\/p>\n<p>Vielen Dank f\u00fcr das Gespr\u00e4ch und deine Zeit!<\/p>\n<p>Kontakt:<\/p>\n<p>SAFE-BUTTON Nikolic, Jung GbR<\/p>\n<p>vertretungsberechtigte Gesellschafter: Darko Nikolic, Florian Jung<\/p>\n<p>Valentinskamp 28a<br \/>\n20355 Hamburg<br \/>\nDeutschland<\/p>\n<p>Telefon: 0177 6374634<\/p>\n<p>Mail: <a href=\"mailto:info@safe-button.net\" target=\"_blank\" rel=\"noopener noreferrer\">info@safe-button.net<\/a><\/p>\n<p>&nbsp;<\/p>\n<p><a href=\"https:\/\/www.instagram.com\/safe.button\/\" target=\"_blank\" rel=\"noopener noreferrer\"><img loading=\"lazy\" decoding=\"async\" class=\"alignleft wp-image-4833\" src=\"https:\/\/www.mein-tagwerk.de\/tagwerk\/wp-content\/uploads\/2020\/02\/Istagram-Icon.jpg\" rel='prettyPhoto' alt=\"\" width=\"50\" height=\"51\" srcset=\"https:\/\/www.mein-tagwerk.de\/tagwerk\/wp-content\/uploads\/2020\/02\/Istagram-Icon.jpg 454w, https:\/\/www.mein-tagwerk.de\/tagwerk\/wp-content\/uploads\/2020\/02\/Istagram-Icon-295x300.jpg 295w, https:\/\/www.mein-tagwerk.de\/tagwerk\/wp-content\/uploads\/2020\/02\/Istagram-Icon-150x150.jpg 150w\" sizes=\"(max-width: 50px) 100vw, 50px\" \/><\/a><\/p>\n<p>&nbsp;<\/p>\n<p>&nbsp;<\/p>\n<p>&nbsp;<\/p>\n<h6><span class=\"block-wrap\"><a class=\"blogmore\" href=\"\/tagwerk\/campus\/anmelden\/\">meintagwerk kennen lernen <\/a><\/span><\/h6>\n","protected":false},"excerpt":{"rendered":"<p>Neue Gesch\u00e4ftsideen in der Corona Krise Anfang des Jahres schien die Welt noch in Ordnung, inzwischen befinden wir uns in einer bis jetzt unvorstellbaren neuen Zeit. Die Welt wackelt. Ein Virus hat die Grundlagen unseres gesellschaftlichen und wirtschaftlichen Seins ver\u00e4ndert und viele Menschen verunsichert. Die Furcht vor Pleiten und Arbeitslosigkeit steigt. Optimismus scheint ein Fremdwort [&#038;hellip<\/p>\n","protected":false},"author":7,"featured_media":5002,"comment_status":"open","ping_status":"open","sticky":false,"template":"","format":"standard","meta":{"footnotes":""},"categories":[4,7,11],"tags":[511,473,65,82,84,85,468,478,481,480,479,508,119,507,470,469,162,164,517,516,518,189,194,474,196,204,464,213,462,234,467,482,270,272,514,463,466,292,471,476,475,519,326,477,329,512,509,339,342,345,510,353,513,472,506,461,465,430,434,515,520],"yoast_head":"<!-- This site is optimized with the Yoast SEO plugin v20.4 - https:\/\/yoast.com\/wordpress\/plugins\/seo\/ -->\n<title>Corona Krise mit SAFE BUTTON | meintagwerk<\/title>\n<meta name=\"robots\" content=\"index, follow, max-snippet:-1, max-image-preview:large, max-video-preview:-1\" \/>\n<link rel=\"canonical\" href=\"https:\/\/www.mein-tagwerk.de\/tagwerk\/corona-krise-mit-safe-button\/\" \/>\n<meta property=\"og:locale\" content=\"de_DE\" \/>\n<meta property=\"og:type\" content=\"article\" \/>\n<meta property=\"og:title\" content=\"Corona Krise mit SAFE BUTTON | meintagwerk\" \/>\n<meta property=\"og:description\" content=\"Neue Gesch\u00e4ftsideen in der Corona Krise Anfang des Jahres schien die Welt noch in Ordnung, inzwischen befinden wir uns in einer bis jetzt unvorstellbaren neuen Zeit. Die Welt wackelt. Ein Virus hat die Grundlagen unseres gesellschaftlichen und wirtschaftlichen Seins ver\u00e4ndert und viele Menschen verunsichert. Die Furcht vor Pleiten und Arbeitslosigkeit steigt. Optimismus scheint ein Fremdwort [&amp;hellip\" \/>\n<meta property=\"og:url\" content=\"https:\/\/www.mein-tagwerk.de\/tagwerk\/corona-krise-mit-safe-button\/\" \/>\n<meta property=\"og:site_name\" content=\"meintagwerk\" \/>\n<meta property=\"article:published_time\" content=\"2020-07-13T20:13:53+00:00\" \/>\n<meta property=\"article:modified_time\" content=\"2020-07-14T22:27:26+00:00\" \/>\n<meta property=\"og:image\" content=\"https:\/\/www.mein-tagwerk.de\/tagwerk\/wp-content\/uploads\/2020\/07\/safebutton__team2_final_web_2SWBeitrags-Bild.jpg\" \/>\n\t<meta property=\"og:image:width\" content=\"2268\" \/>\n\t<meta property=\"og:image:height\" content=\"988\" \/>\n\t<meta property=\"og:image:type\" content=\"image\/jpeg\" \/>\n<meta name=\"author\" content=\"Petra Schuster\" \/>\n<meta name=\"twitter:card\" content=\"summary_large_image\" \/>\n<meta name=\"twitter:label1\" content=\"Verfasst von\" \/>\n\t<meta name=\"twitter:data1\" content=\"Petra Schuster\" \/>\n\t<meta name=\"twitter:label2\" content=\"Gesch\u00e4tzte Lesezeit\" \/>\n\t<meta name=\"twitter:data2\" content=\"4\u00a0Minuten\" \/>\n<script type=\"application\/ld+json\" class=\"yoast-schema-graph\">{\"@context\":\"https:\/\/schema.org\",\"@graph\":[{\"@type\":\"Article\",\"@id\":\"https:\/\/www.mein-tagwerk.de\/tagwerk\/corona-krise-mit-safe-button\/#article\",\"isPartOf\":{\"@id\":\"https:\/\/www.mein-tagwerk.de\/tagwerk\/corona-krise-mit-safe-button\/\"},\"author\":{\"name\":\"Petra Schuster\",\"@id\":\"https:\/\/www.mein-tagwerk.de\/tagwerk\/#\/schema\/person\/00050f870e9c9b60d4f756d870bf236d\"},\"headline\":\"Corona Krise mit SAFE BUTTON\",\"datePublished\":\"2020-07-13T20:13:53+00:00\",\"dateModified\":\"2020-07-14T22:27:26+00:00\",\"mainEntityOfPage\":{\"@id\":\"https:\/\/www.mein-tagwerk.de\/tagwerk\/corona-krise-mit-safe-button\/\"},\"wordCount\":840,\"commentCount\":0,\"publisher\":{\"@id\":\"https:\/\/www.mein-tagwerk.de\/tagwerk\/#organization\"},\"keywords\":[\"Abstand\",\"Accountant\",\"Berlin\",\"Buchhaltung\",\"Buchhaltungssoftware\",\"Buchhaltungstipps\",\"Comiczeichner\",\"Corona\",\"Corona Hilfe\",\"Corona Krise\",\"Covid 19\",\"Darko\",\"D\u00fcsseldorf\",\"Florian\",\"Fotograf\",\"Fotografie\",\"Freelancer\",\"Freiberufler\",\"freiberuflicher K\u00fcnstler\",\"Gesellschaft\",\"Gesundheitswesen\",\"Gr\u00fcnder\",\"Gr\u00fcndung\",\"Gullivers Reisen\",\"Hamburg\",\"Hilfe\",\"Holland\",\"Ideen\",\"Illustration\",\"Kleinunternehmer\",\"Kommunikationsmedien\",\"Krise\",\"mein tagwerk\",\"meintagwerk\",\"Miteinander\",\"Niederlande\",\"Niederrhein\",\"online\",\"Photographer\",\"Portraits\",\"Portr\u00e4t\",\"Projektmanagerin\",\"rechnungstellung\",\"Reisefotografie\",\"Reisekosten\",\"r\u00fccksichtsvoll\",\"Save Button\",\"Selbst\u00e4ndig\",\"Selbst\u00e4ndigkeit\",\"Selbstst\u00e4ndig arbeiten\",\"Social Distance\",\"Software\",\"solidarisch\",\"Soloselbstst\u00e4ndig\",\"Susan\",\"Tobi Dahmen\",\"Utrecht\",\"Werbung\",\"Wirtschaft\",\"Zeiten der Coronakrise\",\"Zusammenhalt\"],\"articleSection\":[\"3 tagwerktipps\",\"6 Gastbeitr\u00e4ge\",\"belegjunkie\"],\"inLanguage\":\"de\",\"potentialAction\":[{\"@type\":\"CommentAction\",\"name\":\"Comment\",\"target\":[\"https:\/\/www.mein-tagwerk.de\/tagwerk\/corona-krise-mit-safe-button\/#respond\"]}]},{\"@type\":\"WebPage\",\"@id\":\"https:\/\/www.mein-tagwerk.de\/tagwerk\/corona-krise-mit-safe-button\/\",\"url\":\"https:\/\/www.mein-tagwerk.de\/tagwerk\/corona-krise-mit-safe-button\/\",\"name\":\"Corona Krise mit SAFE BUTTON | meintagwerk\",\"isPartOf\":{\"@id\":\"https:\/\/www.mein-tagwerk.de\/tagwerk\/#website\"},\"datePublished\":\"2020-07-13T20:13:53+00:00\",\"dateModified\":\"2020-07-14T22:27:26+00:00\",\"breadcrumb\":{\"@id\":\"https:\/\/www.mein-tagwerk.de\/tagwerk\/corona-krise-mit-safe-button\/#breadcrumb\"},\"inLanguage\":\"de\",\"potentialAction\":[{\"@type\":\"ReadAction\",\"target\":[\"https:\/\/www.mein-tagwerk.de\/tagwerk\/corona-krise-mit-safe-button\/\"]}]},{\"@type\":\"BreadcrumbList\",\"@id\":\"https:\/\/www.mein-tagwerk.de\/tagwerk\/corona-krise-mit-safe-button\/#breadcrumb\",\"itemListElement\":[{\"@type\":\"ListItem\",\"position\":1,\"name\":\"Home\",\"item\":\"https:\/\/www.mein-tagwerk.de\/tagwerk\/\"},{\"@type\":\"ListItem\",\"position\":2,\"name\":\"Corona Krise mit SAFE BUTTON\"}]},{\"@type\":\"WebSite\",\"@id\":\"https:\/\/www.mein-tagwerk.de\/tagwerk\/#website\",\"url\":\"https:\/\/www.mein-tagwerk.de\/tagwerk\/\",\"name\":\"meintagwerk\",\"description\":\"Online Buchhaltung f\u00fcr Freiberufler, Freelancer und Selbst\u00e4ndige\",\"publisher\":{\"@id\":\"https:\/\/www.mein-tagwerk.de\/tagwerk\/#organization\"},\"potentialAction\":[{\"@type\":\"SearchAction\",\"target\":{\"@type\":\"EntryPoint\",\"urlTemplate\":\"https:\/\/www.mein-tagwerk.de\/tagwerk\/?s={search_term_string}\"},\"query-input\":\"required name=search_term_string\"}],\"inLanguage\":\"de\"},{\"@type\":\"Organization\",\"@id\":\"https:\/\/www.mein-tagwerk.de\/tagwerk\/#organization\",\"name\":\"tagwerk\",\"url\":\"https:\/\/www.mein-tagwerk.de\/tagwerk\/\",\"logo\":{\"@type\":\"ImageObject\",\"inLanguage\":\"de\",\"@id\":\"https:\/\/www.mein-tagwerk.de\/tagwerk\/#\/schema\/logo\/image\/\",\"url\":\"https:\/\/www.mein-tagwerk.de\/tagwerk\/wp-content\/uploads\/2013\/08\/130611_logo-tagwerk-corporate.png\",\"contentUrl\":\"https:\/\/www.mein-tagwerk.de\/tagwerk\/wp-content\/uploads\/2013\/08\/130611_logo-tagwerk-corporate.png\",\"width\":328,\"height\":140,\"caption\":\"tagwerk\"},\"image\":{\"@id\":\"https:\/\/www.mein-tagwerk.de\/tagwerk\/#\/schema\/logo\/image\/\"}},{\"@type\":\"Person\",\"@id\":\"https:\/\/www.mein-tagwerk.de\/tagwerk\/#\/schema\/person\/00050f870e9c9b60d4f756d870bf236d\",\"name\":\"Petra Schuster\",\"image\":{\"@type\":\"ImageObject\",\"inLanguage\":\"de\",\"@id\":\"https:\/\/www.mein-tagwerk.de\/tagwerk\/#\/schema\/person\/image\/\",\"url\":\"https:\/\/www.mein-tagwerk.de\/tagwerk\/wp-content\/uploads\/2019\/05\/Image-meSW-96x96.jpg\",\"contentUrl\":\"https:\/\/www.mein-tagwerk.de\/tagwerk\/wp-content\/uploads\/2019\/05\/Image-meSW-96x96.jpg\",\"caption\":\"Petra Schuster\"},\"url\":\"https:\/\/www.mein-tagwerk.de\/tagwerk\/author\/petra\/\"}]}<\/script>\n<!-- \/ Yoast SEO plugin. -->","yoast_head_json":{"title":"Corona Krise mit SAFE BUTTON | meintagwerk","robots":{"index":"index","follow":"follow","max-snippet":"max-snippet:-1","max-image-preview":"max-image-preview:large","max-video-preview":"max-video-preview:-1"},"canonical":"https:\/\/www.mein-tagwerk.de\/tagwerk\/corona-krise-mit-safe-button\/","og_locale":"de_DE","og_type":"article","og_title":"Corona Krise mit SAFE BUTTON | meintagwerk","og_description":"Neue Gesch\u00e4ftsideen in der Corona Krise Anfang des Jahres schien die Welt noch in Ordnung, inzwischen befinden wir uns in einer bis jetzt unvorstellbaren neuen Zeit. Die Welt wackelt. Ein Virus hat die Grundlagen unseres gesellschaftlichen und wirtschaftlichen Seins ver\u00e4ndert und viele Menschen verunsichert. Die Furcht vor Pleiten und Arbeitslosigkeit steigt. Optimismus scheint ein Fremdwort [&hellip","og_url":"https:\/\/www.mein-tagwerk.de\/tagwerk\/corona-krise-mit-safe-button\/","og_site_name":"meintagwerk","article_published_time":"2020-07-13T20:13:53+00:00","article_modified_time":"2020-07-14T22:27:26+00:00","og_image":[{"width":2268,"height":988,"url":"https:\/\/www.mein-tagwerk.de\/tagwerk\/wp-content\/uploads\/2020\/07\/safebutton__team2_final_web_2SWBeitrags-Bild.jpg","type":"image\/jpeg"}],"author":"Petra Schuster","twitter_card":"summary_large_image","twitter_misc":{"Verfasst von":"Petra Schuster","Gesch\u00e4tzte Lesezeit":"4\u00a0Minuten"},"schema":{"@context":"https:\/\/schema.org","@graph":[{"@type":"Article","@id":"https:\/\/www.mein-tagwerk.de\/tagwerk\/corona-krise-mit-safe-button\/#article","isPartOf":{"@id":"https:\/\/www.mein-tagwerk.de\/tagwerk\/corona-krise-mit-safe-button\/"},"author":{"name":"Petra Schuster","@id":"https:\/\/www.mein-tagwerk.de\/tagwerk\/#\/schema\/person\/00050f870e9c9b60d4f756d870bf236d"},"headline":"Corona Krise mit SAFE BUTTON","datePublished":"2020-07-13T20:13:53+00:00","dateModified":"2020-07-14T22:27:26+00:00","mainEntityOfPage":{"@id":"https:\/\/www.mein-tagwerk.de\/tagwerk\/corona-krise-mit-safe-button\/"},"wordCount":840,"commentCount":0,"publisher":{"@id":"https:\/\/www.mein-tagwerk.de\/tagwerk\/#organization"},"keywords":["Abstand","Accountant","Berlin","Buchhaltung","Buchhaltungssoftware","Buchhaltungstipps","Comiczeichner","Corona","Corona Hilfe","Corona Krise","Covid 19","Darko","D\u00fcsseldorf","Florian","Fotograf","Fotografie","Freelancer","Freiberufler","freiberuflicher K\u00fcnstler","Gesellschaft","Gesundheitswesen","Gr\u00fcnder","Gr\u00fcndung","Gullivers Reisen","Hamburg","Hilfe","Holland","Ideen","Illustration","Kleinunternehmer","Kommunikationsmedien","Krise","mein tagwerk","meintagwerk","Miteinander","Niederlande","Niederrhein","online","Photographer","Portraits","Portr\u00e4t","Projektmanagerin","rechnungstellung","Reisefotografie","Reisekosten","r\u00fccksichtsvoll","Save Button","Selbst\u00e4ndig","Selbst\u00e4ndigkeit","Selbstst\u00e4ndig arbeiten","Social Distance","Software","solidarisch","Soloselbstst\u00e4ndig","Susan","Tobi Dahmen","Utrecht","Werbung","Wirtschaft","Zeiten der Coronakrise","Zusammenhalt"],"articleSection":["3 tagwerktipps","6 Gastbeitr\u00e4ge","belegjunkie"],"inLanguage":"de","potentialAction":[{"@type":"CommentAction","name":"Comment","target":["https:\/\/www.mein-tagwerk.de\/tagwerk\/corona-krise-mit-safe-button\/#respond"]}]},{"@type":"WebPage","@id":"https:\/\/www.mein-tagwerk.de\/tagwerk\/corona-krise-mit-safe-button\/","url":"https:\/\/www.mein-tagwerk.de\/tagwerk\/corona-krise-mit-safe-button\/","name":"Corona Krise mit SAFE BUTTON | meintagwerk","isPartOf":{"@id":"https:\/\/www.mein-tagwerk.de\/tagwerk\/#website"},"datePublished":"2020-07-13T20:13:53+00:00","dateModified":"2020-07-14T22:27:26+00:00","breadcrumb":{"@id":"https:\/\/www.mein-tagwerk.de\/tagwerk\/corona-krise-mit-safe-button\/#breadcrumb"},"inLanguage":"de","potentialAction":[{"@type":"ReadAction","target":["https:\/\/www.mein-tagwerk.de\/tagwerk\/corona-krise-mit-safe-button\/"]}]},{"@type":"BreadcrumbList","@id":"https:\/\/www.mein-tagwerk.de\/tagwerk\/corona-krise-mit-safe-button\/#breadcrumb","itemListElement":[{"@type":"ListItem","position":1,"name":"Home","item":"https:\/\/www.mein-tagwerk.de\/tagwerk\/"},{"@type":"ListItem","position":2,"name":"Corona Krise mit SAFE BUTTON"}]},{"@type":"WebSite","@id":"https:\/\/www.mein-tagwerk.de\/tagwerk\/#website","url":"https:\/\/www.mein-tagwerk.de\/tagwerk\/","name":"meintagwerk","description":"Online Buchhaltung f\u00fcr Freiberufler, Freelancer und Selbst\u00e4ndige","publisher":{"@id":"https:\/\/www.mein-tagwerk.de\/tagwerk\/#organization"},"potentialAction":[{"@type":"SearchAction","target":{"@type":"EntryPoint","urlTemplate":"https:\/\/www.mein-tagwerk.de\/tagwerk\/?s={search_term_string}"},"query-input":"required name=search_term_string"}],"inLanguage":"de"},{"@type":"Organization","@id":"https:\/\/www.mein-tagwerk.de\/tagwerk\/#organization","name":"tagwerk","url":"https:\/\/www.mein-tagwerk.de\/tagwerk\/","logo":{"@type":"ImageObject","inLanguage":"de","@id":"https:\/\/www.mein-tagwerk.de\/tagwerk\/#\/schema\/logo\/image\/","url":"https:\/\/www.mein-tagwerk.de\/tagwerk\/wp-content\/uploads\/2013\/08\/130611_logo-tagwerk-corporate.png","contentUrl":"https:\/\/www.mein-tagwerk.de\/tagwerk\/wp-content\/uploads\/2013\/08\/130611_logo-tagwerk-corporate.png","width":328,"height":140,"caption":"tagwerk"},"image":{"@id":"https:\/\/www.mein-tagwerk.de\/tagwerk\/#\/schema\/logo\/image\/"}},{"@type":"Person","@id":"https:\/\/www.mein-tagwerk.de\/tagwerk\/#\/schema\/person\/00050f870e9c9b60d4f756d870bf236d","name":"Petra Schuster","image":{"@type":"ImageObject","inLanguage":"de","@id":"https:\/\/www.mein-tagwerk.de\/tagwerk\/#\/schema\/person\/image\/","url":"https:\/\/www.mein-tagwerk.de\/tagwerk\/wp-content\/uploads\/2019\/05\/Image-meSW-96x96.jpg","contentUrl":"https:\/\/www.mein-tagwerk.de\/tagwerk\/wp-content\/uploads\/2019\/05\/Image-meSW-96x96.jpg","caption":"Petra Schuster"},"url":"https:\/\/www.mein-tagwerk.de\/tagwerk\/author\/petra\/"}]}},"_links":{"self":[{"href":"https:\/\/www.mein-tagwerk.de\/tagwerk\/wp-json\/wp\/v2\/posts\/4997"}],"collection":[{"href":"https:\/\/www.mein-tagwerk.de\/tagwerk\/wp-json\/wp\/v2\/posts"}],"about":[{"href":"https:\/\/www.mein-tagwerk.de\/tagwerk\/wp-json\/wp\/v2\/types\/post"}],"author":[{"embeddable":true,"href":"https:\/\/www.mein-tagwerk.de\/tagwerk\/wp-json\/wp\/v2\/users\/7"}],"replies":[{"embeddable":true,"href":"https:\/\/www.mein-tagwerk.de\/tagwerk\/wp-json\/wp\/v2\/comments?post=4997"}],"version-history":[{"count":10,"href":"https:\/\/www.mein-tagwerk.de\/tagwerk\/wp-json\/wp\/v2\/posts\/4997\/revisions"}],"predecessor-version":[{"id":5009,"href":"https:\/\/www.mein-tagwerk.de\/tagwerk\/wp-json\/wp\/v2\/posts\/4997\/revisions\/5009"}],"wp:featuredmedia":[{"embeddable":true,"href":"https:\/\/www.mein-tagwerk.de\/tagwerk\/wp-json\/wp\/v2\/media\/5002"}],"wp:attachment":[{"href":"https:\/\/www.mein-tagwerk.de\/tagwerk\/wp-json\/wp\/v2\/media?parent=4997"}],"wp:term":[{"taxonomy":"category","embeddable":true,"href":"https:\/\/www.mein-tagwerk.de\/tagwerk\/wp-json\/wp\/v2\/categories?post=4997"},{"taxonomy":"post_tag","embeddable":true,"href":"https:\/\/www.mein-tagwerk.de\/tagwerk\/wp-json\/wp\/v2\/tags?post=4997"}],"curies":[{"name":"wp","href":"https:\/\/api.w.org\/{rel}","templated":true}]}}