{"id":5032,"date":"2020-07-15T21:56:42","date_gmt":"2020-07-15T19:56:42","guid":{"rendered":"https:\/\/www.mein-tagwerk.de\/tagwerk\/?p=5032"},"modified":"2020-09-14T14:20:59","modified_gmt":"2020-09-14T12:20:59","slug":"corona-krise-mit-doerte","status":"publish","type":"post","link":"https:\/\/www.mein-tagwerk.de\/tagwerk\/corona-krise-mit-doerte\/","title":{"rendered":"Corona Krise mit D\u00f6rte"},"content":{"rendered":"<h2><strong>Selbst\u00e4ndigkeit in der Corona Krise<br \/>\n<\/strong><\/h2>\n<h4>Um die Verbreitung des Corona Virus einzud\u00e4mmen gelten in Deutschland seit Mitte M\u00e4rz neue vor\u00fcbergehende Kontaktbeschr\u00e4nkungen.<\/h4>\n<h4>Wir befinden uns in der gr\u00f6ssten Krise seit dem 2. Weltkrieg &#8211; Zitat Angela Merkel &#8211; Das \u00f6ffentliche Leben ist lahmgelegt, Gesch\u00e4fte und Restaurants geschlossen. Inzwischen wurden die Massnahmen etwas gelockert. Trotzdem: Freelancer, Soloselbst\u00e4ndige und Kleinunternehmer treffen diese neuen Regelungen immer noch am h\u00e4rtesten. Die Regierung in Deutschland hat schnelle Hilfe versprochen. Aus unserer Sicht tut sich bis jetzt sehr wenig.<\/h4>\n<h4><span id=\"title\">Wir glauben Selbst\u00e4ndigen k\u00f6nnte und m\u00fcsste noch besser geholfen werden.<br \/>\n<\/span><\/h4>\n<p>Deswegen stellen wir euch weiterhin Selbst\u00e4ndige vor und haben im Interview gefragt wie sie mit dieser sehr ungew\u00f6hnlichen Zeit umgehen. Was sie machen und wie sehr es ihr gewohntes Leben evtl auf den Kopf stellt. Wir hoffen damit einige zu inspirieren und vielleicht erreichen wir damit auch Menschen die etwas dazu beitragen k\u00f6nnen, diese Situation zu \u00e4ndern! #politiker!<\/p>\n<h4>Heute in unserem Beitrag ein Interview mit D\u00f6rte Benzner. Sie ist Diplom-Designerin und hat ein eigenes Design Label <a href=\"https:\/\/www.instagram.com\/aiinu_design\/\" target=\"_blank\" rel=\"noopener noreferrer\">aiinu design<\/a><\/h4>\n<div id=\"attachment_5033\" style=\"width: 660px\" class=\"wp-caption alignnone\"><a href=\"http:\/\/www.aiinu-design.de\/\" target=\"_blank\" rel=\"noopener noreferrer\"><img loading=\"lazy\" decoding=\"async\" aria-describedby=\"caption-attachment-5033\" class=\"wp-image-5033\" src=\"https:\/\/www.mein-tagwerk.de\/tagwerk\/wp-content\/uploads\/2020\/07\/lys_lys3SW-683x1024.jpg\" rel='prettyPhoto' alt=\"D\u00f6rte Benzner, Benzner, Design, aiinu design, aiinu, interior design, furniture, products, ci, acoustic design,music, Natalie Weinmann, Netflix, Art Director, LA, Los Alngeles, HBO, Banshee, Production Designer, Fox Filmed Entertainment, ABC, USA, Susan, Florian,Darko, Save Button, Social Distance, Abstand, r\u00fccksichtsvoll, solidarisch, Miteinander, Zeiten der Coronakrise, Gesellschaft,freiberuflicher K\u00fcnstler, Werbung, Gesundheitswesen, Projektmanagerin, Zusammenhalt, Prana up, Prana,JOSEPHINE JE\u00df, JASMIN JE\u00df,Yoga, K\u00f6rpergef\u00fchl, Ern\u00e4hrung, ausbalancierter Geist, PRANA AYURVEDA KUR, Ayurveda, essen, kochen, Ern\u00e4hrung, ayurvedische K\u00fcche, D\u00fcsseldorf, Tagwerk, mein Tagwerk, Tobi Dahmen, Illustration, Niederlande, Holland, Utrecht, Niederrhein, D\u00fcsseldorf, Kommunikationsmedien, Comiczeichner, Fotografie, Fotograf, Photographer, Selbst\u00e4ndig, Freelancer, Soloselbstst\u00e4ndig, Selbst\u00e4ndigkeit, Kleinunternehmer, Buchhaltung, Accountant, Hamburg, Berlin, Gullivers Reisen, Portr\u00e4t, Portraits, Reisefotografie, Corona, Covid 19, Corona Krise, Corona Hilfe, Krise, Hilfe\" width=\"650\" height=\"975\" srcset=\"https:\/\/www.mein-tagwerk.de\/tagwerk\/wp-content\/uploads\/2020\/07\/lys_lys3SW-683x1024.jpg 683w, https:\/\/www.mein-tagwerk.de\/tagwerk\/wp-content\/uploads\/2020\/07\/lys_lys3SW-200x300.jpg 200w, https:\/\/www.mein-tagwerk.de\/tagwerk\/wp-content\/uploads\/2020\/07\/lys_lys3SW-768x1152.jpg 768w, https:\/\/www.mein-tagwerk.de\/tagwerk\/wp-content\/uploads\/2020\/07\/lys_lys3SW-1024x1536.jpg 1024w, https:\/\/www.mein-tagwerk.de\/tagwerk\/wp-content\/uploads\/2020\/07\/lys_lys3SW-1365x2048.jpg 1365w, https:\/\/www.mein-tagwerk.de\/tagwerk\/wp-content\/uploads\/2020\/07\/lys_lys3SW-622x933.jpg 622w, https:\/\/www.mein-tagwerk.de\/tagwerk\/wp-content\/uploads\/2020\/07\/lys_lys3SW-scaled.jpg 1707w\" sizes=\"(max-width: 650px) 100vw, 650px\" \/><\/a><p id=\"caption-attachment-5033\" class=\"wp-caption-text\">D\u00f6rte Benzner<\/p><\/div>\n<p>&nbsp;<\/p>\n<h3>Vorstellung: Bitte stell dich kurz vor. Wer bist du?<\/h3>\n<p>Hi, ich bin D\u00f6rte Benzner, lebe und arbeite in Hamburg.<\/p>\n<h3 align=\"LEFT\"><span lang=\"de-DE\">Berufsbezeichnung: Was machst du? Beschreibe deine T\u00e4tigkeit. <\/span><\/h3>\n<p>Ich bin Diplom-Designerin bei meinem Design Label aiinu design #<a href=\"https:\/\/www.instagram.com\/aiinu_design\/\" target=\"_blank\" rel=\"noopener noreferrer\">instagram<\/a> und mache im Moment viel Interior und Produkt Design in kleinen, handgemachten Serien. Ich arbeite auch als S\u00e4ngerin und Songschreiberin, schreibe f\u00fcr mein Electro Projekt Lys Lys <a href=\"http:\/\/www.lys-lys.com\/\" target=\"_blank\" rel=\"noopener noreferrer\">www.lys-lys.com<\/a> und andere (z.B. Filmmusik). Au\u00dferdem bin ich Gesellschafterin der Torrefaktum Kaffeer\u00f6sterei <a href=\"https:\/\/torrefaktum.de\/\" target=\"_blank\" rel=\"noopener noreferrer\">www.torrefaktum.de<\/a>, richte unsere Caf\u00e9s ein und mache dort alles, was mit Design zu tun hat.<\/p>\n<div id=\"attachment_5036\" style=\"width: 660px\" class=\"wp-caption alignnone\"><a href=\"http:\/\/www.aiinu-design.de\/\" target=\"_blank\" rel=\"noopener noreferrer\"><img loading=\"lazy\" decoding=\"async\" aria-describedby=\"caption-attachment-5036\" class=\"wp-image-5036\" src=\"https:\/\/www.mein-tagwerk.de\/tagwerk\/wp-content\/uploads\/2020\/07\/IMG_0433SW-1024x1024.jpg\" rel='prettyPhoto' alt=\"D\u00f6rte Benzner, Benzner, Design, aiinu design, aiinu, interior design, furniture, products, ci, acoustic design,music, Natalie Weinmann, Netflix, Art Director, LA, Los Alngeles, HBO, Banshee, Production Designer, Fox Filmed Entertainment, ABC, USA, Susan, Florian,Darko, Save Button, Social Distance, Abstand, r\u00fccksichtsvoll, solidarisch, Miteinander, Zeiten der Coronakrise, Gesellschaft,freiberuflicher K\u00fcnstler, Werbung, Gesundheitswesen, Projektmanagerin, Zusammenhalt, Prana up, Prana,JOSEPHINE JE\u00df, JASMIN JE\u00df,Yoga, K\u00f6rpergef\u00fchl, Ern\u00e4hrung, ausbalancierter Geist, PRANA AYURVEDA KUR, Ayurveda, essen, kochen, Ern\u00e4hrung, ayurvedische K\u00fcche, D\u00fcsseldorf, Tagwerk, mein Tagwerk, Tobi Dahmen, Illustration, Niederlande, Holland, Utrecht, Niederrhein, D\u00fcsseldorf, Kommunikationsmedien, Comiczeichner, Fotografie, Fotograf, Photographer, Selbst\u00e4ndig, Freelancer, Soloselbstst\u00e4ndig, Selbst\u00e4ndigkeit, Kleinunternehmer, Buchhaltung, Accountant, Hamburg, Berlin, Gullivers Reisen, Portr\u00e4t, Portraits, Reisefotografie, Corona, Covid 19, Corona Krise, Corona Hilfe, Krise, Hilfe\" width=\"650\" height=\"650\" srcset=\"https:\/\/www.mein-tagwerk.de\/tagwerk\/wp-content\/uploads\/2020\/07\/IMG_0433SW-1024x1024.jpg 1024w, https:\/\/www.mein-tagwerk.de\/tagwerk\/wp-content\/uploads\/2020\/07\/IMG_0433SW-300x300.jpg 300w, https:\/\/www.mein-tagwerk.de\/tagwerk\/wp-content\/uploads\/2020\/07\/IMG_0433SW-150x150.jpg 150w, https:\/\/www.mein-tagwerk.de\/tagwerk\/wp-content\/uploads\/2020\/07\/IMG_0433SW-768x768.jpg 768w, https:\/\/www.mein-tagwerk.de\/tagwerk\/wp-content\/uploads\/2020\/07\/IMG_0433SW-1536x1536.jpg 1536w, https:\/\/www.mein-tagwerk.de\/tagwerk\/wp-content\/uploads\/2020\/07\/IMG_0433SW-2048x2048.jpg 2048w, https:\/\/www.mein-tagwerk.de\/tagwerk\/wp-content\/uploads\/2020\/07\/IMG_0433SW-622x622.jpg 622w\" sizes=\"(max-width: 650px) 100vw, 650px\" \/><\/a><p id=\"caption-attachment-5036\" class=\"wp-caption-text\">Keramik Becher-Serie f\u00fcr Torrefaktum<\/p><\/div>\n<h3>Wie bist du zu diesem Beruf gekommen? Warum hast du diesen Weg gew\u00e4hlt? Oder anders gesagt, was hat dich Inspiriert, gab es eventuell ein Vorbild, dass in diesem Bereich gearbeitet hat?<\/h3>\n<p>Mein Vorbild war und ist Pippi Langstrumpf. Daher glaube ich, dass man alles mal ausprobieren sollte, was einen interessiert und wof\u00fcr das Herz schneller schl\u00e4gt. Das ist f\u00fcr mich Musik und alles, was mit Kunst und Design zu tun hat. Worte mag ich auch sehr.<\/p>\n<h3 align=\"LEFT\">Wie gehst du mit dieser Krisensituation um? Wurden deine Auftr\u00e4ge storniert oder verschoben? Kannst du die Corona Hilfe beantragen? Und wenn ja tust du das?<\/h3>\n<p>Nach der ersten Schockstarre habe ich sie genutzt. F\u00fcr unsere Kaffeer\u00f6sterei und die Caf\u00e9s ist es aber weiterhin schwierig. Ich erlaube mir allerdings, mir keine Sorgen zu machen, denn das macht ja alles doppelt so schwer. Ich bem\u00fche mich eigentlich schon immer, Schwierigkeiten als Aufgaben zu sehen, die ich jetzt l\u00f6sen m\u00f6chte und muss. Bin dabei, geht ganz gut. Nach einer anf\u00e4nglichen Zeit des Abwartens von Kundenseite aus kommen wieder mehr Jobs.<\/p>\n<h3>Hat sich deine Arbeitsweise ver\u00e4ndert? Glaubst du dass sich die Arbeitswelt und Einstellungen zu Freizeit ver\u00e4ndern wird?<\/h3>\n<p>Ja, ich wohne w\u00e4hrend der schulfreien Zeit mit meiner Familie in unserem Ferienhaus in Schleswig-Holstein. Ich bin nur ungef\u00e4hr 2 Tage in der Woche in Hamburg, der Rest geht gut digital von hier aus. Es ist sch\u00f6n, so eng miteinander zu sein. Wir k\u00f6nnen alle gut miteinander abh\u00e4ngen. Natur ist nat\u00fcrlich auch super, klar. Sie flie\u00dft durch mich durch und in meine Arbeit. Meiner Keramik Becher-Serie f\u00fcr <a href=\"https:\/\/torrefaktum.de\/\" target=\"_blank\" rel=\"noopener noreferrer\">Torrefaktum<\/a> sieht man an, dass sie hier entstanden ist.<br \/>\nIch vermisse zwar meine Atelier Gemeinschaft Freudenhammer in Hamburg, das geht aber bestimmt demn\u00e4chst f\u00fcr mich da weiter, sp\u00e4testens nach den Sommerferien.<\/p>\n<p>F\u00fcr uns alle \u00e4ndert sich einiges, denke ich: Durch die Erfahrung mit Video Konferenzen und co wird unser Leben schneller digitaler werden, als es eh schon passiert. Das muss aber nicht schlecht sein, wenn man dadurch mehr zuhause oder an einem Ort ist, der einem gef\u00e4llt. Man wird effektiver und hat mehr Zeit f\u00fcr die Familie und Freunde.<\/p>\n<h3>Hast du hilfreiche Tipps f\u00fcr uns und unsere Leser?<\/h3>\n<div class=\"\"><span class=\"\">Art is life and life is art. Nicht vergessen, dass wir auf einem Planeten leben, der durch den Weltraum fliegt. Das ist schon ziemlich abgefahren, daher finde ich, dass man sich eine Menge toller Sachen ausdenken sollte, die man erleben und erschaffen m\u00f6chte, solange man hier ist. Und es dann auch durchziehen. Der Weg ist dabei das Ziel, daran glaube ich fest. So verpasst man auch nicht die guten Momente!<\/span><\/div>\n<h3>Zu guter Letzt was w\u00fcnschst du dir wenn die Krise vorbei ist? Was wirst du als erstes tun?<\/h3>\n<p align=\"LEFT\"><span lang=\"de-DE\">Die Welt ist danach anders. Man kann nie in denselben Fluss steigen, also gibt es auch nichts, was ich unbedingt nachholen m\u00f6chte. Es ist, was es ist. Aber freue ich mich auf das Reisen, denn das w\u00fcrde mir sehr fehlen, wenn es l\u00e4nger nicht ginge.<br \/>\n<\/span><\/p>\n<p>Vielen Dank f\u00fcr das Gespr\u00e4ch und deine Zeit!<\/p>\n<p>&nbsp;<\/p>\n<p>Kontakt:<\/p>\n<p>Aiinu Design<\/p>\n<p>Heinrich-Plett-Str. 15<\/p>\n<p>22609 Hamburg<\/p>\n<p>+49 173 9450800<\/p>\n<p><a href=\"mailto:post@aiinu-design.de\" target=\"_blank\" rel=\"noopener noreferrer\">post@aiinu-design.de<\/a><\/p>\n<p><a href=\"http:\/\/www.aiinu-design.de\/\" target=\"_blank\" rel=\"noopener noreferrer\">www.aiinu-design.de<\/a><\/p>\n<p>&nbsp;<\/p>\n<p><a href=\"https:\/\/www.facebook.com\/lyslysmusic\" target=\"_blank\" rel=\"noopener noreferrer\"><img loading=\"lazy\" decoding=\"async\" class=\"alignleft wp-image-4832\" src=\"https:\/\/www.mein-tagwerk.de\/tagwerk\/wp-content\/uploads\/2020\/02\/FB-Icon.jpg\" rel='prettyPhoto' alt=\"\" width=\"50\" height=\"50\" srcset=\"https:\/\/www.mein-tagwerk.de\/tagwerk\/wp-content\/uploads\/2020\/02\/FB-Icon.jpg 454w, https:\/\/www.mein-tagwerk.de\/tagwerk\/wp-content\/uploads\/2020\/02\/FB-Icon-300x300.jpg 300w, https:\/\/www.mein-tagwerk.de\/tagwerk\/wp-content\/uploads\/2020\/02\/FB-Icon-150x150.jpg 150w\" sizes=\"(max-width: 50px) 100vw, 50px\" \/><\/a><a href=\"https:\/\/www.instagram.com\/aiinu_design\/\" target=\"_blank\" rel=\"noopener noreferrer\"><img loading=\"lazy\" decoding=\"async\" class=\"alignleft wp-image-4833\" src=\"https:\/\/www.mein-tagwerk.de\/tagwerk\/wp-content\/uploads\/2020\/02\/Istagram-Icon.jpg\" rel='prettyPhoto' alt=\"\" width=\"50\" height=\"51\" srcset=\"https:\/\/www.mein-tagwerk.de\/tagwerk\/wp-content\/uploads\/2020\/02\/Istagram-Icon.jpg 454w, https:\/\/www.mein-tagwerk.de\/tagwerk\/wp-content\/uploads\/2020\/02\/Istagram-Icon-295x300.jpg 295w, https:\/\/www.mein-tagwerk.de\/tagwerk\/wp-content\/uploads\/2020\/02\/Istagram-Icon-150x150.jpg 150w\" sizes=\"(max-width: 50px) 100vw, 50px\" \/><\/a><a href=\"https:\/\/www.youtube.com\/channel\/UCA-_HDYXZNdJ0IwH0Te_wmw\" target=\"_blank\" rel=\"noopener noreferrer\"><img loading=\"lazy\" decoding=\"async\" class=\"alignleft wp-image-4837\" src=\"https:\/\/www.mein-tagwerk.de\/tagwerk\/wp-content\/uploads\/2020\/02\/Youtube-Icon.jpg\" rel='prettyPhoto' alt=\"\" width=\"50\" height=\"50\" srcset=\"https:\/\/www.mein-tagwerk.de\/tagwerk\/wp-content\/uploads\/2020\/02\/Youtube-Icon.jpg 539w, https:\/\/www.mein-tagwerk.de\/tagwerk\/wp-content\/uploads\/2020\/02\/Youtube-Icon-300x300.jpg 300w, https:\/\/www.mein-tagwerk.de\/tagwerk\/wp-content\/uploads\/2020\/02\/Youtube-Icon-150x150.jpg 150w\" sizes=\"(max-width: 50px) 100vw, 50px\" \/><\/a><a href=\"https:\/\/open.spotify.com\/album\/2POhz47stJK6BjYGSMCrFB\" target=\"_blank\" rel=\"noopener noreferrer\"><img loading=\"lazy\" decoding=\"async\" class=\"alignleft wp-image-5039\" src=\"https:\/\/www.mein-tagwerk.de\/tagwerk\/wp-content\/uploads\/2020\/07\/spotify.jpg\" rel='prettyPhoto' alt=\"\" width=\"50\" height=\"50\" srcset=\"https:\/\/www.mein-tagwerk.de\/tagwerk\/wp-content\/uploads\/2020\/07\/spotify.jpg 454w, https:\/\/www.mein-tagwerk.de\/tagwerk\/wp-content\/uploads\/2020\/07\/spotify-300x300.jpg 300w, https:\/\/www.mein-tagwerk.de\/tagwerk\/wp-content\/uploads\/2020\/07\/spotify-150x150.jpg 150w\" sizes=\"(max-width: 50px) 100vw, 50px\" \/><\/a><\/p>\n<p>&nbsp;<\/p>\n<p>&nbsp;<\/p>\n<p>&nbsp;<\/p>\n<h6><\/h6>\n<h6><span class=\"block-wrap\"><a class=\"blogmore\" href=\"\/tagwerk\/campus\/anmelden\/\">meintagwerk kennen lernen <\/a><\/span><\/h6>\n","protected":false},"excerpt":{"rendered":"<p>Selbst\u00e4ndigkeit in der Corona Krise Um die Verbreitung des Corona Virus einzud\u00e4mmen gelten in Deutschland seit Mitte M\u00e4rz neue vor\u00fcbergehende Kontaktbeschr\u00e4nkungen. Wir befinden uns in der gr\u00f6ssten Krise seit dem 2. Weltkrieg &#8211; Zitat Angela Merkel &#8211; Das \u00f6ffentliche Leben ist lahmgelegt, Gesch\u00e4fte und Restaurants geschlossen. Inzwischen wurden die Massnahmen etwas gelockert. Trotzdem: Freelancer, Soloselbst\u00e4ndige [&#038;hellip<\/p>\n","protected":false},"author":7,"featured_media":5041,"comment_status":"open","ping_status":"open","sticky":false,"template":"","format":"standard","meta":{"footnotes":""},"categories":[4,7,11],"tags":[473,531,526,523,522,65,82,84,85,530,468,478,481,480,479,521,119,470,469,162,164,528,189,194,474,196,204,464,213,462,527,525,234,467,482,270,272,532,463,466,292,471,476,475,529,326,477,329,339,342,345,353,472,461,524,465,434],"yoast_head":"<!-- This site is optimized with the Yoast SEO plugin v20.4 - https:\/\/yoast.com\/wordpress\/plugins\/seo\/ -->\n<title>Corona Krise mit D\u00f6rte | meintagwerk<\/title>\n<meta name=\"robots\" content=\"index, follow, max-snippet:-1, max-image-preview:large, max-video-preview:-1\" \/>\n<link rel=\"canonical\" href=\"https:\/\/www.mein-tagwerk.de\/tagwerk\/corona-krise-mit-doerte\/\" \/>\n<meta property=\"og:locale\" content=\"de_DE\" \/>\n<meta property=\"og:type\" content=\"article\" \/>\n<meta property=\"og:title\" content=\"Corona Krise mit D\u00f6rte | meintagwerk\" \/>\n<meta property=\"og:description\" content=\"Selbst\u00e4ndigkeit in der Corona Krise Um die Verbreitung des Corona Virus einzud\u00e4mmen gelten in Deutschland seit Mitte M\u00e4rz neue vor\u00fcbergehende Kontaktbeschr\u00e4nkungen. Wir befinden uns in der gr\u00f6ssten Krise seit dem 2. Weltkrieg &#8211; Zitat Angela Merkel &#8211; Das \u00f6ffentliche Leben ist lahmgelegt, Gesch\u00e4fte und Restaurants geschlossen. Inzwischen wurden die Massnahmen etwas gelockert. Trotzdem: Freelancer, Soloselbst\u00e4ndige [&amp;hellip\" \/>\n<meta property=\"og:url\" content=\"https:\/\/www.mein-tagwerk.de\/tagwerk\/corona-krise-mit-doerte\/\" \/>\n<meta property=\"og:site_name\" content=\"meintagwerk\" \/>\n<meta property=\"article:published_time\" content=\"2020-07-15T19:56:42+00:00\" \/>\n<meta property=\"article:modified_time\" content=\"2020-09-14T12:20:59+00:00\" \/>\n<meta property=\"og:image\" content=\"https:\/\/www.mein-tagwerk.de\/tagwerk\/wp-content\/uploads\/2020\/07\/lys_lys3SWBB.jpg\" \/>\n\t<meta property=\"og:image:width\" content=\"1856\" \/>\n\t<meta property=\"og:image:height\" content=\"1971\" \/>\n\t<meta property=\"og:image:type\" content=\"image\/jpeg\" \/>\n<meta name=\"author\" content=\"Petra Schuster\" \/>\n<meta name=\"twitter:card\" content=\"summary_large_image\" \/>\n<meta name=\"twitter:label1\" content=\"Verfasst von\" \/>\n\t<meta name=\"twitter:data1\" content=\"Petra Schuster\" \/>\n\t<meta name=\"twitter:label2\" content=\"Gesch\u00e4tzte Lesezeit\" \/>\n\t<meta name=\"twitter:data2\" content=\"4\u00a0Minuten\" \/>\n<script type=\"application\/ld+json\" class=\"yoast-schema-graph\">{\"@context\":\"https:\/\/schema.org\",\"@graph\":[{\"@type\":\"Article\",\"@id\":\"https:\/\/www.mein-tagwerk.de\/tagwerk\/corona-krise-mit-doerte\/#article\",\"isPartOf\":{\"@id\":\"https:\/\/www.mein-tagwerk.de\/tagwerk\/corona-krise-mit-doerte\/\"},\"author\":{\"name\":\"Petra Schuster\",\"@id\":\"https:\/\/www.mein-tagwerk.de\/tagwerk\/#\/schema\/person\/00050f870e9c9b60d4f756d870bf236d\"},\"headline\":\"Corona Krise mit D\u00f6rte\",\"datePublished\":\"2020-07-15T19:56:42+00:00\",\"dateModified\":\"2020-09-14T12:20:59+00:00\",\"mainEntityOfPage\":{\"@id\":\"https:\/\/www.mein-tagwerk.de\/tagwerk\/corona-krise-mit-doerte\/\"},\"wordCount\":865,\"commentCount\":0,\"publisher\":{\"@id\":\"https:\/\/www.mein-tagwerk.de\/tagwerk\/#organization\"},\"keywords\":[\"Accountant\",\"acoustic design\",\"aiinu\",\"Aiinu Design\",\"benzner\",\"Berlin\",\"Buchhaltung\",\"Buchhaltungssoftware\",\"Buchhaltungstipps\",\"ci\",\"Comiczeichner\",\"Corona\",\"Corona Hilfe\",\"Corona Krise\",\"Covid 19\",\"D\u00f6rte Benzner\",\"D\u00fcsseldorf\",\"Fotograf\",\"Fotografie\",\"Freelancer\",\"Freiberufler\",\"furniture\",\"Gr\u00fcnder\",\"Gr\u00fcndung\",\"Gullivers Reisen\",\"Hamburg\",\"Hilfe\",\"Holland\",\"Ideen\",\"Illustration\",\"interior design\",\"Kaffeer\u00f6sterei\",\"Kleinunternehmer\",\"Kommunikationsmedien\",\"Krise\",\"mein tagwerk\",\"meintagwerk\",\"music\",\"Niederlande\",\"Niederrhein\",\"online\",\"Photographer\",\"Portraits\",\"Portr\u00e4t\",\"products\",\"rechnungstellung\",\"Reisefotografie\",\"Reisekosten\",\"Selbst\u00e4ndig\",\"Selbst\u00e4ndigkeit\",\"Selbstst\u00e4ndig arbeiten\",\"Software\",\"Soloselbstst\u00e4ndig\",\"Tobi Dahmen\",\"Torrefaktum\",\"Utrecht\",\"Wirtschaft\"],\"articleSection\":[\"3 tagwerktipps\",\"6 Gastbeitr\u00e4ge\",\"belegjunkie\"],\"inLanguage\":\"de\",\"potentialAction\":[{\"@type\":\"CommentAction\",\"name\":\"Comment\",\"target\":[\"https:\/\/www.mein-tagwerk.de\/tagwerk\/corona-krise-mit-doerte\/#respond\"]}]},{\"@type\":\"WebPage\",\"@id\":\"https:\/\/www.mein-tagwerk.de\/tagwerk\/corona-krise-mit-doerte\/\",\"url\":\"https:\/\/www.mein-tagwerk.de\/tagwerk\/corona-krise-mit-doerte\/\",\"name\":\"Corona Krise mit D\u00f6rte | meintagwerk\",\"isPartOf\":{\"@id\":\"https:\/\/www.mein-tagwerk.de\/tagwerk\/#website\"},\"datePublished\":\"2020-07-15T19:56:42+00:00\",\"dateModified\":\"2020-09-14T12:20:59+00:00\",\"breadcrumb\":{\"@id\":\"https:\/\/www.mein-tagwerk.de\/tagwerk\/corona-krise-mit-doerte\/#breadcrumb\"},\"inLanguage\":\"de\",\"potentialAction\":[{\"@type\":\"ReadAction\",\"target\":[\"https:\/\/www.mein-tagwerk.de\/tagwerk\/corona-krise-mit-doerte\/\"]}]},{\"@type\":\"BreadcrumbList\",\"@id\":\"https:\/\/www.mein-tagwerk.de\/tagwerk\/corona-krise-mit-doerte\/#breadcrumb\",\"itemListElement\":[{\"@type\":\"ListItem\",\"position\":1,\"name\":\"Home\",\"item\":\"https:\/\/www.mein-tagwerk.de\/tagwerk\/\"},{\"@type\":\"ListItem\",\"position\":2,\"name\":\"Corona Krise mit D\u00f6rte\"}]},{\"@type\":\"WebSite\",\"@id\":\"https:\/\/www.mein-tagwerk.de\/tagwerk\/#website\",\"url\":\"https:\/\/www.mein-tagwerk.de\/tagwerk\/\",\"name\":\"meintagwerk\",\"description\":\"Online Buchhaltung f\u00fcr Freiberufler, Freelancer und Selbst\u00e4ndige\",\"publisher\":{\"@id\":\"https:\/\/www.mein-tagwerk.de\/tagwerk\/#organization\"},\"potentialAction\":[{\"@type\":\"SearchAction\",\"target\":{\"@type\":\"EntryPoint\",\"urlTemplate\":\"https:\/\/www.mein-tagwerk.de\/tagwerk\/?s={search_term_string}\"},\"query-input\":\"required name=search_term_string\"}],\"inLanguage\":\"de\"},{\"@type\":\"Organization\",\"@id\":\"https:\/\/www.mein-tagwerk.de\/tagwerk\/#organization\",\"name\":\"tagwerk\",\"url\":\"https:\/\/www.mein-tagwerk.de\/tagwerk\/\",\"logo\":{\"@type\":\"ImageObject\",\"inLanguage\":\"de\",\"@id\":\"https:\/\/www.mein-tagwerk.de\/tagwerk\/#\/schema\/logo\/image\/\",\"url\":\"https:\/\/www.mein-tagwerk.de\/tagwerk\/wp-content\/uploads\/2013\/08\/130611_logo-tagwerk-corporate.png\",\"contentUrl\":\"https:\/\/www.mein-tagwerk.de\/tagwerk\/wp-content\/uploads\/2013\/08\/130611_logo-tagwerk-corporate.png\",\"width\":328,\"height\":140,\"caption\":\"tagwerk\"},\"image\":{\"@id\":\"https:\/\/www.mein-tagwerk.de\/tagwerk\/#\/schema\/logo\/image\/\"}},{\"@type\":\"Person\",\"@id\":\"https:\/\/www.mein-tagwerk.de\/tagwerk\/#\/schema\/person\/00050f870e9c9b60d4f756d870bf236d\",\"name\":\"Petra Schuster\",\"image\":{\"@type\":\"ImageObject\",\"inLanguage\":\"de\",\"@id\":\"https:\/\/www.mein-tagwerk.de\/tagwerk\/#\/schema\/person\/image\/\",\"url\":\"https:\/\/www.mein-tagwerk.de\/tagwerk\/wp-content\/uploads\/2019\/05\/Image-meSW-96x96.jpg\",\"contentUrl\":\"https:\/\/www.mein-tagwerk.de\/tagwerk\/wp-content\/uploads\/2019\/05\/Image-meSW-96x96.jpg\",\"caption\":\"Petra Schuster\"},\"url\":\"https:\/\/www.mein-tagwerk.de\/tagwerk\/author\/petra\/\"}]}<\/script>\n<!-- \/ Yoast SEO plugin. -->","yoast_head_json":{"title":"Corona Krise mit D\u00f6rte | meintagwerk","robots":{"index":"index","follow":"follow","max-snippet":"max-snippet:-1","max-image-preview":"max-image-preview:large","max-video-preview":"max-video-preview:-1"},"canonical":"https:\/\/www.mein-tagwerk.de\/tagwerk\/corona-krise-mit-doerte\/","og_locale":"de_DE","og_type":"article","og_title":"Corona Krise mit D\u00f6rte | meintagwerk","og_description":"Selbst\u00e4ndigkeit in der Corona Krise Um die Verbreitung des Corona Virus einzud\u00e4mmen gelten in Deutschland seit Mitte M\u00e4rz neue vor\u00fcbergehende Kontaktbeschr\u00e4nkungen. Wir befinden uns in der gr\u00f6ssten Krise seit dem 2. Weltkrieg &#8211; Zitat Angela Merkel &#8211; Das \u00f6ffentliche Leben ist lahmgelegt, Gesch\u00e4fte und Restaurants geschlossen. Inzwischen wurden die Massnahmen etwas gelockert. Trotzdem: Freelancer, Soloselbst\u00e4ndige [&hellip","og_url":"https:\/\/www.mein-tagwerk.de\/tagwerk\/corona-krise-mit-doerte\/","og_site_name":"meintagwerk","article_published_time":"2020-07-15T19:56:42+00:00","article_modified_time":"2020-09-14T12:20:59+00:00","og_image":[{"width":1856,"height":1971,"url":"https:\/\/www.mein-tagwerk.de\/tagwerk\/wp-content\/uploads\/2020\/07\/lys_lys3SWBB.jpg","type":"image\/jpeg"}],"author":"Petra Schuster","twitter_card":"summary_large_image","twitter_misc":{"Verfasst von":"Petra Schuster","Gesch\u00e4tzte Lesezeit":"4\u00a0Minuten"},"schema":{"@context":"https:\/\/schema.org","@graph":[{"@type":"Article","@id":"https:\/\/www.mein-tagwerk.de\/tagwerk\/corona-krise-mit-doerte\/#article","isPartOf":{"@id":"https:\/\/www.mein-tagwerk.de\/tagwerk\/corona-krise-mit-doerte\/"},"author":{"name":"Petra Schuster","@id":"https:\/\/www.mein-tagwerk.de\/tagwerk\/#\/schema\/person\/00050f870e9c9b60d4f756d870bf236d"},"headline":"Corona Krise mit D\u00f6rte","datePublished":"2020-07-15T19:56:42+00:00","dateModified":"2020-09-14T12:20:59+00:00","mainEntityOfPage":{"@id":"https:\/\/www.mein-tagwerk.de\/tagwerk\/corona-krise-mit-doerte\/"},"wordCount":865,"commentCount":0,"publisher":{"@id":"https:\/\/www.mein-tagwerk.de\/tagwerk\/#organization"},"keywords":["Accountant","acoustic design","aiinu","Aiinu Design","benzner","Berlin","Buchhaltung","Buchhaltungssoftware","Buchhaltungstipps","ci","Comiczeichner","Corona","Corona Hilfe","Corona Krise","Covid 19","D\u00f6rte Benzner","D\u00fcsseldorf","Fotograf","Fotografie","Freelancer","Freiberufler","furniture","Gr\u00fcnder","Gr\u00fcndung","Gullivers Reisen","Hamburg","Hilfe","Holland","Ideen","Illustration","interior design","Kaffeer\u00f6sterei","Kleinunternehmer","Kommunikationsmedien","Krise","mein tagwerk","meintagwerk","music","Niederlande","Niederrhein","online","Photographer","Portraits","Portr\u00e4t","products","rechnungstellung","Reisefotografie","Reisekosten","Selbst\u00e4ndig","Selbst\u00e4ndigkeit","Selbstst\u00e4ndig arbeiten","Software","Soloselbstst\u00e4ndig","Tobi Dahmen","Torrefaktum","Utrecht","Wirtschaft"],"articleSection":["3 tagwerktipps","6 Gastbeitr\u00e4ge","belegjunkie"],"inLanguage":"de","potentialAction":[{"@type":"CommentAction","name":"Comment","target":["https:\/\/www.mein-tagwerk.de\/tagwerk\/corona-krise-mit-doerte\/#respond"]}]},{"@type":"WebPage","@id":"https:\/\/www.mein-tagwerk.de\/tagwerk\/corona-krise-mit-doerte\/","url":"https:\/\/www.mein-tagwerk.de\/tagwerk\/corona-krise-mit-doerte\/","name":"Corona Krise mit D\u00f6rte | meintagwerk","isPartOf":{"@id":"https:\/\/www.mein-tagwerk.de\/tagwerk\/#website"},"datePublished":"2020-07-15T19:56:42+00:00","dateModified":"2020-09-14T12:20:59+00:00","breadcrumb":{"@id":"https:\/\/www.mein-tagwerk.de\/tagwerk\/corona-krise-mit-doerte\/#breadcrumb"},"inLanguage":"de","potentialAction":[{"@type":"ReadAction","target":["https:\/\/www.mein-tagwerk.de\/tagwerk\/corona-krise-mit-doerte\/"]}]},{"@type":"BreadcrumbList","@id":"https:\/\/www.mein-tagwerk.de\/tagwerk\/corona-krise-mit-doerte\/#breadcrumb","itemListElement":[{"@type":"ListItem","position":1,"name":"Home","item":"https:\/\/www.mein-tagwerk.de\/tagwerk\/"},{"@type":"ListItem","position":2,"name":"Corona Krise mit D\u00f6rte"}]},{"@type":"WebSite","@id":"https:\/\/www.mein-tagwerk.de\/tagwerk\/#website","url":"https:\/\/www.mein-tagwerk.de\/tagwerk\/","name":"meintagwerk","description":"Online Buchhaltung f\u00fcr Freiberufler, Freelancer und Selbst\u00e4ndige","publisher":{"@id":"https:\/\/www.mein-tagwerk.de\/tagwerk\/#organization"},"potentialAction":[{"@type":"SearchAction","target":{"@type":"EntryPoint","urlTemplate":"https:\/\/www.mein-tagwerk.de\/tagwerk\/?s={search_term_string}"},"query-input":"required name=search_term_string"}],"inLanguage":"de"},{"@type":"Organization","@id":"https:\/\/www.mein-tagwerk.de\/tagwerk\/#organization","name":"tagwerk","url":"https:\/\/www.mein-tagwerk.de\/tagwerk\/","logo":{"@type":"ImageObject","inLanguage":"de","@id":"https:\/\/www.mein-tagwerk.de\/tagwerk\/#\/schema\/logo\/image\/","url":"https:\/\/www.mein-tagwerk.de\/tagwerk\/wp-content\/uploads\/2013\/08\/130611_logo-tagwerk-corporate.png","contentUrl":"https:\/\/www.mein-tagwerk.de\/tagwerk\/wp-content\/uploads\/2013\/08\/130611_logo-tagwerk-corporate.png","width":328,"height":140,"caption":"tagwerk"},"image":{"@id":"https:\/\/www.mein-tagwerk.de\/tagwerk\/#\/schema\/logo\/image\/"}},{"@type":"Person","@id":"https:\/\/www.mein-tagwerk.de\/tagwerk\/#\/schema\/person\/00050f870e9c9b60d4f756d870bf236d","name":"Petra Schuster","image":{"@type":"ImageObject","inLanguage":"de","@id":"https:\/\/www.mein-tagwerk.de\/tagwerk\/#\/schema\/person\/image\/","url":"https:\/\/www.mein-tagwerk.de\/tagwerk\/wp-content\/uploads\/2019\/05\/Image-meSW-96x96.jpg","contentUrl":"https:\/\/www.mein-tagwerk.de\/tagwerk\/wp-content\/uploads\/2019\/05\/Image-meSW-96x96.jpg","caption":"Petra Schuster"},"url":"https:\/\/www.mein-tagwerk.de\/tagwerk\/author\/petra\/"}]}},"_links":{"self":[{"href":"https:\/\/www.mein-tagwerk.de\/tagwerk\/wp-json\/wp\/v2\/posts\/5032"}],"collection":[{"href":"https:\/\/www.mein-tagwerk.de\/tagwerk\/wp-json\/wp\/v2\/posts"}],"about":[{"href":"https:\/\/www.mein-tagwerk.de\/tagwerk\/wp-json\/wp\/v2\/types\/post"}],"author":[{"embeddable":true,"href":"https:\/\/www.mein-tagwerk.de\/tagwerk\/wp-json\/wp\/v2\/users\/7"}],"replies":[{"embeddable":true,"href":"https:\/\/www.mein-tagwerk.de\/tagwerk\/wp-json\/wp\/v2\/comments?post=5032"}],"version-history":[{"count":12,"href":"https:\/\/www.mein-tagwerk.de\/tagwerk\/wp-json\/wp\/v2\/posts\/5032\/revisions"}],"predecessor-version":[{"id":5057,"href":"https:\/\/www.mein-tagwerk.de\/tagwerk\/wp-json\/wp\/v2\/posts\/5032\/revisions\/5057"}],"wp:featuredmedia":[{"embeddable":true,"href":"https:\/\/www.mein-tagwerk.de\/tagwerk\/wp-json\/wp\/v2\/media\/5041"}],"wp:attachment":[{"href":"https:\/\/www.mein-tagwerk.de\/tagwerk\/wp-json\/wp\/v2\/media?parent=5032"}],"wp:term":[{"taxonomy":"category","embeddable":true,"href":"https:\/\/www.mein-tagwerk.de\/tagwerk\/wp-json\/wp\/v2\/categories?post=5032"},{"taxonomy":"post_tag","embeddable":true,"href":"https:\/\/www.mein-tagwerk.de\/tagwerk\/wp-json\/wp\/v2\/tags?post=5032"}],"curies":[{"name":"wp","href":"https:\/\/api.w.org\/{rel}","templated":true}]}}