{"id":5063,"date":"2020-09-14T15:20:30","date_gmt":"2020-09-14T13:20:30","guid":{"rendered":"https:\/\/www.mein-tagwerk.de\/tagwerk\/?p=5063"},"modified":"2020-10-13T18:16:49","modified_gmt":"2020-10-13T16:16:49","slug":"aenderung-der-mehrwertsteuer","status":"publish","type":"post","link":"https:\/\/www.mein-tagwerk.de\/tagwerk\/aenderung-der-mehrwertsteuer\/","title":{"rendered":"\u00c4nderung der Mehrwertsteuer"},"content":{"rendered":"<h2><strong>\u00c4nderung der Mehrwertsteuer technisch betrachtet<\/strong><\/h2>\n<h4>Wie in unserem Newsletter schon angek\u00fcndigt erkl\u00e4ren wir euch hier was zur vor\u00fcbergehenden Mehrwertsteuer Umstellung. Sehr kompliziert ist es nicht, nur die technischen Umsetzung ist etwas tricky.<\/h4>\n<p>Zum Gl\u00fcck haben wir daf\u00fcr unseren Maschinisten Georg, er hat alles im Griff!<\/p>\n<h4><\/h4>\n<p><img loading=\"lazy\" decoding=\"async\" class=\"alignnone wp-image-5097 size-large\" src=\"https:\/\/www.mein-tagwerk.de\/tagwerk\/wp-content\/uploads\/2020\/09\/08.12.19-Postkarte-fertig-1-1024x726.jpg\" alt=\"\" width=\"787\" height=\"558\" srcset=\"https:\/\/www.mein-tagwerk.de\/tagwerk\/wp-content\/uploads\/2020\/09\/08.12.19-Postkarte-fertig-1-1024x726.jpg 1024w, https:\/\/www.mein-tagwerk.de\/tagwerk\/wp-content\/uploads\/2020\/09\/08.12.19-Postkarte-fertig-1-300x213.jpg 300w, https:\/\/www.mein-tagwerk.de\/tagwerk\/wp-content\/uploads\/2020\/09\/08.12.19-Postkarte-fertig-1-768x545.jpg 768w, https:\/\/www.mein-tagwerk.de\/tagwerk\/wp-content\/uploads\/2020\/09\/08.12.19-Postkarte-fertig-1-1536x1090.jpg 1536w, https:\/\/www.mein-tagwerk.de\/tagwerk\/wp-content\/uploads\/2020\/09\/08.12.19-Postkarte-fertig-1-622x441.jpg 622w, https:\/\/www.mein-tagwerk.de\/tagwerk\/wp-content\/uploads\/2020\/09\/08.12.19-Postkarte-fertig-1.jpg 1748w\" sizes=\"(max-width: 787px) 100vw, 787px\" \/><\/p>\n<p>&nbsp;<\/p>\n<h3><\/h3>\n<p>Im Jahr 2007 wurde das letzte Mal die Umsatzsteuer erh\u00f6ht. Dies war vor der Gr\u00fcndung von tagwerk. Als wir dann die Anwendung entwickelten, war das schon einige Jahre her. Uns war nat\u00fcrlich bewusst, dass die Umsatzsteuer eine flexible Gr\u00f6\u00dfe ist. Aber praktische Erfahrung mit der Umstellung hatten wir keine.<\/p>\n<p>Als dann in diesem Fr\u00fchjahr die Umsatzsteuersenkung beschlossen wurde, waren wir nur theoretisch vorbereitet. Auf dem Papier war das ganz einfach. Eine Rechnung vor dem 1.7. hatte den alten Umsatzsteuersatz, eine Rechnung ab dem 1.7. hatte dagegen den neuen Umsatzsteuersatz. So einfach ist das auch f\u00fcr Dinge wie \u00c4pfel oder B\u00fccher.<\/p>\n<p>F\u00fcr Dienstleistungen stellte es sich dagegen etwas komplizierter heraus. Relevant f\u00fcr die H\u00f6he der Umsatzsteuer ist das Ende des Leistungszeitraums (klingt schon sehr nach Buchhaltung). Also wer seine Arbeit im Juni beendet hat, aber die Rechnung im Juli stellte, der muss trotzdem den alten Umsatzsteuersatz in Rechnung stellen. Dasselbe Spiel haben wir dann wieder im Januar 2021 im n\u00e4chsten Jahr.<\/p>\n<p>Deshalb haben wir in tagwerk bei der Rechnungsstellung die M\u00f6glichkeit\u00a0 geschaffen, den Umsatzsteuersatz auszuw\u00e4hlen. F\u00fcr die unter uns, die nicht nach Stunden oder Tagen abrechnen, empfehlen wir zus\u00e4tzlich den Leistungszeitraum mit auf der Rechnung zu notieren \u2013 so schafft Ihr Klarheit.<\/p>\n<p>Bei den Kosten m\u00fcsst Ihr zum Gl\u00fcck nicht zu viel dar\u00fcber nachdenken. Siehe Buch oder Apfel \u2013 in diesen F\u00e4llen wird der Umsatzsteuersatz in tagwerk automatisch auf Basis des Datums ermittelt. Aber auch da kann es Kosten geben, die ein Datum im Juli haben, aber noch den alten Umsatzsteuersatz ausweisen. Deshalb haben wir beim Erfassen der Kosten unter dem Reiter \u201eErweitert\u201c die M\u00f6glichkeit geschaffen, einen abweichenden Mehrwertsteuersatz anzugeben. Die normale Kostenerfassung bleibt damit so einfach wie gehabt, aber Ihr k\u00f6nnte \u00fcber diesen Mechanismus in den Prozess eingreifen.<\/p>\n<p>Ich hoffe wir haben somit eine L\u00f6sung gefunden, mit der Ihr alle arbeiten k\u00f6nnt. Wir m\u00f6chten uns hier auch noch bei denen von Euch bedanken, die uns tatkr\u00e4ftig dabei unterst\u00fctzt haben und die Geduld aufgebracht haben, bis wir alles vern\u00fcnftig umgesetzt haben.<\/p>\n<p>Damit verbleiben wir bis zur n\u00e4chsten Anpassung, oder der Anpassung der Anpassung oder der \u2026 Ihr wisst schon.<\/p>\n<p>Euer Georg<\/p>\n<p>&nbsp;<\/p>\n<p><a href=\"https:\/\/www.facebook.com\/meintagwerk\" target=\"_blank\" rel=\"noopener noreferrer\"><img loading=\"lazy\" decoding=\"async\" class=\"alignleft wp-image-4832\" src=\"https:\/\/www.mein-tagwerk.de\/tagwerk\/wp-content\/uploads\/2020\/02\/FB-Icon.jpg\" rel='prettyPhoto' alt=\"\" width=\"50\" height=\"50\" srcset=\"https:\/\/www.mein-tagwerk.de\/tagwerk\/wp-content\/uploads\/2020\/02\/FB-Icon.jpg 454w, https:\/\/www.mein-tagwerk.de\/tagwerk\/wp-content\/uploads\/2020\/02\/FB-Icon-300x300.jpg 300w, https:\/\/www.mein-tagwerk.de\/tagwerk\/wp-content\/uploads\/2020\/02\/FB-Icon-150x150.jpg 150w\" sizes=\"(max-width: 50px) 100vw, 50px\" \/><\/a><a href=\"https:\/\/www.instagram.com\/meintagwerk\/\" target=\"_blank\" rel=\"noopener noreferrer\"><img loading=\"lazy\" decoding=\"async\" class=\"alignleft wp-image-4833\" src=\"https:\/\/www.mein-tagwerk.de\/tagwerk\/wp-content\/uploads\/2020\/02\/Istagram-Icon.jpg\" rel='prettyPhoto' alt=\"\" width=\"50\" height=\"51\" srcset=\"https:\/\/www.mein-tagwerk.de\/tagwerk\/wp-content\/uploads\/2020\/02\/Istagram-Icon.jpg 454w, https:\/\/www.mein-tagwerk.de\/tagwerk\/wp-content\/uploads\/2020\/02\/Istagram-Icon-295x300.jpg 295w, https:\/\/www.mein-tagwerk.de\/tagwerk\/wp-content\/uploads\/2020\/02\/Istagram-Icon-150x150.jpg 150w\" sizes=\"(max-width: 50px) 100vw, 50px\" \/><\/a><a href=\"https:\/\/www.youtube.com\/user\/meintagwerk\" target=\"_blank\" rel=\"noopener noreferrer\"><img loading=\"lazy\" decoding=\"async\" class=\"alignleft wp-image-4837\" src=\"https:\/\/www.mein-tagwerk.de\/tagwerk\/wp-content\/uploads\/2020\/02\/Youtube-Icon.jpg\" rel='prettyPhoto' alt=\"\" width=\"50\" height=\"50\" srcset=\"https:\/\/www.mein-tagwerk.de\/tagwerk\/wp-content\/uploads\/2020\/02\/Youtube-Icon.jpg 539w, https:\/\/www.mein-tagwerk.de\/tagwerk\/wp-content\/uploads\/2020\/02\/Youtube-Icon-300x300.jpg 300w, https:\/\/www.mein-tagwerk.de\/tagwerk\/wp-content\/uploads\/2020\/02\/Youtube-Icon-150x150.jpg 150w\" sizes=\"(max-width: 50px) 100vw, 50px\" \/><\/a><a href=\"https:\/\/twitter.com\/meintagwerk\" target=\"_blank\" rel=\"noopener noreferrer\"><img loading=\"lazy\" decoding=\"async\" class=\"alignleft wp-image-4972\" src=\"https:\/\/www.mein-tagwerk.de\/tagwerk\/wp-content\/uploads\/2020\/06\/Twitter.jpg\" rel='prettyPhoto' alt=\"\" width=\"51\" height=\"51\" srcset=\"https:\/\/www.mein-tagwerk.de\/tagwerk\/wp-content\/uploads\/2020\/06\/Twitter.jpg 454w, https:\/\/www.mein-tagwerk.de\/tagwerk\/wp-content\/uploads\/2020\/06\/Twitter-300x300.jpg 300w, https:\/\/www.mein-tagwerk.de\/tagwerk\/wp-content\/uploads\/2020\/06\/Twitter-150x150.jpg 150w\" sizes=\"(max-width: 51px) 100vw, 51px\" \/><\/a><\/p>\n<p>&nbsp;<\/p>\n<p>&nbsp;<\/p>\n<p>&nbsp;<\/p>\n<h6><\/h6>\n<h6><span class=\"block-wrap\"><a class=\"blogmore\" href=\"\/tagwerk\/campus\/anmelden\/\">meintagwerk kennen lernen <\/a><\/span><\/h6>\n","protected":false},"excerpt":{"rendered":"<p>\u00c4nderung der Mehrwertsteuer technisch betrachtet Wie in unserem Newsletter schon angek\u00fcndigt erkl\u00e4ren wir euch hier was zur vor\u00fcbergehenden Mehrwertsteuer Umstellung. Sehr kompliziert ist es nicht, nur die technischen Umsetzung ist etwas tricky. Zum Gl\u00fcck haben wir daf\u00fcr unseren Maschinisten Georg, er hat alles im Griff! &nbsp; Im Jahr 2007 wurde das letzte Mal die Umsatzsteuer [&#038;hellip<\/p>\n","protected":false},"author":7,"featured_media":5069,"comment_status":"open","ping_status":"open","sticky":false,"template":"","format":"standard","meta":{"footnotes":""},"categories":[4,5,11],"tags":[539,540,18,31,64,82,84,85,89,99,162,164,189,194,196,204,213,234,467,537,538,541,270,272,543,293,303,326,329,342,345,542,353,384,388,404,409,434,445],"yoast_head":"<!-- This site is optimized with the Yoast SEO plugin v20.4 - https:\/\/yoast.com\/wordpress\/plugins\/seo\/ -->\n<title>\u00c4nderung der Mehrwertsteuer | meintagwerk<\/title>\n<meta name=\"robots\" content=\"index, follow, max-snippet:-1, max-image-preview:large, max-video-preview:-1\" \/>\n<link rel=\"canonical\" href=\"https:\/\/www.mein-tagwerk.de\/tagwerk\/aenderung-der-mehrwertsteuer\/\" \/>\n<meta property=\"og:locale\" content=\"de_DE\" \/>\n<meta property=\"og:type\" content=\"article\" \/>\n<meta property=\"og:title\" content=\"\u00c4nderung der Mehrwertsteuer | meintagwerk\" \/>\n<meta property=\"og:description\" content=\"\u00c4nderung der Mehrwertsteuer technisch betrachtet Wie in unserem Newsletter schon angek\u00fcndigt erkl\u00e4ren wir euch hier was zur vor\u00fcbergehenden Mehrwertsteuer Umstellung. Sehr kompliziert ist es nicht, nur die technischen Umsetzung ist etwas tricky. Zum Gl\u00fcck haben wir daf\u00fcr unseren Maschinisten Georg, er hat alles im Griff! &nbsp; Im Jahr 2007 wurde das letzte Mal die Umsatzsteuer [&amp;hellip\" \/>\n<meta property=\"og:url\" content=\"https:\/\/www.mein-tagwerk.de\/tagwerk\/aenderung-der-mehrwertsteuer\/\" \/>\n<meta property=\"og:site_name\" content=\"meintagwerk\" \/>\n<meta property=\"article:published_time\" content=\"2020-09-14T13:20:30+00:00\" \/>\n<meta property=\"article:modified_time\" content=\"2020-10-13T16:16:49+00:00\" \/>\n<meta property=\"og:image\" content=\"https:\/\/www.mein-tagwerk.de\/tagwerk\/wp-content\/uploads\/2020\/09\/08.12.19-PostkarteBeitragsbild.jpg\" \/>\n\t<meta property=\"og:image:width\" content=\"1748\" \/>\n\t<meta property=\"og:image:height\" content=\"715\" \/>\n\t<meta property=\"og:image:type\" content=\"image\/jpeg\" \/>\n<meta name=\"author\" content=\"Petra Schuster\" \/>\n<meta name=\"twitter:card\" content=\"summary_large_image\" \/>\n<meta name=\"twitter:label1\" content=\"Verfasst von\" \/>\n\t<meta name=\"twitter:data1\" content=\"Petra Schuster\" \/>\n\t<meta name=\"twitter:label2\" content=\"Gesch\u00e4tzte Lesezeit\" \/>\n\t<meta name=\"twitter:data2\" content=\"2\u00a0Minuten\" \/>\n<script type=\"application\/ld+json\" class=\"yoast-schema-graph\">{\"@context\":\"https:\/\/schema.org\",\"@graph\":[{\"@type\":\"Article\",\"@id\":\"https:\/\/www.mein-tagwerk.de\/tagwerk\/aenderung-der-mehrwertsteuer\/#article\",\"isPartOf\":{\"@id\":\"https:\/\/www.mein-tagwerk.de\/tagwerk\/aenderung-der-mehrwertsteuer\/\"},\"author\":{\"name\":\"Petra Schuster\",\"@id\":\"https:\/\/www.mein-tagwerk.de\/tagwerk\/#\/schema\/person\/00050f870e9c9b60d4f756d870bf236d\"},\"headline\":\"\u00c4nderung der Mehrwertsteuer\",\"datePublished\":\"2020-09-14T13:20:30+00:00\",\"dateModified\":\"2020-10-13T16:16:49+00:00\",\"mainEntityOfPage\":{\"@id\":\"https:\/\/www.mein-tagwerk.de\/tagwerk\/aenderung-der-mehrwertsteuer\/\"},\"wordCount\":432,\"commentCount\":0,\"publisher\":{\"@id\":\"https:\/\/www.mein-tagwerk.de\/tagwerk\/#organization\"},\"keywords\":[\"16%\",\"5%\",\"9 Beitr\u00e4ge\",\"Alltag\",\"Beratung\",\"Buchhaltung\",\"Buchhaltungssoftware\",\"Buchhaltungstipps\",\"B\u00fcro\",\"Coach\",\"Freelancer\",\"Freiberufler\",\"Gr\u00fcnder\",\"Gr\u00fcndung\",\"Hamburg\",\"Hilfe\",\"Ideen\",\"Kleinunternehmer\",\"Kommunikationsmedien\",\"Mehrwertsteuer\",\"Mehrwertsteuersenkung\",\"Mehrwertsteuerumstellung\",\"mein tagwerk\",\"meintagwerk\",\"Mwst\",\"Online Buchhaltung\",\"Planung\",\"rechnungstellung\",\"Reisekosten\",\"Selbst\u00e4ndigkeit\",\"Selbstst\u00e4ndig arbeiten\",\"Senkung der Mwst\",\"Software\",\"tagwerk\",\"Tagwerker\",\"Tr\u00e4umereien\",\"Umstellung\",\"Wirtschaft\",\"Zeiterfassung\"],\"articleSection\":[\"3 tagwerktipps\",\"4 tagwerkteam\",\"belegjunkie\"],\"inLanguage\":\"de\",\"potentialAction\":[{\"@type\":\"CommentAction\",\"name\":\"Comment\",\"target\":[\"https:\/\/www.mein-tagwerk.de\/tagwerk\/aenderung-der-mehrwertsteuer\/#respond\"]}]},{\"@type\":\"WebPage\",\"@id\":\"https:\/\/www.mein-tagwerk.de\/tagwerk\/aenderung-der-mehrwertsteuer\/\",\"url\":\"https:\/\/www.mein-tagwerk.de\/tagwerk\/aenderung-der-mehrwertsteuer\/\",\"name\":\"\u00c4nderung der Mehrwertsteuer | meintagwerk\",\"isPartOf\":{\"@id\":\"https:\/\/www.mein-tagwerk.de\/tagwerk\/#website\"},\"datePublished\":\"2020-09-14T13:20:30+00:00\",\"dateModified\":\"2020-10-13T16:16:49+00:00\",\"breadcrumb\":{\"@id\":\"https:\/\/www.mein-tagwerk.de\/tagwerk\/aenderung-der-mehrwertsteuer\/#breadcrumb\"},\"inLanguage\":\"de\",\"potentialAction\":[{\"@type\":\"ReadAction\",\"target\":[\"https:\/\/www.mein-tagwerk.de\/tagwerk\/aenderung-der-mehrwertsteuer\/\"]}]},{\"@type\":\"BreadcrumbList\",\"@id\":\"https:\/\/www.mein-tagwerk.de\/tagwerk\/aenderung-der-mehrwertsteuer\/#breadcrumb\",\"itemListElement\":[{\"@type\":\"ListItem\",\"position\":1,\"name\":\"Home\",\"item\":\"https:\/\/www.mein-tagwerk.de\/tagwerk\/\"},{\"@type\":\"ListItem\",\"position\":2,\"name\":\"\u00c4nderung der Mehrwertsteuer\"}]},{\"@type\":\"WebSite\",\"@id\":\"https:\/\/www.mein-tagwerk.de\/tagwerk\/#website\",\"url\":\"https:\/\/www.mein-tagwerk.de\/tagwerk\/\",\"name\":\"meintagwerk\",\"description\":\"Online Buchhaltung f\u00fcr Freiberufler, Freelancer und Selbst\u00e4ndige\",\"publisher\":{\"@id\":\"https:\/\/www.mein-tagwerk.de\/tagwerk\/#organization\"},\"potentialAction\":[{\"@type\":\"SearchAction\",\"target\":{\"@type\":\"EntryPoint\",\"urlTemplate\":\"https:\/\/www.mein-tagwerk.de\/tagwerk\/?s={search_term_string}\"},\"query-input\":\"required name=search_term_string\"}],\"inLanguage\":\"de\"},{\"@type\":\"Organization\",\"@id\":\"https:\/\/www.mein-tagwerk.de\/tagwerk\/#organization\",\"name\":\"tagwerk\",\"url\":\"https:\/\/www.mein-tagwerk.de\/tagwerk\/\",\"logo\":{\"@type\":\"ImageObject\",\"inLanguage\":\"de\",\"@id\":\"https:\/\/www.mein-tagwerk.de\/tagwerk\/#\/schema\/logo\/image\/\",\"url\":\"https:\/\/www.mein-tagwerk.de\/tagwerk\/wp-content\/uploads\/2013\/08\/130611_logo-tagwerk-corporate.png\",\"contentUrl\":\"https:\/\/www.mein-tagwerk.de\/tagwerk\/wp-content\/uploads\/2013\/08\/130611_logo-tagwerk-corporate.png\",\"width\":328,\"height\":140,\"caption\":\"tagwerk\"},\"image\":{\"@id\":\"https:\/\/www.mein-tagwerk.de\/tagwerk\/#\/schema\/logo\/image\/\"}},{\"@type\":\"Person\",\"@id\":\"https:\/\/www.mein-tagwerk.de\/tagwerk\/#\/schema\/person\/00050f870e9c9b60d4f756d870bf236d\",\"name\":\"Petra Schuster\",\"image\":{\"@type\":\"ImageObject\",\"inLanguage\":\"de\",\"@id\":\"https:\/\/www.mein-tagwerk.de\/tagwerk\/#\/schema\/person\/image\/\",\"url\":\"https:\/\/www.mein-tagwerk.de\/tagwerk\/wp-content\/uploads\/2019\/05\/Image-meSW-96x96.jpg\",\"contentUrl\":\"https:\/\/www.mein-tagwerk.de\/tagwerk\/wp-content\/uploads\/2019\/05\/Image-meSW-96x96.jpg\",\"caption\":\"Petra Schuster\"},\"url\":\"https:\/\/www.mein-tagwerk.de\/tagwerk\/author\/petra\/\"}]}<\/script>\n<!-- \/ Yoast SEO plugin. -->","yoast_head_json":{"title":"\u00c4nderung der Mehrwertsteuer | meintagwerk","robots":{"index":"index","follow":"follow","max-snippet":"max-snippet:-1","max-image-preview":"max-image-preview:large","max-video-preview":"max-video-preview:-1"},"canonical":"https:\/\/www.mein-tagwerk.de\/tagwerk\/aenderung-der-mehrwertsteuer\/","og_locale":"de_DE","og_type":"article","og_title":"\u00c4nderung der Mehrwertsteuer | meintagwerk","og_description":"\u00c4nderung der Mehrwertsteuer technisch betrachtet Wie in unserem Newsletter schon angek\u00fcndigt erkl\u00e4ren wir euch hier was zur vor\u00fcbergehenden Mehrwertsteuer Umstellung. Sehr kompliziert ist es nicht, nur die technischen Umsetzung ist etwas tricky. Zum Gl\u00fcck haben wir daf\u00fcr unseren Maschinisten Georg, er hat alles im Griff! &nbsp; Im Jahr 2007 wurde das letzte Mal die Umsatzsteuer [&hellip","og_url":"https:\/\/www.mein-tagwerk.de\/tagwerk\/aenderung-der-mehrwertsteuer\/","og_site_name":"meintagwerk","article_published_time":"2020-09-14T13:20:30+00:00","article_modified_time":"2020-10-13T16:16:49+00:00","og_image":[{"width":1748,"height":715,"url":"https:\/\/www.mein-tagwerk.de\/tagwerk\/wp-content\/uploads\/2020\/09\/08.12.19-PostkarteBeitragsbild.jpg","type":"image\/jpeg"}],"author":"Petra Schuster","twitter_card":"summary_large_image","twitter_misc":{"Verfasst von":"Petra Schuster","Gesch\u00e4tzte Lesezeit":"2\u00a0Minuten"},"schema":{"@context":"https:\/\/schema.org","@graph":[{"@type":"Article","@id":"https:\/\/www.mein-tagwerk.de\/tagwerk\/aenderung-der-mehrwertsteuer\/#article","isPartOf":{"@id":"https:\/\/www.mein-tagwerk.de\/tagwerk\/aenderung-der-mehrwertsteuer\/"},"author":{"name":"Petra Schuster","@id":"https:\/\/www.mein-tagwerk.de\/tagwerk\/#\/schema\/person\/00050f870e9c9b60d4f756d870bf236d"},"headline":"\u00c4nderung der Mehrwertsteuer","datePublished":"2020-09-14T13:20:30+00:00","dateModified":"2020-10-13T16:16:49+00:00","mainEntityOfPage":{"@id":"https:\/\/www.mein-tagwerk.de\/tagwerk\/aenderung-der-mehrwertsteuer\/"},"wordCount":432,"commentCount":0,"publisher":{"@id":"https:\/\/www.mein-tagwerk.de\/tagwerk\/#organization"},"keywords":["16%","5%","9 Beitr\u00e4ge","Alltag","Beratung","Buchhaltung","Buchhaltungssoftware","Buchhaltungstipps","B\u00fcro","Coach","Freelancer","Freiberufler","Gr\u00fcnder","Gr\u00fcndung","Hamburg","Hilfe","Ideen","Kleinunternehmer","Kommunikationsmedien","Mehrwertsteuer","Mehrwertsteuersenkung","Mehrwertsteuerumstellung","mein tagwerk","meintagwerk","Mwst","Online Buchhaltung","Planung","rechnungstellung","Reisekosten","Selbst\u00e4ndigkeit","Selbstst\u00e4ndig arbeiten","Senkung der Mwst","Software","tagwerk","Tagwerker","Tr\u00e4umereien","Umstellung","Wirtschaft","Zeiterfassung"],"articleSection":["3 tagwerktipps","4 tagwerkteam","belegjunkie"],"inLanguage":"de","potentialAction":[{"@type":"CommentAction","name":"Comment","target":["https:\/\/www.mein-tagwerk.de\/tagwerk\/aenderung-der-mehrwertsteuer\/#respond"]}]},{"@type":"WebPage","@id":"https:\/\/www.mein-tagwerk.de\/tagwerk\/aenderung-der-mehrwertsteuer\/","url":"https:\/\/www.mein-tagwerk.de\/tagwerk\/aenderung-der-mehrwertsteuer\/","name":"\u00c4nderung der Mehrwertsteuer | meintagwerk","isPartOf":{"@id":"https:\/\/www.mein-tagwerk.de\/tagwerk\/#website"},"datePublished":"2020-09-14T13:20:30+00:00","dateModified":"2020-10-13T16:16:49+00:00","breadcrumb":{"@id":"https:\/\/www.mein-tagwerk.de\/tagwerk\/aenderung-der-mehrwertsteuer\/#breadcrumb"},"inLanguage":"de","potentialAction":[{"@type":"ReadAction","target":["https:\/\/www.mein-tagwerk.de\/tagwerk\/aenderung-der-mehrwertsteuer\/"]}]},{"@type":"BreadcrumbList","@id":"https:\/\/www.mein-tagwerk.de\/tagwerk\/aenderung-der-mehrwertsteuer\/#breadcrumb","itemListElement":[{"@type":"ListItem","position":1,"name":"Home","item":"https:\/\/www.mein-tagwerk.de\/tagwerk\/"},{"@type":"ListItem","position":2,"name":"\u00c4nderung der Mehrwertsteuer"}]},{"@type":"WebSite","@id":"https:\/\/www.mein-tagwerk.de\/tagwerk\/#website","url":"https:\/\/www.mein-tagwerk.de\/tagwerk\/","name":"meintagwerk","description":"Online Buchhaltung f\u00fcr Freiberufler, Freelancer und Selbst\u00e4ndige","publisher":{"@id":"https:\/\/www.mein-tagwerk.de\/tagwerk\/#organization"},"potentialAction":[{"@type":"SearchAction","target":{"@type":"EntryPoint","urlTemplate":"https:\/\/www.mein-tagwerk.de\/tagwerk\/?s={search_term_string}"},"query-input":"required name=search_term_string"}],"inLanguage":"de"},{"@type":"Organization","@id":"https:\/\/www.mein-tagwerk.de\/tagwerk\/#organization","name":"tagwerk","url":"https:\/\/www.mein-tagwerk.de\/tagwerk\/","logo":{"@type":"ImageObject","inLanguage":"de","@id":"https:\/\/www.mein-tagwerk.de\/tagwerk\/#\/schema\/logo\/image\/","url":"https:\/\/www.mein-tagwerk.de\/tagwerk\/wp-content\/uploads\/2013\/08\/130611_logo-tagwerk-corporate.png","contentUrl":"https:\/\/www.mein-tagwerk.de\/tagwerk\/wp-content\/uploads\/2013\/08\/130611_logo-tagwerk-corporate.png","width":328,"height":140,"caption":"tagwerk"},"image":{"@id":"https:\/\/www.mein-tagwerk.de\/tagwerk\/#\/schema\/logo\/image\/"}},{"@type":"Person","@id":"https:\/\/www.mein-tagwerk.de\/tagwerk\/#\/schema\/person\/00050f870e9c9b60d4f756d870bf236d","name":"Petra Schuster","image":{"@type":"ImageObject","inLanguage":"de","@id":"https:\/\/www.mein-tagwerk.de\/tagwerk\/#\/schema\/person\/image\/","url":"https:\/\/www.mein-tagwerk.de\/tagwerk\/wp-content\/uploads\/2019\/05\/Image-meSW-96x96.jpg","contentUrl":"https:\/\/www.mein-tagwerk.de\/tagwerk\/wp-content\/uploads\/2019\/05\/Image-meSW-96x96.jpg","caption":"Petra Schuster"},"url":"https:\/\/www.mein-tagwerk.de\/tagwerk\/author\/petra\/"}]}},"_links":{"self":[{"href":"https:\/\/www.mein-tagwerk.de\/tagwerk\/wp-json\/wp\/v2\/posts\/5063"}],"collection":[{"href":"https:\/\/www.mein-tagwerk.de\/tagwerk\/wp-json\/wp\/v2\/posts"}],"about":[{"href":"https:\/\/www.mein-tagwerk.de\/tagwerk\/wp-json\/wp\/v2\/types\/post"}],"author":[{"embeddable":true,"href":"https:\/\/www.mein-tagwerk.de\/tagwerk\/wp-json\/wp\/v2\/users\/7"}],"replies":[{"embeddable":true,"href":"https:\/\/www.mein-tagwerk.de\/tagwerk\/wp-json\/wp\/v2\/comments?post=5063"}],"version-history":[{"count":11,"href":"https:\/\/www.mein-tagwerk.de\/tagwerk\/wp-json\/wp\/v2\/posts\/5063\/revisions"}],"predecessor-version":[{"id":5098,"href":"https:\/\/www.mein-tagwerk.de\/tagwerk\/wp-json\/wp\/v2\/posts\/5063\/revisions\/5098"}],"wp:featuredmedia":[{"embeddable":true,"href":"https:\/\/www.mein-tagwerk.de\/tagwerk\/wp-json\/wp\/v2\/media\/5069"}],"wp:attachment":[{"href":"https:\/\/www.mein-tagwerk.de\/tagwerk\/wp-json\/wp\/v2\/media?parent=5063"}],"wp:term":[{"taxonomy":"category","embeddable":true,"href":"https:\/\/www.mein-tagwerk.de\/tagwerk\/wp-json\/wp\/v2\/categories?post=5063"},{"taxonomy":"post_tag","embeddable":true,"href":"https:\/\/www.mein-tagwerk.de\/tagwerk\/wp-json\/wp\/v2\/tags?post=5063"}],"curies":[{"name":"wp","href":"https:\/\/api.w.org\/{rel}","templated":true}]}}