{"id":5103,"date":"2020-12-03T11:37:38","date_gmt":"2020-12-03T10:37:38","guid":{"rendered":"https:\/\/www.mein-tagwerk.de\/tagwerk\/?p=5103"},"modified":"2020-12-09T23:28:42","modified_gmt":"2020-12-09T22:28:42","slug":"corona-krise-mit-liv-bergen","status":"publish","type":"post","link":"https:\/\/www.mein-tagwerk.de\/tagwerk\/corona-krise-mit-liv-bergen\/","title":{"rendered":"Corona Krise mit Liv Bergen"},"content":{"rendered":"<h2><strong>Selbst\u00e4ndigkeit in der Corona Krise<\/strong><\/h2>\n<h4>Wir m\u00f6chten gar nicht so tragisch beginnen, doch leider befinden wir uns immer noch in der Corona Krise. Bis Weihnachten sollen wir wieder unsere Kontakte einschr\u00e4nken und so viel wie m\u00f6glich zu Hause bleiben. Eine Situation die f\u00fcr viele Menschen sehr schwer ist und man dabei gerne mal die Hoffnung verliert.<\/h4>\n<p>Aus diesem Grund haben wir uns weiter bei Selbst\u00e4ndigen und Kleinunternehmer umgeh\u00f6rt. Sie haben uns von ihren sehr positivern Erlebnissen in dieser Krise erz\u00e4hlt. Sie machen uns Mut und Hoffnung! Das m\u00f6chten wir gerne weitergeben.<\/p>\n<h4>Heute in unserem Beitrag ein Interview mit Sybille Mezger. Sie ist Mode-Designerin und hat ihr eigenes\u00a0 Label <a href=\"https:\/\/livbergen.de\" target=\"_blank\" rel=\"noopener noreferrer\">LIV BERGEN<\/a> gegr\u00fcndet.<\/h4>\n<p><a href=\"https:\/\/livbergen.de\" target=\"_blank\" rel=\"noopener noreferrer\"><img loading=\"lazy\" decoding=\"async\" class=\"alignnone wp-image-5105\" src=\"https:\/\/www.mein-tagwerk.de\/tagwerk\/wp-content\/uploads\/2020\/12\/Portrait_Sybille-Beitrag-1024x682.jpg\" rel='prettyPhoto' alt=\"Alltag, Alltagsmasken, Beratung, Buchhaltung, Buchhaltungssoftware, Buchhaltungstipps, B\u00fcro, Casual, Coach, Corona, Corona Hilfe, Covid19, design, Designed in Germany, Deutschland, Energieversorgung, Fair Fashion, Fashion, Freelancer, Freiberufler, Gr\u00fcnder, Gr\u00fcndung, Hamburg, Hilfe, Ideen, Innovation, Journalist, Kleinunternehmer, Klimawandel, Kollektion, Kommunikationsmedien, Kurzarbeitergeld, Liv Bergen, made in Germany, Masken, Mehrwertsteuer, Mehrwertsteuersenkung, Mehrwertsteuerumstellung, mein tagwerk, meintagwerk, Mode, Mwst, Online Buchhaltung, Planung, Portugal, rechnungstellung, Reisekosten, Selbst\u00e4ndigkeit, Selbstst\u00e4ndig arbeiten, Senkung der Mwst, Software, Stuttgart, Umwelt, Zeiterfassung\" width=\"650\" height=\"433\" srcset=\"https:\/\/www.mein-tagwerk.de\/tagwerk\/wp-content\/uploads\/2020\/12\/Portrait_Sybille-Beitrag-1024x682.jpg 1024w, https:\/\/www.mein-tagwerk.de\/tagwerk\/wp-content\/uploads\/2020\/12\/Portrait_Sybille-Beitrag-300x200.jpg 300w, https:\/\/www.mein-tagwerk.de\/tagwerk\/wp-content\/uploads\/2020\/12\/Portrait_Sybille-Beitrag-768x512.jpg 768w, https:\/\/www.mein-tagwerk.de\/tagwerk\/wp-content\/uploads\/2020\/12\/Portrait_Sybille-Beitrag-622x415.jpg 622w, https:\/\/www.mein-tagwerk.de\/tagwerk\/wp-content\/uploads\/2020\/12\/Portrait_Sybille-Beitrag.jpg 1280w\" sizes=\"(max-width: 650px) 100vw, 650px\" \/><\/a><\/p>\n<p>&nbsp;<\/p>\n<h3>Zuerst: Bitte stell dich kurz vor.<\/h3>\n<p>Mein Name ist Sybille Mezger und ich bin die Gr\u00fcnderin und Inhaberin des Modelabels LIV BERGEN.<\/p>\n<h3 align=\"LEFT\"><span lang=\"de-DE\">Was machst du beruflich?<br \/>\n<\/span><\/h3>\n<p><a href=\"https:\/\/liv-bergen.myshopify.com\/collections\/fw-20\" target=\"_blank\" rel=\"noopener noreferrer\">LIV BERGEN<\/a> bietet coole Casual Wear f\u00fcr Frauen an. Es gibt eine Sommer- und Winterkollektion, welche jeweils haupts\u00e4chlich aus Sweaties und T-Shirts besteht. Jede Kollektion umfasst etwa 40-50 Teile. Wir lassen alles in Portugal herstellen. Das Kernst\u00fcck meines Jobs ist das Design, aber letzten Endes sind 70% des Daily doings Managementt\u00e4tigkeiten! Wobei das auch Spass machen kann \ud83d\ude09<\/p>\n<p><a href=\"https:\/\/liv-bergen.myshopify.com\/collections\/fw-20\" target=\"_blank\" rel=\"noopener noreferrer\"><img loading=\"lazy\" decoding=\"async\" class=\"alignnone wp-image-5106\" src=\"https:\/\/www.mein-tagwerk.de\/tagwerk\/wp-content\/uploads\/2020\/12\/BeitragIMG_9577-1.jpg\" rel='prettyPhoto' alt=\"Alltag, Alltagsmasken, Beratung, Buchhaltung, Buchhaltungssoftware, Buchhaltungstipps, B\u00fcro, Casual, Coach, Corona, Corona Hilfe, Covid19, design, Designed in Germany, Deutschland, Energieversorgung, Fair Fashion, Fashion, Freelancer, Freiberufler, Gr\u00fcnder, Gr\u00fcndung, Hamburg, Hilfe, Ideen, Innovation, Journalist, Kleinunternehmer, Klimawandel, Kollektion, Kommunikationsmedien, Kurzarbeitergeld, Liv Bergen, made in Germany, Masken, Mehrwertsteuer, Mehrwertsteuersenkung, Mehrwertsteuerumstellung, mein tagwerk, meintagwerk, Mode, Mwst, Online Buchhaltung, Planung, Portugal, rechnungstellung, Reisekosten, Selbst\u00e4ndigkeit, Selbstst\u00e4ndig arbeiten, Senkung der Mwst, Software, Stuttgart, Umwelt, Zeiterfassung\" width=\"650\" height=\"650\" srcset=\"https:\/\/www.mein-tagwerk.de\/tagwerk\/wp-content\/uploads\/2020\/12\/BeitragIMG_9577-1.jpg 960w, https:\/\/www.mein-tagwerk.de\/tagwerk\/wp-content\/uploads\/2020\/12\/BeitragIMG_9577-1-300x300.jpg 300w, https:\/\/www.mein-tagwerk.de\/tagwerk\/wp-content\/uploads\/2020\/12\/BeitragIMG_9577-1-150x150.jpg 150w, https:\/\/www.mein-tagwerk.de\/tagwerk\/wp-content\/uploads\/2020\/12\/BeitragIMG_9577-1-768x768.jpg 768w, https:\/\/www.mein-tagwerk.de\/tagwerk\/wp-content\/uploads\/2020\/12\/BeitragIMG_9577-1-622x622.jpg 622w\" sizes=\"(max-width: 650px) 100vw, 650px\" \/><\/a><\/p>\n<h3>Wie bist du zu diesem Beruf gekommen und warum hast du diesen Weg gew\u00e4hlt?<\/h3>\n<p>ich habe mich schon immer f\u00fcr Mode begeistert. Und bin einfach meiner Leidenschaft nachgegangen\u2026<br \/>\nZudem war mein oberstes Ziel schon immer die eigene Selbstst\u00e4ndigkeit bzw. Unabh\u00e4ngigkeit. Es geht mir nicht um Selbstverwirklichung, sondern vielmehr darum, dass ich mein eigener Chef sein will.<\/p>\n<h3 align=\"LEFT\">Wie gehst du mit dieser Krisensituation um? Konntet ihr die Corona Hilfe beantragen?<\/h3>\n<p>Wir hatten sowohl Corona-Hilfe als auch Kurzarbeitergeld im M\u00e4rz beantragt.<\/p>\n<p>Ganz spontan haben wir w\u00e4hrend des Lock downs im Fr\u00fchjahr funny Take Care Mund-Nasen-Masken \u00fcber unseren Produzenten herstellen lassen, wodurch wir w\u00e4hrend der Krise sogar neue M\u00e4rkte erschlie\u00dfen konnten. D.h. die Masken liefen so gut, was wir so nicht erwartet hatten !<br \/>\nWir hatten allerhand zu tun und haben zun\u00e4chst den Versand der Masken selbst aus unserem B\u00fcro bewerkstelligt (also damit nicht unser Lager beauftragt, wie wir es ansonsten mit unsere Kollektion tun) und konnten somit die Kurzarbeit nach 3Wochen wieder einstellen.<\/p>\n<p>Wider Erwarten nahm nach dem Lockdown dann auch unsere Casual Wear sowohl online als auch \u00fcber unsere B2B- H\u00e4ndler wieder Fahrt auf.<br \/>\nUnd die Vororder f\u00fcr Sommer 2021 lief dann ebenfalls unerwartet positiv, da Casual- und Lounge Wear sozusagen das \u201eNeed\u201c in Corona Times sind. Wir hatten also Gl\u00fcck im Ungl\u00fcck und werden mit einem Plus das Jahr abschliessen k\u00f6nnen.<\/p>\n<h3><a href=\"https:\/\/livbergen.de\" target=\"_blank\" rel=\"noopener noreferrer\"><img loading=\"lazy\" decoding=\"async\" class=\"alignnone wp-image-5108\" src=\"https:\/\/www.mein-tagwerk.de\/tagwerk\/wp-content\/uploads\/2020\/12\/Beitrag-Liv_Bergen_21.04.20_0111.jpg\" rel='prettyPhoto' alt=\"Alltag, Alltagsmasken, Beratung, Buchhaltung, Buchhaltungssoftware, Buchhaltungstipps, B\u00fcro, Casual, Coach, Corona, Corona Hilfe, Covid19, design, Designed in Germany, Deutschland, Energieversorgung, Fair Fashion, Fashion, Freelancer, Freiberufler, Gr\u00fcnder, Gr\u00fcndung, Hamburg, Hilfe, Ideen, Innovation, Journalist, Kleinunternehmer, Klimawandel, Kollektion, Kommunikationsmedien, Kurzarbeitergeld, Liv Bergen, made in Germany, Masken, Mehrwertsteuer, Mehrwertsteuersenkung, Mehrwertsteuerumstellung, mein tagwerk, meintagwerk, Mode, Mwst, Online Buchhaltung, Planung, Portugal, rechnungstellung, Reisekosten, Selbst\u00e4ndigkeit, Selbstst\u00e4ndig arbeiten, Senkung der Mwst, Software, Stuttgart, Umwelt, Zeiterfassung\" width=\"650\" height=\"729\" srcset=\"https:\/\/www.mein-tagwerk.de\/tagwerk\/wp-content\/uploads\/2020\/12\/Beitrag-Liv_Bergen_21.04.20_0111.jpg 720w, https:\/\/www.mein-tagwerk.de\/tagwerk\/wp-content\/uploads\/2020\/12\/Beitrag-Liv_Bergen_21.04.20_0111-268x300.jpg 268w, https:\/\/www.mein-tagwerk.de\/tagwerk\/wp-content\/uploads\/2020\/12\/Beitrag-Liv_Bergen_21.04.20_0111-622x697.jpg 622w\" sizes=\"(max-width: 650px) 100vw, 650px\" \/><\/a><\/h3>\n<h3>Hat sich deine Arbeitsweise ver\u00e4ndert?<\/h3>\n<p>Da ich selbst viel mit Skizzen, Farben, Stoffen und Prototypen arbeite muss ich dies bei uns im B\u00fcro \/ Atelier tun und kann nicht nur im Homeoffice am Computer arbeiten. F\u00fcr mich selbst hat sich also nicht viel ge\u00e4ndert. Jedoch bin ich seit Februar nicht mehr zum Produzenten geflogen bzw. auf irgendwelchen Messen gewesen. Mit dem Produzenten erarbeite ich alles am Telefon und wir schicken alles hin und her mit TNT oder UPS.<\/p>\n<p>Meine Mitarbeiter sind jedoch nun \u00f6fter mal im Homeoffice. Allerdings kommen sie auch gerne ins B\u00fcro- Homeoffice ist auch nicht f\u00fcr jedermann was :).<br \/>\nIch selbst bin auch lieber unter Leuten\u2026<\/p>\n<h3>Hast du hilfreiche Tipps f\u00fcr uns und unsere Leser?<\/h3>\n<div class=\"\"><span class=\"\">Bleib Dir treu, glaub an Dich und k\u00e4mpfe f\u00fcr was Du brennst!<\/span><\/div>\n<h3>Zu guter Letzt was w\u00fcnschst du dir wenn die Krise vorbei ist?<\/h3>\n<p align=\"LEFT\"><span lang=\"de-DE\">Ich freue mich, wenn wir alle mal wieder ausgelassen feiern k\u00f6nnen und keine Vorsicht mehr walten lassen m\u00fcssen :))))))<\/span><\/p>\n<p>Vielen Dank f\u00fcr das Gespr\u00e4ch und deine Zeit!<\/p>\n<p>&nbsp;<\/p>\n<p>Kontakt:<\/p>\n<p><strong>liv bergen<\/strong><\/p>\n<p>Traubenstra\u00dfe 55a<br \/>\n70176 Stuttgart<\/p>\n<p>Tel: + 49 (0) 711 255 18 322<br \/>\nFax: + 49 (0) 711 255 18 323<br \/>\n<a href=\"mailto:mail@livbergen.de\">mail@livbergen.de<\/a><br \/>\n<a href=\"https:\/\/livbergen.de\/kontakt\/\" target=\"_blank\" rel=\"noopener noreferrer\">www.livbergen.de<\/a><\/p>\n<p>&nbsp;<\/p>\n<p><a href=\"https:\/\/www.instagram.com\/livbergenofficial\/\" target=\"_blank\" rel=\"noopener noreferrer\"> \u00a0 <\/a><a href=\"https:\/\/www.instagram.com\/livbergenofficial\/\" target=\"_blank\" rel=\"noopener noreferrer\"><img loading=\"lazy\" decoding=\"async\" class=\"alignnone wp-image-4833\" src=\"https:\/\/www.mein-tagwerk.de\/tagwerk\/wp-content\/uploads\/2020\/02\/Istagram-Icon.jpg\" rel='prettyPhoto' alt=\"Alltag, Alltagsmasken, Beratung, Buchhaltung, Buchhaltungssoftware, Buchhaltungstipps, B\u00fcro, Casual, Coach, Corona, Corona Hilfe, Covid19, design, Designed in Germany, Deutschland, Energieversorgung, Fair Fashion, Fashion, Freelancer, Freiberufler, Gr\u00fcnder, Gr\u00fcndung, Hamburg, Hilfe, Ideen, Innovation, Journalist, Kleinunternehmer, Klimawandel, Kollektion, Kommunikationsmedien, Kurzarbeitergeld, Liv Bergen, made in Germany, Masken, Mehrwertsteuer, Mehrwertsteuersenkung, Mehrwertsteuerumstellung, mein tagwerk, meintagwerk, Mode, Mwst, Online Buchhaltung, Planung, Portugal, rechnungstellung, Reisekosten, Selbst\u00e4ndigkeit, Selbstst\u00e4ndig arbeiten, Senkung der Mwst, Software, Stuttgart, Umwelt, Zeiterfassung\" width=\"50\" height=\"51\" srcset=\"https:\/\/www.mein-tagwerk.de\/tagwerk\/wp-content\/uploads\/2020\/02\/Istagram-Icon.jpg 454w, https:\/\/www.mein-tagwerk.de\/tagwerk\/wp-content\/uploads\/2020\/02\/Istagram-Icon-295x300.jpg 295w, https:\/\/www.mein-tagwerk.de\/tagwerk\/wp-content\/uploads\/2020\/02\/Istagram-Icon-150x150.jpg 150w\" sizes=\"(max-width: 50px) 100vw, 50px\" \/><\/a><a href=\"https:\/\/www.facebook.com\/livbergenofficial\" target=\"_blank\" rel=\"noopener noreferrer\"><img loading=\"lazy\" decoding=\"async\" class=\"alignnone wp-image-4832\" src=\"https:\/\/www.mein-tagwerk.de\/tagwerk\/wp-content\/uploads\/2020\/02\/FB-Icon.jpg\" rel='prettyPhoto' alt=\"Alltag, Alltagsmasken, Beratung, Buchhaltung, Buchhaltungssoftware, Buchhaltungstipps, B\u00fcro, Casual, Coach, Corona, Corona Hilfe, Covid19, design, Designed in Germany, Deutschland, Energieversorgung, Fair Fashion, Fashion, Freelancer, Freiberufler, Gr\u00fcnder, Gr\u00fcndung, Hamburg, Hilfe, Ideen, Innovation, Journalist, Kleinunternehmer, Klimawandel, Kollektion, Kommunikationsmedien, Kurzarbeitergeld, Liv Bergen, made in Germany, Masken, Mehrwertsteuer, Mehrwertsteuersenkung, Mehrwertsteuerumstellung, mein tagwerk, meintagwerk, Mode, Mwst, Online Buchhaltung, Planung, Portugal, rechnungstellung, Reisekosten, Selbst\u00e4ndigkeit, Selbstst\u00e4ndig arbeiten, Senkung der Mwst, Software, Stuttgart, Umwelt, Zeiterfassung\" width=\"50\" height=\"50\" srcset=\"https:\/\/www.mein-tagwerk.de\/tagwerk\/wp-content\/uploads\/2020\/02\/FB-Icon.jpg 454w, https:\/\/www.mein-tagwerk.de\/tagwerk\/wp-content\/uploads\/2020\/02\/FB-Icon-300x300.jpg 300w, https:\/\/www.mein-tagwerk.de\/tagwerk\/wp-content\/uploads\/2020\/02\/FB-Icon-150x150.jpg 150w\" sizes=\"(max-width: 50px) 100vw, 50px\" \/><\/a><\/p>\n","protected":false},"excerpt":{"rendered":"<p>Selbst\u00e4ndigkeit in der Corona Krise Wir m\u00f6chten gar nicht so tragisch beginnen, doch leider befinden wir uns immer noch in der Corona Krise. Bis Weihnachten sollen wir wieder unsere Kontakte einschr\u00e4nken und so viel wie m\u00f6glich zu Hause bleiben. Eine Situation die f\u00fcr viele Menschen sehr schwer ist und man dabei gerne mal die Hoffnung [&#038;hellip<\/p>\n","protected":false},"author":7,"featured_media":5105,"comment_status":"open","ping_status":"open","sticky":false,"template":"","format":"standard","meta":{"footnotes":""},"categories":[4,5,10,11],"tags":[31,566,64,82,84,85,89,563,99,478,481,567,112,575,573,549,574,565,162,164,189,194,196,204,213,546,548,234,550,571,467,570,561,569,564,537,538,541,270,272,562,543,293,303,572,326,329,342,345,542,353,568,547,445],"yoast_head":"<!-- This site is optimized with the Yoast SEO plugin v20.4 - https:\/\/yoast.com\/wordpress\/plugins\/seo\/ -->\n<title>Corona Krise mit Liv Bergen | meintagwerk<\/title>\n<meta name=\"robots\" content=\"index, follow, max-snippet:-1, max-image-preview:large, max-video-preview:-1\" \/>\n<link rel=\"canonical\" href=\"https:\/\/www.mein-tagwerk.de\/tagwerk\/corona-krise-mit-liv-bergen\/\" \/>\n<meta property=\"og:locale\" content=\"de_DE\" \/>\n<meta property=\"og:type\" content=\"article\" \/>\n<meta property=\"og:title\" content=\"Corona Krise mit Liv Bergen | meintagwerk\" \/>\n<meta property=\"og:description\" content=\"Selbst\u00e4ndigkeit in der Corona Krise Wir m\u00f6chten gar nicht so tragisch beginnen, doch leider befinden wir uns immer noch in der Corona Krise. Bis Weihnachten sollen wir wieder unsere Kontakte einschr\u00e4nken und so viel wie m\u00f6glich zu Hause bleiben. Eine Situation die f\u00fcr viele Menschen sehr schwer ist und man dabei gerne mal die Hoffnung [&amp;hellip\" \/>\n<meta property=\"og:url\" content=\"https:\/\/www.mein-tagwerk.de\/tagwerk\/corona-krise-mit-liv-bergen\/\" \/>\n<meta property=\"og:site_name\" content=\"meintagwerk\" \/>\n<meta property=\"article:published_time\" content=\"2020-12-03T10:37:38+00:00\" \/>\n<meta property=\"article:modified_time\" content=\"2020-12-09T22:28:42+00:00\" \/>\n<meta property=\"og:image\" content=\"https:\/\/www.mein-tagwerk.de\/tagwerk\/wp-content\/uploads\/2020\/12\/Portrait_Sybille-Beitrag.jpg\" \/>\n\t<meta property=\"og:image:width\" content=\"1280\" \/>\n\t<meta property=\"og:image:height\" content=\"853\" \/>\n\t<meta property=\"og:image:type\" content=\"image\/jpeg\" \/>\n<meta name=\"author\" content=\"Petra Schuster\" \/>\n<meta name=\"twitter:card\" content=\"summary_large_image\" \/>\n<meta name=\"twitter:label1\" content=\"Verfasst von\" \/>\n\t<meta name=\"twitter:data1\" content=\"Petra Schuster\" \/>\n\t<meta name=\"twitter:label2\" content=\"Gesch\u00e4tzte Lesezeit\" \/>\n\t<meta name=\"twitter:data2\" content=\"3\u00a0Minuten\" \/>\n<script type=\"application\/ld+json\" class=\"yoast-schema-graph\">{\"@context\":\"https:\/\/schema.org\",\"@graph\":[{\"@type\":\"Article\",\"@id\":\"https:\/\/www.mein-tagwerk.de\/tagwerk\/corona-krise-mit-liv-bergen\/#article\",\"isPartOf\":{\"@id\":\"https:\/\/www.mein-tagwerk.de\/tagwerk\/corona-krise-mit-liv-bergen\/\"},\"author\":{\"name\":\"Petra Schuster\",\"@id\":\"https:\/\/www.mein-tagwerk.de\/tagwerk\/#\/schema\/person\/00050f870e9c9b60d4f756d870bf236d\"},\"headline\":\"Corona Krise mit Liv Bergen\",\"datePublished\":\"2020-12-03T10:37:38+00:00\",\"dateModified\":\"2020-12-09T22:28:42+00:00\",\"mainEntityOfPage\":{\"@id\":\"https:\/\/www.mein-tagwerk.de\/tagwerk\/corona-krise-mit-liv-bergen\/\"},\"wordCount\":649,\"commentCount\":0,\"publisher\":{\"@id\":\"https:\/\/www.mein-tagwerk.de\/tagwerk\/#organization\"},\"keywords\":[\"Alltag\",\"Alltagsmasken\",\"Beratung\",\"Buchhaltung\",\"Buchhaltungssoftware\",\"Buchhaltungstipps\",\"B\u00fcro\",\"Casual\",\"Coach\",\"Corona\",\"Corona Hilfe\",\"Covid19\",\"design\",\"Designed in Germany\",\"Deutschland\",\"Energieversorgung\",\"Fair Fashion\",\"Fashion\",\"Freelancer\",\"Freiberufler\",\"Gr\u00fcnder\",\"Gr\u00fcndung\",\"Hamburg\",\"Hilfe\",\"Ideen\",\"Innovation\",\"Journalist\",\"Kleinunternehmer\",\"Klimawandel\",\"Kollektion\",\"Kommunikationsmedien\",\"Kurzarbeitergeld\",\"Liv Bergen\",\"made in Germany\",\"Masken\",\"Mehrwertsteuer\",\"Mehrwertsteuersenkung\",\"Mehrwertsteuerumstellung\",\"mein tagwerk\",\"meintagwerk\",\"Mode\",\"Mwst\",\"Online Buchhaltung\",\"Planung\",\"Portugal\",\"rechnungstellung\",\"Reisekosten\",\"Selbst\u00e4ndigkeit\",\"Selbstst\u00e4ndig arbeiten\",\"Senkung der Mwst\",\"Software\",\"Stuttgart\",\"Umwelt\",\"Zeiterfassung\"],\"articleSection\":[\"3 tagwerktipps\",\"4 tagwerkteam\",\"9 Beitr\u00e4ge, Ideen, Tr\u00e4umereien\",\"belegjunkie\"],\"inLanguage\":\"de\",\"potentialAction\":[{\"@type\":\"CommentAction\",\"name\":\"Comment\",\"target\":[\"https:\/\/www.mein-tagwerk.de\/tagwerk\/corona-krise-mit-liv-bergen\/#respond\"]}]},{\"@type\":\"WebPage\",\"@id\":\"https:\/\/www.mein-tagwerk.de\/tagwerk\/corona-krise-mit-liv-bergen\/\",\"url\":\"https:\/\/www.mein-tagwerk.de\/tagwerk\/corona-krise-mit-liv-bergen\/\",\"name\":\"Corona Krise mit Liv Bergen | meintagwerk\",\"isPartOf\":{\"@id\":\"https:\/\/www.mein-tagwerk.de\/tagwerk\/#website\"},\"datePublished\":\"2020-12-03T10:37:38+00:00\",\"dateModified\":\"2020-12-09T22:28:42+00:00\",\"breadcrumb\":{\"@id\":\"https:\/\/www.mein-tagwerk.de\/tagwerk\/corona-krise-mit-liv-bergen\/#breadcrumb\"},\"inLanguage\":\"de\",\"potentialAction\":[{\"@type\":\"ReadAction\",\"target\":[\"https:\/\/www.mein-tagwerk.de\/tagwerk\/corona-krise-mit-liv-bergen\/\"]}]},{\"@type\":\"BreadcrumbList\",\"@id\":\"https:\/\/www.mein-tagwerk.de\/tagwerk\/corona-krise-mit-liv-bergen\/#breadcrumb\",\"itemListElement\":[{\"@type\":\"ListItem\",\"position\":1,\"name\":\"Home\",\"item\":\"https:\/\/www.mein-tagwerk.de\/tagwerk\/\"},{\"@type\":\"ListItem\",\"position\":2,\"name\":\"Corona Krise mit Liv Bergen\"}]},{\"@type\":\"WebSite\",\"@id\":\"https:\/\/www.mein-tagwerk.de\/tagwerk\/#website\",\"url\":\"https:\/\/www.mein-tagwerk.de\/tagwerk\/\",\"name\":\"meintagwerk\",\"description\":\"Online Buchhaltung f\u00fcr Freiberufler, Freelancer und Selbst\u00e4ndige\",\"publisher\":{\"@id\":\"https:\/\/www.mein-tagwerk.de\/tagwerk\/#organization\"},\"potentialAction\":[{\"@type\":\"SearchAction\",\"target\":{\"@type\":\"EntryPoint\",\"urlTemplate\":\"https:\/\/www.mein-tagwerk.de\/tagwerk\/?s={search_term_string}\"},\"query-input\":\"required name=search_term_string\"}],\"inLanguage\":\"de\"},{\"@type\":\"Organization\",\"@id\":\"https:\/\/www.mein-tagwerk.de\/tagwerk\/#organization\",\"name\":\"tagwerk\",\"url\":\"https:\/\/www.mein-tagwerk.de\/tagwerk\/\",\"logo\":{\"@type\":\"ImageObject\",\"inLanguage\":\"de\",\"@id\":\"https:\/\/www.mein-tagwerk.de\/tagwerk\/#\/schema\/logo\/image\/\",\"url\":\"https:\/\/www.mein-tagwerk.de\/tagwerk\/wp-content\/uploads\/2013\/08\/130611_logo-tagwerk-corporate.png\",\"contentUrl\":\"https:\/\/www.mein-tagwerk.de\/tagwerk\/wp-content\/uploads\/2013\/08\/130611_logo-tagwerk-corporate.png\",\"width\":328,\"height\":140,\"caption\":\"tagwerk\"},\"image\":{\"@id\":\"https:\/\/www.mein-tagwerk.de\/tagwerk\/#\/schema\/logo\/image\/\"}},{\"@type\":\"Person\",\"@id\":\"https:\/\/www.mein-tagwerk.de\/tagwerk\/#\/schema\/person\/00050f870e9c9b60d4f756d870bf236d\",\"name\":\"Petra Schuster\",\"image\":{\"@type\":\"ImageObject\",\"inLanguage\":\"de\",\"@id\":\"https:\/\/www.mein-tagwerk.de\/tagwerk\/#\/schema\/person\/image\/\",\"url\":\"https:\/\/www.mein-tagwerk.de\/tagwerk\/wp-content\/uploads\/2019\/05\/Image-meSW-96x96.jpg\",\"contentUrl\":\"https:\/\/www.mein-tagwerk.de\/tagwerk\/wp-content\/uploads\/2019\/05\/Image-meSW-96x96.jpg\",\"caption\":\"Petra Schuster\"},\"url\":\"https:\/\/www.mein-tagwerk.de\/tagwerk\/author\/petra\/\"}]}<\/script>\n<!-- \/ Yoast SEO plugin. -->","yoast_head_json":{"title":"Corona Krise mit Liv Bergen | meintagwerk","robots":{"index":"index","follow":"follow","max-snippet":"max-snippet:-1","max-image-preview":"max-image-preview:large","max-video-preview":"max-video-preview:-1"},"canonical":"https:\/\/www.mein-tagwerk.de\/tagwerk\/corona-krise-mit-liv-bergen\/","og_locale":"de_DE","og_type":"article","og_title":"Corona Krise mit Liv Bergen | meintagwerk","og_description":"Selbst\u00e4ndigkeit in der Corona Krise Wir m\u00f6chten gar nicht so tragisch beginnen, doch leider befinden wir uns immer noch in der Corona Krise. Bis Weihnachten sollen wir wieder unsere Kontakte einschr\u00e4nken und so viel wie m\u00f6glich zu Hause bleiben. Eine Situation die f\u00fcr viele Menschen sehr schwer ist und man dabei gerne mal die Hoffnung [&hellip","og_url":"https:\/\/www.mein-tagwerk.de\/tagwerk\/corona-krise-mit-liv-bergen\/","og_site_name":"meintagwerk","article_published_time":"2020-12-03T10:37:38+00:00","article_modified_time":"2020-12-09T22:28:42+00:00","og_image":[{"width":1280,"height":853,"url":"https:\/\/www.mein-tagwerk.de\/tagwerk\/wp-content\/uploads\/2020\/12\/Portrait_Sybille-Beitrag.jpg","type":"image\/jpeg"}],"author":"Petra Schuster","twitter_card":"summary_large_image","twitter_misc":{"Verfasst von":"Petra Schuster","Gesch\u00e4tzte Lesezeit":"3\u00a0Minuten"},"schema":{"@context":"https:\/\/schema.org","@graph":[{"@type":"Article","@id":"https:\/\/www.mein-tagwerk.de\/tagwerk\/corona-krise-mit-liv-bergen\/#article","isPartOf":{"@id":"https:\/\/www.mein-tagwerk.de\/tagwerk\/corona-krise-mit-liv-bergen\/"},"author":{"name":"Petra Schuster","@id":"https:\/\/www.mein-tagwerk.de\/tagwerk\/#\/schema\/person\/00050f870e9c9b60d4f756d870bf236d"},"headline":"Corona Krise mit Liv Bergen","datePublished":"2020-12-03T10:37:38+00:00","dateModified":"2020-12-09T22:28:42+00:00","mainEntityOfPage":{"@id":"https:\/\/www.mein-tagwerk.de\/tagwerk\/corona-krise-mit-liv-bergen\/"},"wordCount":649,"commentCount":0,"publisher":{"@id":"https:\/\/www.mein-tagwerk.de\/tagwerk\/#organization"},"keywords":["Alltag","Alltagsmasken","Beratung","Buchhaltung","Buchhaltungssoftware","Buchhaltungstipps","B\u00fcro","Casual","Coach","Corona","Corona Hilfe","Covid19","design","Designed in Germany","Deutschland","Energieversorgung","Fair Fashion","Fashion","Freelancer","Freiberufler","Gr\u00fcnder","Gr\u00fcndung","Hamburg","Hilfe","Ideen","Innovation","Journalist","Kleinunternehmer","Klimawandel","Kollektion","Kommunikationsmedien","Kurzarbeitergeld","Liv Bergen","made in Germany","Masken","Mehrwertsteuer","Mehrwertsteuersenkung","Mehrwertsteuerumstellung","mein tagwerk","meintagwerk","Mode","Mwst","Online Buchhaltung","Planung","Portugal","rechnungstellung","Reisekosten","Selbst\u00e4ndigkeit","Selbstst\u00e4ndig arbeiten","Senkung der Mwst","Software","Stuttgart","Umwelt","Zeiterfassung"],"articleSection":["3 tagwerktipps","4 tagwerkteam","9 Beitr\u00e4ge, Ideen, Tr\u00e4umereien","belegjunkie"],"inLanguage":"de","potentialAction":[{"@type":"CommentAction","name":"Comment","target":["https:\/\/www.mein-tagwerk.de\/tagwerk\/corona-krise-mit-liv-bergen\/#respond"]}]},{"@type":"WebPage","@id":"https:\/\/www.mein-tagwerk.de\/tagwerk\/corona-krise-mit-liv-bergen\/","url":"https:\/\/www.mein-tagwerk.de\/tagwerk\/corona-krise-mit-liv-bergen\/","name":"Corona Krise mit Liv Bergen | meintagwerk","isPartOf":{"@id":"https:\/\/www.mein-tagwerk.de\/tagwerk\/#website"},"datePublished":"2020-12-03T10:37:38+00:00","dateModified":"2020-12-09T22:28:42+00:00","breadcrumb":{"@id":"https:\/\/www.mein-tagwerk.de\/tagwerk\/corona-krise-mit-liv-bergen\/#breadcrumb"},"inLanguage":"de","potentialAction":[{"@type":"ReadAction","target":["https:\/\/www.mein-tagwerk.de\/tagwerk\/corona-krise-mit-liv-bergen\/"]}]},{"@type":"BreadcrumbList","@id":"https:\/\/www.mein-tagwerk.de\/tagwerk\/corona-krise-mit-liv-bergen\/#breadcrumb","itemListElement":[{"@type":"ListItem","position":1,"name":"Home","item":"https:\/\/www.mein-tagwerk.de\/tagwerk\/"},{"@type":"ListItem","position":2,"name":"Corona Krise mit Liv Bergen"}]},{"@type":"WebSite","@id":"https:\/\/www.mein-tagwerk.de\/tagwerk\/#website","url":"https:\/\/www.mein-tagwerk.de\/tagwerk\/","name":"meintagwerk","description":"Online Buchhaltung f\u00fcr Freiberufler, Freelancer und Selbst\u00e4ndige","publisher":{"@id":"https:\/\/www.mein-tagwerk.de\/tagwerk\/#organization"},"potentialAction":[{"@type":"SearchAction","target":{"@type":"EntryPoint","urlTemplate":"https:\/\/www.mein-tagwerk.de\/tagwerk\/?s={search_term_string}"},"query-input":"required name=search_term_string"}],"inLanguage":"de"},{"@type":"Organization","@id":"https:\/\/www.mein-tagwerk.de\/tagwerk\/#organization","name":"tagwerk","url":"https:\/\/www.mein-tagwerk.de\/tagwerk\/","logo":{"@type":"ImageObject","inLanguage":"de","@id":"https:\/\/www.mein-tagwerk.de\/tagwerk\/#\/schema\/logo\/image\/","url":"https:\/\/www.mein-tagwerk.de\/tagwerk\/wp-content\/uploads\/2013\/08\/130611_logo-tagwerk-corporate.png","contentUrl":"https:\/\/www.mein-tagwerk.de\/tagwerk\/wp-content\/uploads\/2013\/08\/130611_logo-tagwerk-corporate.png","width":328,"height":140,"caption":"tagwerk"},"image":{"@id":"https:\/\/www.mein-tagwerk.de\/tagwerk\/#\/schema\/logo\/image\/"}},{"@type":"Person","@id":"https:\/\/www.mein-tagwerk.de\/tagwerk\/#\/schema\/person\/00050f870e9c9b60d4f756d870bf236d","name":"Petra Schuster","image":{"@type":"ImageObject","inLanguage":"de","@id":"https:\/\/www.mein-tagwerk.de\/tagwerk\/#\/schema\/person\/image\/","url":"https:\/\/www.mein-tagwerk.de\/tagwerk\/wp-content\/uploads\/2019\/05\/Image-meSW-96x96.jpg","contentUrl":"https:\/\/www.mein-tagwerk.de\/tagwerk\/wp-content\/uploads\/2019\/05\/Image-meSW-96x96.jpg","caption":"Petra Schuster"},"url":"https:\/\/www.mein-tagwerk.de\/tagwerk\/author\/petra\/"}]}},"_links":{"self":[{"href":"https:\/\/www.mein-tagwerk.de\/tagwerk\/wp-json\/wp\/v2\/posts\/5103"}],"collection":[{"href":"https:\/\/www.mein-tagwerk.de\/tagwerk\/wp-json\/wp\/v2\/posts"}],"about":[{"href":"https:\/\/www.mein-tagwerk.de\/tagwerk\/wp-json\/wp\/v2\/types\/post"}],"author":[{"embeddable":true,"href":"https:\/\/www.mein-tagwerk.de\/tagwerk\/wp-json\/wp\/v2\/users\/7"}],"replies":[{"embeddable":true,"href":"https:\/\/www.mein-tagwerk.de\/tagwerk\/wp-json\/wp\/v2\/comments?post=5103"}],"version-history":[{"count":7,"href":"https:\/\/www.mein-tagwerk.de\/tagwerk\/wp-json\/wp\/v2\/posts\/5103\/revisions"}],"predecessor-version":[{"id":5132,"href":"https:\/\/www.mein-tagwerk.de\/tagwerk\/wp-json\/wp\/v2\/posts\/5103\/revisions\/5132"}],"wp:featuredmedia":[{"embeddable":true,"href":"https:\/\/www.mein-tagwerk.de\/tagwerk\/wp-json\/wp\/v2\/media\/5105"}],"wp:attachment":[{"href":"https:\/\/www.mein-tagwerk.de\/tagwerk\/wp-json\/wp\/v2\/media?parent=5103"}],"wp:term":[{"taxonomy":"category","embeddable":true,"href":"https:\/\/www.mein-tagwerk.de\/tagwerk\/wp-json\/wp\/v2\/categories?post=5103"},{"taxonomy":"post_tag","embeddable":true,"href":"https:\/\/www.mein-tagwerk.de\/tagwerk\/wp-json\/wp\/v2\/tags?post=5103"}],"curies":[{"name":"wp","href":"https:\/\/api.w.org\/{rel}","templated":true}]}}