{"id":5114,"date":"2020-12-09T17:56:52","date_gmt":"2020-12-09T16:56:52","guid":{"rendered":"https:\/\/www.mein-tagwerk.de\/tagwerk\/?p=5114"},"modified":"2020-12-09T23:27:27","modified_gmt":"2020-12-09T22:27:27","slug":"corona-krise-mit-prodotyp","status":"publish","type":"post","link":"https:\/\/www.mein-tagwerk.de\/tagwerk\/corona-krise-mit-prodotyp\/","title":{"rendered":"Corona Krise mit Prodotyp"},"content":{"rendered":"<h2><strong>Selbst\u00e4ndigkeit in der Corona Krise<\/strong><\/h2>\n<h4>Wir m\u00f6chten gar nicht so tragisch beginnen, doch leider befinden wir uns immer noch in der Corona Krise. Bis Weihnachten sollen wir wieder unsere Kontakte einschr\u00e4nken und so viel wie m\u00f6glich zu Hause bleiben. Eine Situation die f\u00fcr viele Menschen sehr schwer ist und man dabei gerne mal die Hoffnung verliert.<\/h4>\n<p>Aus diesem Grund haben wir uns weiter bei Selbst\u00e4ndigen und Kleinunternehmer umgeh\u00f6rt. Sie haben uns von ihren sehr positivern Erlebnissen in dieser Krise erz\u00e4hlt. Sie machen uns Mut und Hoffnung! Das m\u00f6chten wir gerne weitergeben.<\/p>\n<h4>Heute in unserem Beitrag ein Interview mit Gritt Wollenberg. Die gelernte Modistin und Modedesignerin hat 2003 <a href=\"https:\/\/www.prodotyp.net\/about-1\/\" target=\"_blank\" rel=\"noopener noreferrer\">Prodotyp<\/a> gegr\u00fcndet und entwirft eigenwillige Accessoires f\u00fcr alle, die etwas Besonderes m\u00f6chten.<\/h4>\n<p><a href=\"https:\/\/www.prodotypshop.com\" target=\"_blank\" rel=\"noopener noreferrer\"><img loading=\"lazy\" decoding=\"async\" class=\"alignnone wp-image-5121\" src=\"https:\/\/www.mein-tagwerk.de\/tagwerk\/wp-content\/uploads\/2020\/12\/Grittt-sw-833x1024.jpg\" rel='prettyPhoto' alt=\"Accessoires, Alltag, Alltagsmasken, Beratung, Buchhaltung, Buchhaltungssoftware, Buchhaltungstipps, B\u00fcro, Casual, Coach, Corona, Corona Hilfe, Covid19, design, Designed in Germany, Deutschland, Energieversorgung, Fair Fashion, Fashion, Freelancer, Freiberufler, Gr\u00fcnder, Gr\u00fcndung, Hamburg, Hilfe, Hutmacherin, Ideen, Innovation, Journalist, Kleinunternehmer, Klimawandel, Kollektion, Kommunikationsmedien, Kurzarbeitergeld, leipzig, Liv Bergen, made in Germany, Masken, Mehrwertsteuer, Mehrwertsteuersenkung, Mehrwertsteuerumstellung, mein tagwerk, meintagwerk, Mode, Mwst, Online Buchhaltung, Planung, Portugal, rechnungstellung, Reisekosten, Selbst\u00e4ndigkeit, Selbstst\u00e4ndig arbeiten, Senkung der Mwst, Software, Stuttgart, Umwelt, Zeiterfassung\" width=\"650\" height=\"799\" srcset=\"https:\/\/www.mein-tagwerk.de\/tagwerk\/wp-content\/uploads\/2020\/12\/Grittt-sw-833x1024.jpg 833w, https:\/\/www.mein-tagwerk.de\/tagwerk\/wp-content\/uploads\/2020\/12\/Grittt-sw-244x300.jpg 244w, https:\/\/www.mein-tagwerk.de\/tagwerk\/wp-content\/uploads\/2020\/12\/Grittt-sw-768x944.jpg 768w, https:\/\/www.mein-tagwerk.de\/tagwerk\/wp-content\/uploads\/2020\/12\/Grittt-sw-622x765.jpg 622w, https:\/\/www.mein-tagwerk.de\/tagwerk\/wp-content\/uploads\/2020\/12\/Grittt-sw.jpg 886w\" sizes=\"(max-width: 650px) 100vw, 650px\" \/><\/a><\/p>\n<p>&nbsp;<\/p>\n<h3>Zuerst: Bitte stell dich kurz vor.<\/h3>\n<p>Mein Name ist Gritt, ich komme aus L\u00fcbeck, lebe und arbeite nun seit einigen Jahren in Leipzig..<\/p>\n<h3 align=\"LEFT\"><span lang=\"de-DE\">Was machst du beruflich?<br \/>\n<\/span><\/h3>\n<p>Ich bin Designerin und gelernte Modistin (Hutmacherin), entwerfe und produziere unter dem Namen Prodotyp H\u00fcte M\u00fctzen, T\u00fccher und andere Accessoires, neuerdings auch Kimonos. Seit M\u00e4rz auch <a href=\"https:\/\/www.prodotypshop.com\/shop\/\" target=\"_blank\" rel=\"noopener noreferrer\">Behelfsmasken<\/a>.<\/p>\n<p><a href=\"https:\/\/www.prodotypshop.com\/shop\/\" target=\"_blank\" rel=\"noopener noreferrer\"><img loading=\"lazy\" decoding=\"async\" class=\"alignnone wp-image-5116\" src=\"https:\/\/www.mein-tagwerk.de\/tagwerk\/wp-content\/uploads\/2020\/12\/KimonoSW-768x1024.jpg\" rel='prettyPhoto' alt=\"Accessoires, Alltag, Alltagsmasken, Beratung, Buchhaltung, Buchhaltungssoftware, Buchhaltungstipps, B\u00fcro, Casual, Coach, Corona, Corona Hilfe, Covid19, design, Designed in Germany, Deutschland, Energieversorgung, Fair Fashion, Fashion, Freelancer, Freiberufler, Gr\u00fcnder, Gr\u00fcndung, Hamburg, Hilfe, Hutmacherin, Ideen, Innovation, Journalist, Kleinunternehmer, Klimawandel, Kollektion, Kommunikationsmedien, Kurzarbeitergeld, leipzig, Liv Bergen, made in Germany, Masken, Mehrwertsteuer, Mehrwertsteuersenkung, Mehrwertsteuerumstellung, mein tagwerk, meintagwerk, Mode, Mwst, Online Buchhaltung, Planung, Portugal, rechnungstellung, Reisekosten, Selbst\u00e4ndigkeit, Selbstst\u00e4ndig arbeiten, Senkung der Mwst, Software, Stuttgart, Umwelt, Zeiterfassung\" width=\"550\" height=\"733\" srcset=\"https:\/\/www.mein-tagwerk.de\/tagwerk\/wp-content\/uploads\/2020\/12\/KimonoSW-768x1024.jpg 768w, https:\/\/www.mein-tagwerk.de\/tagwerk\/wp-content\/uploads\/2020\/12\/KimonoSW-225x300.jpg 225w, https:\/\/www.mein-tagwerk.de\/tagwerk\/wp-content\/uploads\/2020\/12\/KimonoSW-622x829.jpg 622w, https:\/\/www.mein-tagwerk.de\/tagwerk\/wp-content\/uploads\/2020\/12\/KimonoSW.jpg 960w\" sizes=\"(max-width: 550px) 100vw, 550px\" \/><\/a><\/p>\n<h3>Wie bist du zu diesem Beruf gekommen und warum hast du diesen Weg gew\u00e4hlt?<\/h3>\n<p>Ich habe mich schon fr\u00fch f\u00fcr Mode interessiert, bin durch einen Zufall an ein Praktikum bei einer Hutmanufaktur gekommen. Beim H\u00fcte machen hat mir so gut gefallen, dass man viel plastisch arbeitet, das Material aus der Hand heraus modelliert, insbesondere bei Filzh\u00fcten.<br \/>\nNach der Ausbildung zur Modistin habe ich einige Jahre f\u00fcr diverse Hutsalons gearbeitet und mich dann doch noch entschieden, Modedesign zu studieren.<br \/>\nIm Laufe des Studiums habe ich mich auf Accessoires spezialisiert. Meine grosse Leidenschaft gilt den kleinen Dingen, ich mag das objekthafte.<br \/>\nNach dem Studium habe ich ein paar Jahre in der Abteilung f\u00fcr Forschung und Entwicklung einer Helmfirma gearbeitet, das hat mir ganz andere Horizonte er\u00f6ffnet, schliesslich gibt es bei einem solchen Sicherheitsprodukt ganz andere Anforderungen &#8211; auch was die Produzierbarkeit angeht.<br \/>\nUnd dann habe ich, anfangs noch mit einer Partnerin an der Seite, mein eigenes Label f\u00fcr Accessoires gegr\u00fcndet. Hier sollte nun alles zusammentreffen: Tragbarkeit und Durchgeknalltes, Funktion vs. Pose.<br \/>\nDer Name <a href=\"https:\/\/www.prodotypshop.com\" target=\"_blank\" rel=\"noopener noreferrer\">Prodotyp<\/a> spiegelt die Idee wieder: ein bekanntes Produkt , das dann aber doch eine kleine Abweichung hat.<\/p>\n<h3 align=\"LEFT\"><\/h3>\n<h5 align=\"LEFT\">Im April gab es einen Lockdown. Nun gibt es den Lockdown light. Sachsen macht am Monatg 14.12 wieder dicht&#8230;<\/h5>\n<h3 align=\"LEFT\">Wie gehst du mit dieser Krisensituation um?<\/h3>\n<p>Absurderweise habe ich durch die Krise und den grossen Bedarf an Masken sehr viele neue Kunden gewonnen und mich in Leipzig noch eimal ganz neu und dicht vernetzt. F\u00fcr mich pers\u00f6nlich hat diese Krise eine Chance dargestellt.<br \/>\nIm Jahr zuvor waren meine gesch\u00e4ftlichen Erfolge aus verschiedenen Gr\u00fcnden im Keller gelandet, so konnte es nur besser werden.<\/p>\n<p>&nbsp;<\/p>\n<h3><a href=\"https:\/\/www.prodotyp.net\/kollektionen\/\" target=\"_blank\" rel=\"noopener noreferrer\"><img loading=\"lazy\" decoding=\"async\" class=\"alignnone wp-image-5117\" src=\"https:\/\/www.mein-tagwerk.de\/tagwerk\/wp-content\/uploads\/2020\/12\/prodobag_tangSW.jpg\" rel='prettyPhoto' alt=\"Accessoires, Alltag, Alltagsmasken, Beratung, Buchhaltung, Buchhaltungssoftware, Buchhaltungstipps, B\u00fcro, Casual, Coach, Corona, Corona Hilfe, Covid19, design, Designed in Germany, Deutschland, Energieversorgung, Fair Fashion, Fashion, Freelancer, Freiberufler, Gr\u00fcnder, Gr\u00fcndung, Hamburg, Hilfe, Hutmacherin, Ideen, Innovation, Journalist, Kleinunternehmer, Klimawandel, Kollektion, Kommunikationsmedien, Kurzarbeitergeld, leipzig, Liv Bergen, made in Germany, Masken, Mehrwertsteuer, Mehrwertsteuersenkung, Mehrwertsteuerumstellung, mein tagwerk, meintagwerk, Mode, Mwst, Online Buchhaltung, Planung, Portugal, rechnungstellung, Reisekosten, Selbst\u00e4ndigkeit, Selbstst\u00e4ndig arbeiten, Senkung der Mwst, Software, Stuttgart, Umwelt, Zeiterfassung\" width=\"650\" height=\"650\" srcset=\"https:\/\/www.mein-tagwerk.de\/tagwerk\/wp-content\/uploads\/2020\/12\/prodobag_tangSW.jpg 960w, https:\/\/www.mein-tagwerk.de\/tagwerk\/wp-content\/uploads\/2020\/12\/prodobag_tangSW-300x300.jpg 300w, https:\/\/www.mein-tagwerk.de\/tagwerk\/wp-content\/uploads\/2020\/12\/prodobag_tangSW-150x150.jpg 150w, https:\/\/www.mein-tagwerk.de\/tagwerk\/wp-content\/uploads\/2020\/12\/prodobag_tangSW-768x768.jpg 768w, https:\/\/www.mein-tagwerk.de\/tagwerk\/wp-content\/uploads\/2020\/12\/prodobag_tangSW-622x622.jpg 622w\" sizes=\"(max-width: 650px) 100vw, 650px\" \/><\/a><\/h3>\n<h3>Hat sich deine Arbeitsweise ver\u00e4ndert?<\/h3>\n<p>Ich hatte den ganzen ersten Lockdown \u00fcber das Gl\u00fcck, dass ich fast jederzeit in mein Atelier fahren konnte, um ungest\u00f6rt Masken zu produzieren.<br \/>\nInsgesamt glaube ich schon, dass es mehr Homeoffice- L\u00f6sungen geben wird .<\/p>\n<p>&nbsp;<\/p>\n<h3>Hast du hilfreiche Tipps f\u00fcr uns und unsere Leser?<\/h3>\n<div class=\"\"><span class=\"\">Ich weiss nicht, ob ich da die Richtige bin, ich kann nur sagen, dass mir t\u00e4gliche kleine Rituale geholfen haben, vor allem, jeden Tag Bewegung an der frischen Luft, sofern m\u00f6glich. Und lange Telefonate mit guten Freundinnen, vor allem wenn man zusammen \u00fcber irgendwelchen Quatsch lachen konnte- die Schwelle ist da ziemlich schnell gesunken, wohl, weil wir gemerkt haben, dass es sehr wohltuend und befreiend wirkt, einfach mal hysterisch loszugackern.<\/span><\/div>\n<h3>Zu guter Letzt was w\u00fcnschst du dir wenn die Krise vorbei ist?<\/h3>\n<p>Oh, zur Zeit \u00e4ngstigen mich bestimmte Entwicklungen der Gesellschaft sehr und ich hoffe , dass extremes Gedankengut und absurde Ideen was den Begriff Demokratie angehen nicht zu weit um sich greifen.<\/p>\n<p>Wenn das ganze Ding ein Ende findet, m\u00f6chte ich: Freund*innen besuchen und fest umarmen, im Club tanzen gehen und Reisen &#8211; der Sonne entgegen !<\/p>\n<p align=\"LEFT\"><span lang=\"de-DE\">\u00a0<\/span><\/p>\n<p>Vielen Dank f\u00fcr das Gespr\u00e4ch und deine Zeit!<\/p>\n<p>&nbsp;<\/p>\n<p>Kontakt:<\/p>\n<p>Gritt Wollenberg<\/p>\n<p>Prodotyp<\/p>\n<p>Wettiner Str. 24<\/p>\n<p>04105 Leipzig<\/p>\n<p>&nbsp;<\/p>\n<p>Kontakt:<\/p>\n<p>Telefon: 0179 2282401<\/p>\n<p><a href=\"mailto:gritt@prodotyp.de\" target=\"_blank\" rel=\"noopener noreferrer\">gritt@prodotyp.de<\/a><\/p>\n<p><a href=\"https:\/\/www.prodotyp.net\" target=\"_blank\" rel=\"noopener noreferrer\">www.prodotyp.net<\/a><\/p>\n<p>&nbsp;<\/p>\n<p><a href=\"https:\/\/www.instagram.com\/livbergenofficial\/\" target=\"_blank\" rel=\"noopener noreferrer\"> \u00a0 <\/a><a href=\"https:\/\/www.instagram.com\/prodotyp\/\" target=\"_blank\" rel=\"noopener noreferrer\"><img loading=\"lazy\" decoding=\"async\" class=\"alignnone wp-image-4833\" src=\"https:\/\/www.mein-tagwerk.de\/tagwerk\/wp-content\/uploads\/2020\/02\/Istagram-Icon.jpg\" rel='prettyPhoto' alt=\"Accessoires, Alltag, Alltagsmasken, Beratung, Buchhaltung, Buchhaltungssoftware, Buchhaltungstipps, B\u00fcro, Casual, Coach, Corona, Corona Hilfe, Covid19, design, Designed in Germany, Deutschland, Energieversorgung, Fair Fashion, Fashion, Freelancer, Freiberufler, Gr\u00fcnder, Gr\u00fcndung, Hamburg, Hilfe, Hutmacherin, Ideen, Innovation, Journalist, Kleinunternehmer, Klimawandel, Kollektion, Kommunikationsmedien, Kurzarbeitergeld, leipzig, Liv Bergen, made in Germany, Masken, Mehrwertsteuer, Mehrwertsteuersenkung, Mehrwertsteuerumstellung, mein tagwerk, meintagwerk, Mode, Mwst, Online Buchhaltung, Planung, Portugal, rechnungstellung, Reisekosten, Selbst\u00e4ndigkeit, Selbstst\u00e4ndig arbeiten, Senkung der Mwst, Software, Stuttgart, Umwelt, Zeiterfassung\" width=\"50\" height=\"51\" srcset=\"https:\/\/www.mein-tagwerk.de\/tagwerk\/wp-content\/uploads\/2020\/02\/Istagram-Icon.jpg 454w, https:\/\/www.mein-tagwerk.de\/tagwerk\/wp-content\/uploads\/2020\/02\/Istagram-Icon-295x300.jpg 295w, https:\/\/www.mein-tagwerk.de\/tagwerk\/wp-content\/uploads\/2020\/02\/Istagram-Icon-150x150.jpg 150w\" sizes=\"(max-width: 50px) 100vw, 50px\" \/><\/a> \u00a0<a href=\"https:\/\/www.facebook.com\/Prodotyp\" target=\"_blank\" rel=\"noopener noreferrer\"><img loading=\"lazy\" decoding=\"async\" class=\"alignnone wp-image-4832\" src=\"https:\/\/www.mein-tagwerk.de\/tagwerk\/wp-content\/uploads\/2020\/02\/FB-Icon.jpg\" rel='prettyPhoto' alt=\"Accessoires, Alltag, Alltagsmasken, Beratung, Buchhaltung, Buchhaltungssoftware, Buchhaltungstipps, B\u00fcro, Casual, Coach, Corona, Corona Hilfe, Covid19, design, Designed in Germany, Deutschland, Energieversorgung, Fair Fashion, Fashion, Freelancer, Freiberufler, Gr\u00fcnder, Gr\u00fcndung, Hamburg, Hilfe, Hutmacherin, Ideen, Innovation, Journalist, Kleinunternehmer, Klimawandel, Kollektion, Kommunikationsmedien, Kurzarbeitergeld, leipzig, Liv Bergen, made in Germany, Masken, Mehrwertsteuer, Mehrwertsteuersenkung, Mehrwertsteuerumstellung, mein tagwerk, meintagwerk, Mode, Mwst, Online Buchhaltung, Planung, Portugal, rechnungstellung, Reisekosten, Selbst\u00e4ndigkeit, Selbstst\u00e4ndig arbeiten, Senkung der Mwst, Software, Stuttgart, Umwelt, Zeiterfassung\" width=\"50\" height=\"50\" srcset=\"https:\/\/www.mein-tagwerk.de\/tagwerk\/wp-content\/uploads\/2020\/02\/FB-Icon.jpg 454w, https:\/\/www.mein-tagwerk.de\/tagwerk\/wp-content\/uploads\/2020\/02\/FB-Icon-300x300.jpg 300w, https:\/\/www.mein-tagwerk.de\/tagwerk\/wp-content\/uploads\/2020\/02\/FB-Icon-150x150.jpg 150w\" sizes=\"(max-width: 50px) 100vw, 50px\" \/><\/a><\/p>\n","protected":false},"excerpt":{"rendered":"<p>Selbst\u00e4ndigkeit in der Corona Krise Wir m\u00f6chten gar nicht so tragisch beginnen, doch leider befinden wir uns immer noch in der Corona Krise. Bis Weihnachten sollen wir wieder unsere Kontakte einschr\u00e4nken und so viel wie m\u00f6glich zu Hause bleiben. Eine Situation die f\u00fcr viele Menschen sehr schwer ist und man dabei gerne mal die Hoffnung [&#038;hellip<\/p>\n","protected":false},"author":7,"featured_media":5124,"comment_status":"open","ping_status":"open","sticky":false,"template":"","format":"standard","meta":{"footnotes":""},"categories":[4,5,10,11],"tags":[577,31,566,64,82,84,85,89,563,99,478,481,567,112,575,573,549,574,565,162,164,189,194,196,204,576,213,546,548,234,550,571,467,570,261,561,569,564,537,538,541,270,272,562,543,293,303,572,326,329,342,345,542,353,568,547,445],"yoast_head":"<!-- This site is optimized with the Yoast SEO plugin v20.4 - https:\/\/yoast.com\/wordpress\/plugins\/seo\/ -->\n<title>Corona Krise mit Prodotyp | meintagwerk<\/title>\n<meta name=\"robots\" content=\"index, follow, max-snippet:-1, max-image-preview:large, max-video-preview:-1\" \/>\n<link rel=\"canonical\" href=\"https:\/\/www.mein-tagwerk.de\/tagwerk\/corona-krise-mit-prodotyp\/\" \/>\n<meta property=\"og:locale\" content=\"de_DE\" \/>\n<meta property=\"og:type\" content=\"article\" \/>\n<meta property=\"og:title\" content=\"Corona Krise mit Prodotyp | meintagwerk\" \/>\n<meta property=\"og:description\" content=\"Selbst\u00e4ndigkeit in der Corona Krise Wir m\u00f6chten gar nicht so tragisch beginnen, doch leider befinden wir uns immer noch in der Corona Krise. Bis Weihnachten sollen wir wieder unsere Kontakte einschr\u00e4nken und so viel wie m\u00f6glich zu Hause bleiben. Eine Situation die f\u00fcr viele Menschen sehr schwer ist und man dabei gerne mal die Hoffnung [&amp;hellip\" \/>\n<meta property=\"og:url\" content=\"https:\/\/www.mein-tagwerk.de\/tagwerk\/corona-krise-mit-prodotyp\/\" \/>\n<meta property=\"og:site_name\" content=\"meintagwerk\" \/>\n<meta property=\"article:published_time\" content=\"2020-12-09T16:56:52+00:00\" \/>\n<meta property=\"article:modified_time\" content=\"2020-12-09T22:27:27+00:00\" \/>\n<meta property=\"og:image\" content=\"https:\/\/www.mein-tagwerk.de\/tagwerk\/wp-content\/uploads\/2020\/12\/Gritt-Beitragsbild.jpg\" \/>\n\t<meta property=\"og:image:width\" content=\"886\" \/>\n\t<meta property=\"og:image:height\" content=\"502\" \/>\n\t<meta property=\"og:image:type\" content=\"image\/jpeg\" \/>\n<meta name=\"author\" content=\"Petra Schuster\" \/>\n<meta name=\"twitter:card\" content=\"summary_large_image\" \/>\n<meta name=\"twitter:label1\" content=\"Verfasst von\" \/>\n\t<meta name=\"twitter:data1\" content=\"Petra Schuster\" \/>\n\t<meta name=\"twitter:label2\" content=\"Gesch\u00e4tzte Lesezeit\" \/>\n\t<meta name=\"twitter:data2\" content=\"3\u00a0Minuten\" \/>\n<script type=\"application\/ld+json\" class=\"yoast-schema-graph\">{\"@context\":\"https:\/\/schema.org\",\"@graph\":[{\"@type\":\"Article\",\"@id\":\"https:\/\/www.mein-tagwerk.de\/tagwerk\/corona-krise-mit-prodotyp\/#article\",\"isPartOf\":{\"@id\":\"https:\/\/www.mein-tagwerk.de\/tagwerk\/corona-krise-mit-prodotyp\/\"},\"author\":{\"name\":\"Petra Schuster\",\"@id\":\"https:\/\/www.mein-tagwerk.de\/tagwerk\/#\/schema\/person\/00050f870e9c9b60d4f756d870bf236d\"},\"headline\":\"Corona Krise mit Prodotyp\",\"datePublished\":\"2020-12-09T16:56:52+00:00\",\"dateModified\":\"2020-12-09T22:27:27+00:00\",\"mainEntityOfPage\":{\"@id\":\"https:\/\/www.mein-tagwerk.de\/tagwerk\/corona-krise-mit-prodotyp\/\"},\"wordCount\":700,\"commentCount\":0,\"publisher\":{\"@id\":\"https:\/\/www.mein-tagwerk.de\/tagwerk\/#organization\"},\"keywords\":[\"Accessoires\",\"Alltag\",\"Alltagsmasken\",\"Beratung\",\"Buchhaltung\",\"Buchhaltungssoftware\",\"Buchhaltungstipps\",\"B\u00fcro\",\"Casual\",\"Coach\",\"Corona\",\"Corona Hilfe\",\"Covid19\",\"design\",\"Designed in Germany\",\"Deutschland\",\"Energieversorgung\",\"Fair Fashion\",\"Fashion\",\"Freelancer\",\"Freiberufler\",\"Gr\u00fcnder\",\"Gr\u00fcndung\",\"Hamburg\",\"Hilfe\",\"Hutmacherin\",\"Ideen\",\"Innovation\",\"Journalist\",\"Kleinunternehmer\",\"Klimawandel\",\"Kollektion\",\"Kommunikationsmedien\",\"Kurzarbeitergeld\",\"leipzig\",\"Liv Bergen\",\"made in Germany\",\"Masken\",\"Mehrwertsteuer\",\"Mehrwertsteuersenkung\",\"Mehrwertsteuerumstellung\",\"mein tagwerk\",\"meintagwerk\",\"Mode\",\"Mwst\",\"Online Buchhaltung\",\"Planung\",\"Portugal\",\"rechnungstellung\",\"Reisekosten\",\"Selbst\u00e4ndigkeit\",\"Selbstst\u00e4ndig arbeiten\",\"Senkung der Mwst\",\"Software\",\"Stuttgart\",\"Umwelt\",\"Zeiterfassung\"],\"articleSection\":[\"3 tagwerktipps\",\"4 tagwerkteam\",\"9 Beitr\u00e4ge, Ideen, Tr\u00e4umereien\",\"belegjunkie\"],\"inLanguage\":\"de\",\"potentialAction\":[{\"@type\":\"CommentAction\",\"name\":\"Comment\",\"target\":[\"https:\/\/www.mein-tagwerk.de\/tagwerk\/corona-krise-mit-prodotyp\/#respond\"]}]},{\"@type\":\"WebPage\",\"@id\":\"https:\/\/www.mein-tagwerk.de\/tagwerk\/corona-krise-mit-prodotyp\/\",\"url\":\"https:\/\/www.mein-tagwerk.de\/tagwerk\/corona-krise-mit-prodotyp\/\",\"name\":\"Corona Krise mit Prodotyp | meintagwerk\",\"isPartOf\":{\"@id\":\"https:\/\/www.mein-tagwerk.de\/tagwerk\/#website\"},\"datePublished\":\"2020-12-09T16:56:52+00:00\",\"dateModified\":\"2020-12-09T22:27:27+00:00\",\"breadcrumb\":{\"@id\":\"https:\/\/www.mein-tagwerk.de\/tagwerk\/corona-krise-mit-prodotyp\/#breadcrumb\"},\"inLanguage\":\"de\",\"potentialAction\":[{\"@type\":\"ReadAction\",\"target\":[\"https:\/\/www.mein-tagwerk.de\/tagwerk\/corona-krise-mit-prodotyp\/\"]}]},{\"@type\":\"BreadcrumbList\",\"@id\":\"https:\/\/www.mein-tagwerk.de\/tagwerk\/corona-krise-mit-prodotyp\/#breadcrumb\",\"itemListElement\":[{\"@type\":\"ListItem\",\"position\":1,\"name\":\"Home\",\"item\":\"https:\/\/www.mein-tagwerk.de\/tagwerk\/\"},{\"@type\":\"ListItem\",\"position\":2,\"name\":\"Corona Krise mit Prodotyp\"}]},{\"@type\":\"WebSite\",\"@id\":\"https:\/\/www.mein-tagwerk.de\/tagwerk\/#website\",\"url\":\"https:\/\/www.mein-tagwerk.de\/tagwerk\/\",\"name\":\"meintagwerk\",\"description\":\"Online Buchhaltung f\u00fcr Freiberufler, Freelancer und Selbst\u00e4ndige\",\"publisher\":{\"@id\":\"https:\/\/www.mein-tagwerk.de\/tagwerk\/#organization\"},\"potentialAction\":[{\"@type\":\"SearchAction\",\"target\":{\"@type\":\"EntryPoint\",\"urlTemplate\":\"https:\/\/www.mein-tagwerk.de\/tagwerk\/?s={search_term_string}\"},\"query-input\":\"required name=search_term_string\"}],\"inLanguage\":\"de\"},{\"@type\":\"Organization\",\"@id\":\"https:\/\/www.mein-tagwerk.de\/tagwerk\/#organization\",\"name\":\"tagwerk\",\"url\":\"https:\/\/www.mein-tagwerk.de\/tagwerk\/\",\"logo\":{\"@type\":\"ImageObject\",\"inLanguage\":\"de\",\"@id\":\"https:\/\/www.mein-tagwerk.de\/tagwerk\/#\/schema\/logo\/image\/\",\"url\":\"https:\/\/www.mein-tagwerk.de\/tagwerk\/wp-content\/uploads\/2013\/08\/130611_logo-tagwerk-corporate.png\",\"contentUrl\":\"https:\/\/www.mein-tagwerk.de\/tagwerk\/wp-content\/uploads\/2013\/08\/130611_logo-tagwerk-corporate.png\",\"width\":328,\"height\":140,\"caption\":\"tagwerk\"},\"image\":{\"@id\":\"https:\/\/www.mein-tagwerk.de\/tagwerk\/#\/schema\/logo\/image\/\"}},{\"@type\":\"Person\",\"@id\":\"https:\/\/www.mein-tagwerk.de\/tagwerk\/#\/schema\/person\/00050f870e9c9b60d4f756d870bf236d\",\"name\":\"Petra Schuster\",\"image\":{\"@type\":\"ImageObject\",\"inLanguage\":\"de\",\"@id\":\"https:\/\/www.mein-tagwerk.de\/tagwerk\/#\/schema\/person\/image\/\",\"url\":\"https:\/\/www.mein-tagwerk.de\/tagwerk\/wp-content\/uploads\/2019\/05\/Image-meSW-96x96.jpg\",\"contentUrl\":\"https:\/\/www.mein-tagwerk.de\/tagwerk\/wp-content\/uploads\/2019\/05\/Image-meSW-96x96.jpg\",\"caption\":\"Petra Schuster\"},\"url\":\"https:\/\/www.mein-tagwerk.de\/tagwerk\/author\/petra\/\"}]}<\/script>\n<!-- \/ Yoast SEO plugin. -->","yoast_head_json":{"title":"Corona Krise mit Prodotyp | meintagwerk","robots":{"index":"index","follow":"follow","max-snippet":"max-snippet:-1","max-image-preview":"max-image-preview:large","max-video-preview":"max-video-preview:-1"},"canonical":"https:\/\/www.mein-tagwerk.de\/tagwerk\/corona-krise-mit-prodotyp\/","og_locale":"de_DE","og_type":"article","og_title":"Corona Krise mit Prodotyp | meintagwerk","og_description":"Selbst\u00e4ndigkeit in der Corona Krise Wir m\u00f6chten gar nicht so tragisch beginnen, doch leider befinden wir uns immer noch in der Corona Krise. Bis Weihnachten sollen wir wieder unsere Kontakte einschr\u00e4nken und so viel wie m\u00f6glich zu Hause bleiben. Eine Situation die f\u00fcr viele Menschen sehr schwer ist und man dabei gerne mal die Hoffnung [&hellip","og_url":"https:\/\/www.mein-tagwerk.de\/tagwerk\/corona-krise-mit-prodotyp\/","og_site_name":"meintagwerk","article_published_time":"2020-12-09T16:56:52+00:00","article_modified_time":"2020-12-09T22:27:27+00:00","og_image":[{"width":886,"height":502,"url":"https:\/\/www.mein-tagwerk.de\/tagwerk\/wp-content\/uploads\/2020\/12\/Gritt-Beitragsbild.jpg","type":"image\/jpeg"}],"author":"Petra Schuster","twitter_card":"summary_large_image","twitter_misc":{"Verfasst von":"Petra Schuster","Gesch\u00e4tzte Lesezeit":"3\u00a0Minuten"},"schema":{"@context":"https:\/\/schema.org","@graph":[{"@type":"Article","@id":"https:\/\/www.mein-tagwerk.de\/tagwerk\/corona-krise-mit-prodotyp\/#article","isPartOf":{"@id":"https:\/\/www.mein-tagwerk.de\/tagwerk\/corona-krise-mit-prodotyp\/"},"author":{"name":"Petra Schuster","@id":"https:\/\/www.mein-tagwerk.de\/tagwerk\/#\/schema\/person\/00050f870e9c9b60d4f756d870bf236d"},"headline":"Corona Krise mit Prodotyp","datePublished":"2020-12-09T16:56:52+00:00","dateModified":"2020-12-09T22:27:27+00:00","mainEntityOfPage":{"@id":"https:\/\/www.mein-tagwerk.de\/tagwerk\/corona-krise-mit-prodotyp\/"},"wordCount":700,"commentCount":0,"publisher":{"@id":"https:\/\/www.mein-tagwerk.de\/tagwerk\/#organization"},"keywords":["Accessoires","Alltag","Alltagsmasken","Beratung","Buchhaltung","Buchhaltungssoftware","Buchhaltungstipps","B\u00fcro","Casual","Coach","Corona","Corona Hilfe","Covid19","design","Designed in Germany","Deutschland","Energieversorgung","Fair Fashion","Fashion","Freelancer","Freiberufler","Gr\u00fcnder","Gr\u00fcndung","Hamburg","Hilfe","Hutmacherin","Ideen","Innovation","Journalist","Kleinunternehmer","Klimawandel","Kollektion","Kommunikationsmedien","Kurzarbeitergeld","leipzig","Liv Bergen","made in Germany","Masken","Mehrwertsteuer","Mehrwertsteuersenkung","Mehrwertsteuerumstellung","mein tagwerk","meintagwerk","Mode","Mwst","Online Buchhaltung","Planung","Portugal","rechnungstellung","Reisekosten","Selbst\u00e4ndigkeit","Selbstst\u00e4ndig arbeiten","Senkung der Mwst","Software","Stuttgart","Umwelt","Zeiterfassung"],"articleSection":["3 tagwerktipps","4 tagwerkteam","9 Beitr\u00e4ge, Ideen, Tr\u00e4umereien","belegjunkie"],"inLanguage":"de","potentialAction":[{"@type":"CommentAction","name":"Comment","target":["https:\/\/www.mein-tagwerk.de\/tagwerk\/corona-krise-mit-prodotyp\/#respond"]}]},{"@type":"WebPage","@id":"https:\/\/www.mein-tagwerk.de\/tagwerk\/corona-krise-mit-prodotyp\/","url":"https:\/\/www.mein-tagwerk.de\/tagwerk\/corona-krise-mit-prodotyp\/","name":"Corona Krise mit Prodotyp | meintagwerk","isPartOf":{"@id":"https:\/\/www.mein-tagwerk.de\/tagwerk\/#website"},"datePublished":"2020-12-09T16:56:52+00:00","dateModified":"2020-12-09T22:27:27+00:00","breadcrumb":{"@id":"https:\/\/www.mein-tagwerk.de\/tagwerk\/corona-krise-mit-prodotyp\/#breadcrumb"},"inLanguage":"de","potentialAction":[{"@type":"ReadAction","target":["https:\/\/www.mein-tagwerk.de\/tagwerk\/corona-krise-mit-prodotyp\/"]}]},{"@type":"BreadcrumbList","@id":"https:\/\/www.mein-tagwerk.de\/tagwerk\/corona-krise-mit-prodotyp\/#breadcrumb","itemListElement":[{"@type":"ListItem","position":1,"name":"Home","item":"https:\/\/www.mein-tagwerk.de\/tagwerk\/"},{"@type":"ListItem","position":2,"name":"Corona Krise mit Prodotyp"}]},{"@type":"WebSite","@id":"https:\/\/www.mein-tagwerk.de\/tagwerk\/#website","url":"https:\/\/www.mein-tagwerk.de\/tagwerk\/","name":"meintagwerk","description":"Online Buchhaltung f\u00fcr Freiberufler, Freelancer und Selbst\u00e4ndige","publisher":{"@id":"https:\/\/www.mein-tagwerk.de\/tagwerk\/#organization"},"potentialAction":[{"@type":"SearchAction","target":{"@type":"EntryPoint","urlTemplate":"https:\/\/www.mein-tagwerk.de\/tagwerk\/?s={search_term_string}"},"query-input":"required name=search_term_string"}],"inLanguage":"de"},{"@type":"Organization","@id":"https:\/\/www.mein-tagwerk.de\/tagwerk\/#organization","name":"tagwerk","url":"https:\/\/www.mein-tagwerk.de\/tagwerk\/","logo":{"@type":"ImageObject","inLanguage":"de","@id":"https:\/\/www.mein-tagwerk.de\/tagwerk\/#\/schema\/logo\/image\/","url":"https:\/\/www.mein-tagwerk.de\/tagwerk\/wp-content\/uploads\/2013\/08\/130611_logo-tagwerk-corporate.png","contentUrl":"https:\/\/www.mein-tagwerk.de\/tagwerk\/wp-content\/uploads\/2013\/08\/130611_logo-tagwerk-corporate.png","width":328,"height":140,"caption":"tagwerk"},"image":{"@id":"https:\/\/www.mein-tagwerk.de\/tagwerk\/#\/schema\/logo\/image\/"}},{"@type":"Person","@id":"https:\/\/www.mein-tagwerk.de\/tagwerk\/#\/schema\/person\/00050f870e9c9b60d4f756d870bf236d","name":"Petra Schuster","image":{"@type":"ImageObject","inLanguage":"de","@id":"https:\/\/www.mein-tagwerk.de\/tagwerk\/#\/schema\/person\/image\/","url":"https:\/\/www.mein-tagwerk.de\/tagwerk\/wp-content\/uploads\/2019\/05\/Image-meSW-96x96.jpg","contentUrl":"https:\/\/www.mein-tagwerk.de\/tagwerk\/wp-content\/uploads\/2019\/05\/Image-meSW-96x96.jpg","caption":"Petra Schuster"},"url":"https:\/\/www.mein-tagwerk.de\/tagwerk\/author\/petra\/"}]}},"_links":{"self":[{"href":"https:\/\/www.mein-tagwerk.de\/tagwerk\/wp-json\/wp\/v2\/posts\/5114"}],"collection":[{"href":"https:\/\/www.mein-tagwerk.de\/tagwerk\/wp-json\/wp\/v2\/posts"}],"about":[{"href":"https:\/\/www.mein-tagwerk.de\/tagwerk\/wp-json\/wp\/v2\/types\/post"}],"author":[{"embeddable":true,"href":"https:\/\/www.mein-tagwerk.de\/tagwerk\/wp-json\/wp\/v2\/users\/7"}],"replies":[{"embeddable":true,"href":"https:\/\/www.mein-tagwerk.de\/tagwerk\/wp-json\/wp\/v2\/comments?post=5114"}],"version-history":[{"count":10,"href":"https:\/\/www.mein-tagwerk.de\/tagwerk\/wp-json\/wp\/v2\/posts\/5114\/revisions"}],"predecessor-version":[{"id":5131,"href":"https:\/\/www.mein-tagwerk.de\/tagwerk\/wp-json\/wp\/v2\/posts\/5114\/revisions\/5131"}],"wp:featuredmedia":[{"embeddable":true,"href":"https:\/\/www.mein-tagwerk.de\/tagwerk\/wp-json\/wp\/v2\/media\/5124"}],"wp:attachment":[{"href":"https:\/\/www.mein-tagwerk.de\/tagwerk\/wp-json\/wp\/v2\/media?parent=5114"}],"wp:term":[{"taxonomy":"category","embeddable":true,"href":"https:\/\/www.mein-tagwerk.de\/tagwerk\/wp-json\/wp\/v2\/categories?post=5114"},{"taxonomy":"post_tag","embeddable":true,"href":"https:\/\/www.mein-tagwerk.de\/tagwerk\/wp-json\/wp\/v2\/tags?post=5114"}],"curies":[{"name":"wp","href":"https:\/\/api.w.org\/{rel}","templated":true}]}}