{"id":883,"date":"2012-03-14T19:16:50","date_gmt":"2012-03-14T18:16:50","guid":{"rendered":"http:\/\/tagwerkblog.net\/?p=883"},"modified":"2012-03-14T19:16:50","modified_gmt":"2012-03-14T18:16:50","slug":"der-leere-schreibtisch-oder-die-welt-ist-mein-buro-schreibtischtrilogie-teil-iii","status":"publish","type":"post","link":"https:\/\/www.mein-tagwerk.de\/tagwerk\/der-leere-schreibtisch-oder-die-welt-ist-mein-buro-schreibtischtrilogie-teil-iii\/","title":{"rendered":"Der leere Schreibtisch oder: Die Welt ist mein B\u00fcro (Schreibtischtrilogie Teil III)"},"content":{"rendered":"<p style=\"text-align:justify;\"><a href=\"http:\/\/portwich.files.wordpress.com\/2012\/03\/bundesarchiv_bild_183-09952-00112c_schreibtisch2c_metallbau_halberstadt.jpeg\" rel='prettyPhoto'><img loading=\"lazy\" decoding=\"async\" class=\"size-full wp-image-892 aligncenter\" alt=\"\" src=\"http:\/\/portwich.files.wordpress.com\/2012\/03\/bundesarchiv_bild_183-09952-00112c_schreibtisch2c_metallbau_halberstadt.jpeg\" height=\"332\" width=\"455\" srcset=\"https:\/\/www.mein-tagwerk.de\/tagwerk\/wp-content\/uploads\/2012\/03\/bundesarchiv_bild_183-09952-00112c_schreibtisch2c_metallbau_halberstadt.jpeg 800w, https:\/\/www.mein-tagwerk.de\/tagwerk\/wp-content\/uploads\/2012\/03\/bundesarchiv_bild_183-09952-00112c_schreibtisch2c_metallbau_halberstadt-300x219.jpeg 300w, https:\/\/www.mein-tagwerk.de\/tagwerk\/wp-content\/uploads\/2012\/03\/bundesarchiv_bild_183-09952-00112c_schreibtisch2c_metallbau_halberstadt-768x561.jpeg 768w, https:\/\/www.mein-tagwerk.de\/tagwerk\/wp-content\/uploads\/2012\/03\/bundesarchiv_bild_183-09952-00112c_schreibtisch2c_metallbau_halberstadt-622x454.jpeg 622w\" sizes=\"(max-width: 455px) 100vw, 455px\" \/><\/a><\/p>\n<p style=\"text-align:justify;\">Nun, eine <a title=\"Schreibtische sind Memotope (Schreibtischtrilogie Teil\u00a0I)\" href=\"http:\/\/tagwerkblog.net\/2012\/02\/29\/schreibtische-sind-memotope-schreibtischtrilogie-teil-i\/\" target=\"_blank\" rel=\"noopener noreferrer\">Schreibtisch<\/a>t<a title=\"Zettel\u2019s Alptraum (Schreibtischtrilogie Teil\u00a0II)\" href=\"http:\/\/tagwerkblog.net\/2012\/03\/08\/zettels-alptraum-schreibtischtrilogie-teil-ii\/\" target=\"_blank\" rel=\"noopener noreferrer\">rilogie<\/a> zu schreiben ist eigentlich etwas witzlos, denn wer hat denn heutzutage noch einen festen Schreibtisch? Man hat einen Laptop, mit dem man durch die Co-Workingspaces und Caf\u00e9s dieser Welt nomadisiert. That\u2019s it. Auch ich bin da keine Ausnahme mehr: Die Welt ist mein Schreibtisch! Das B\u00fcro ist in uns. So sitze ich z.B. gerade an einem alten K\u00fcchentisch in einer <a href=\"http:\/\/www.photochris.com\/W-wa-Ursynow-2-internet-1985.jpg\" rel='prettyPhoto' target=\"_blank\" rel=\"noopener noreferrer\">Plattenbausiedlung einer osteurop\u00e4ischen Gro\u00dfstadt<\/a> und die Sonne scheint mir auf den Bildschirm. Vielleicht nehme ich auch gleich meinen Laptop und setze mich in ein Szenecaf\u00e9 in der Innenstadt und arbeite dort Cappuccino schl\u00fcrfend weiter. Wie geil ist das denn? Vor der Abschaffung der Schreibtische (und deren dadurch geschaffene Omnipr\u00e4senz, die ins Virtuelle spielt), sah das aber noch ganz anders aus. Und das erinnert mich an eine kleine Geschichte, die ich nicht vorenthalten will.<\/p>\n<p style=\"text-align:justify;\">Vor einigen Jahren hatte ich dieses Freelancerleben mal wieder satt und hab mich auf eine feste Stelle beworben, bei einer dieser schicken Internetklitschen, die in umgebauten Industriebauten residieren. Es war kurz vor Weihnachten, das Wetter war mies und ich f\u00fchlte mich auch mies. Ich schlurfte im Nieselregen \u00fcber den verlassenen Stra\u00dfenbahnring bis ich endlich den Eingang zu dem Betrieb gefunden hatte. Was mich erwartete, war ein hochmodernes B\u00fcroparadies, das mich mit staunender Ehrfurcht erf\u00fcllte &#8211; und das sollte es wohl auch. In der Lounge hing ein riesiger Elchkopf \u00fcber einem Kamin, in dessen leeren Augen sich einige Softwareentwickler spiegelten, die sich darunter auf mond\u00e4nen Ledersofas fl\u00e4zten, um sich von den Strapazen des Kickerns zu erholen. Eine freundliche Dame f\u00fchrte mich in einen ebenso mond\u00e4nen Meeting Room, bot mir Kaffee an, bevor ich dann u.a. von einem Mittzwanziger in die Zange genommen wurde. Aber das ist gar nicht der Punkt hier. Der Punkt ist ein ganz anderer: W\u00e4hrend mich die Kaffeetante durch die riesigen Gro\u00dfraumb\u00fcros lotste, sah ich \u00fcberall m\u00e4chtige Mahagonischreibtische, an denen verloren wirkende Gestalten mit Kopfh\u00f6rern an ihren Laptops sa\u00dfen, und die kaum aufblickten als ich vorbeiging. Es herrschte eine fast unheimliche Stille. Aber das wirklich Unheimliche war: Die Schreibtische waren bis auf die Laptops leer! Die Kaffeetante erz\u00e4hlte mir stolz, dass es bei ihnen total modern zuginge: keine festen Arbeitspl\u00e4tze f\u00fcr niemanden, weit und breit kein Papier mehr und nat\u00fcrlich free softdrinks f\u00fcr alle. Ich aber war geschockt. Diese leeren Schreibtische strahlten noch weniger Vitalit\u00e4t aus als die Augen des armen Lounge-Elchs (<a href=\"http:\/\/www.cultica.de\/00_shop_cultica\/decoration\/deco_gifjpg\/deco_furmoose_main.jpg\" rel='prettyPhoto' target=\"_blank\" rel=\"noopener noreferrer\">war der \u00fcberhaupt echt?!<\/a>) Wie soll man da arbeiten? Bisher hatte ich leere Schreibtische immer f\u00fcr ein <a href=\"http:\/\/www.ibiblio.org\/zen\/cgi-bin\/koan-index.pl\" target=\"_blank\" rel=\"noopener noreferrer\">Zen-Koan<\/a> gehalten. Aber anscheinend gab es sie wirklich. Doch war diese Erfahrung wie wenn man in einen leeren Spiegel blickt. Als ich so dar\u00fcber nachdachte und der Kaffeetante weiter hinterher trottete, hatte ich eine Erleuchtung, die mich wie ein Blitz aus heiterem Himmel traf. Leider kann ich das nicht in Worte fassen, wie das halt so ist, wenn man ein Fitzelchen vom <a href=\"http:\/\/www.thescene.com.au\/wp-content\/uploads\/2011\/09\/nirvana.jpg\" rel='prettyPhoto' target=\"_blank\" rel=\"noopener noreferrer\">Nirwana<\/a> erblickt. Das muss jeder selbst tun. <a href=\"https:\/\/www.mein-tagwerk.de\">Aber ihr k\u00f6nnt es euch ja denken<\/a>.<\/p>\n","protected":false},"excerpt":{"rendered":"<p>Nun, eine Schreibtischtrilogie zu schreiben ist eigentlich etwas witzlos, denn wer hat denn heutzutage noch einen festen Schreibtisch? Man hat einen Laptop, mit dem man durch die Co-Workingspaces und Caf\u00e9s dieser Welt nomadisiert. That\u2019s it. Auch ich bin da keine Ausnahme mehr: Die Welt ist mein Schreibtisch! Das B\u00fcro ist in uns. So sitze ich [&#038;hellip<\/p>\n","protected":false},"author":2,"featured_media":0,"comment_status":"open","ping_status":"open","sticky":false,"template":"","format":"standard","meta":{"footnotes":""},"categories":[7,10],"tags":[19,31,238,260,304,429,447],"yoast_head":"<!-- This site is optimized with the Yoast SEO plugin v20.4 - https:\/\/yoast.com\/wordpress\/plugins\/seo\/ -->\n<title>Der leere Schreibtisch oder: Die Welt ist mein B\u00fcro (Schreibtischtrilogie Teil III) | meintagwerk<\/title>\n<meta name=\"robots\" content=\"index, follow, max-snippet:-1, max-image-preview:large, max-video-preview:-1\" \/>\n<link rel=\"canonical\" href=\"https:\/\/www.mein-tagwerk.de\/tagwerk\/der-leere-schreibtisch-oder-die-welt-ist-mein-buro-schreibtischtrilogie-teil-iii\/\" \/>\n<meta property=\"og:locale\" content=\"de_DE\" \/>\n<meta property=\"og:type\" content=\"article\" \/>\n<meta property=\"og:title\" content=\"Der leere Schreibtisch oder: Die Welt ist mein B\u00fcro (Schreibtischtrilogie Teil III) | meintagwerk\" \/>\n<meta property=\"og:description\" content=\"Nun, eine Schreibtischtrilogie zu schreiben ist eigentlich etwas witzlos, denn wer hat denn heutzutage noch einen festen Schreibtisch? Man hat einen Laptop, mit dem man durch die Co-Workingspaces und Caf\u00e9s dieser Welt nomadisiert. That\u2019s it. Auch ich bin da keine Ausnahme mehr: Die Welt ist mein Schreibtisch! Das B\u00fcro ist in uns. So sitze ich [&amp;hellip\" \/>\n<meta property=\"og:url\" content=\"https:\/\/www.mein-tagwerk.de\/tagwerk\/der-leere-schreibtisch-oder-die-welt-ist-mein-buro-schreibtischtrilogie-teil-iii\/\" \/>\n<meta property=\"og:site_name\" content=\"meintagwerk\" \/>\n<meta property=\"article:published_time\" content=\"2012-03-14T18:16:50+00:00\" \/>\n<meta property=\"og:image\" content=\"http:\/\/portwich.files.wordpress.com\/2012\/03\/bundesarchiv_bild_183-09952-00112c_schreibtisch2c_metallbau_halberstadt.jpeg\" \/>\n<meta name=\"author\" content=\"mein-tagwerk\" \/>\n<meta name=\"twitter:card\" content=\"summary_large_image\" \/>\n<meta name=\"twitter:label1\" content=\"Verfasst von\" \/>\n\t<meta name=\"twitter:data1\" content=\"mein-tagwerk\" \/>\n\t<meta name=\"twitter:label2\" content=\"Gesch\u00e4tzte Lesezeit\" \/>\n\t<meta name=\"twitter:data2\" content=\"3\u00a0Minuten\" \/>\n<script type=\"application\/ld+json\" class=\"yoast-schema-graph\">{\"@context\":\"https:\/\/schema.org\",\"@graph\":[{\"@type\":\"Article\",\"@id\":\"https:\/\/www.mein-tagwerk.de\/tagwerk\/der-leere-schreibtisch-oder-die-welt-ist-mein-buro-schreibtischtrilogie-teil-iii\/#article\",\"isPartOf\":{\"@id\":\"https:\/\/www.mein-tagwerk.de\/tagwerk\/der-leere-schreibtisch-oder-die-welt-ist-mein-buro-schreibtischtrilogie-teil-iii\/\"},\"author\":{\"name\":\"mein-tagwerk\",\"@id\":\"https:\/\/www.mein-tagwerk.de\/tagwerk\/#\/schema\/person\/2379d1f72432a2dc68c89810b9ec6cd8\"},\"headline\":\"Der leere Schreibtisch oder: Die Welt ist mein B\u00fcro (Schreibtischtrilogie Teil III)\",\"datePublished\":\"2012-03-14T18:16:50+00:00\",\"dateModified\":\"2012-03-14T18:16:50+00:00\",\"mainEntityOfPage\":{\"@id\":\"https:\/\/www.mein-tagwerk.de\/tagwerk\/der-leere-schreibtisch-oder-die-welt-ist-mein-buro-schreibtischtrilogie-teil-iii\/\"},\"wordCount\":529,\"commentCount\":0,\"publisher\":{\"@id\":\"https:\/\/www.mein-tagwerk.de\/tagwerk\/#organization\"},\"keywords\":[\"9 Beitr\u00e4ge, Ideen, Tr\u00e4umereien\",\"Alltag\",\"Koan\",\"Leer\",\"Plattenbau\",\"Welt\",\"Zen\"],\"articleSection\":[\"6 Gastbeitr\u00e4ge\",\"9 Beitr\u00e4ge, Ideen, Tr\u00e4umereien\"],\"inLanguage\":\"de\",\"potentialAction\":[{\"@type\":\"CommentAction\",\"name\":\"Comment\",\"target\":[\"https:\/\/www.mein-tagwerk.de\/tagwerk\/der-leere-schreibtisch-oder-die-welt-ist-mein-buro-schreibtischtrilogie-teil-iii\/#respond\"]}]},{\"@type\":\"WebPage\",\"@id\":\"https:\/\/www.mein-tagwerk.de\/tagwerk\/der-leere-schreibtisch-oder-die-welt-ist-mein-buro-schreibtischtrilogie-teil-iii\/\",\"url\":\"https:\/\/www.mein-tagwerk.de\/tagwerk\/der-leere-schreibtisch-oder-die-welt-ist-mein-buro-schreibtischtrilogie-teil-iii\/\",\"name\":\"Der leere Schreibtisch oder: Die Welt ist mein B\u00fcro (Schreibtischtrilogie Teil III) | meintagwerk\",\"isPartOf\":{\"@id\":\"https:\/\/www.mein-tagwerk.de\/tagwerk\/#website\"},\"datePublished\":\"2012-03-14T18:16:50+00:00\",\"dateModified\":\"2012-03-14T18:16:50+00:00\",\"breadcrumb\":{\"@id\":\"https:\/\/www.mein-tagwerk.de\/tagwerk\/der-leere-schreibtisch-oder-die-welt-ist-mein-buro-schreibtischtrilogie-teil-iii\/#breadcrumb\"},\"inLanguage\":\"de\",\"potentialAction\":[{\"@type\":\"ReadAction\",\"target\":[\"https:\/\/www.mein-tagwerk.de\/tagwerk\/der-leere-schreibtisch-oder-die-welt-ist-mein-buro-schreibtischtrilogie-teil-iii\/\"]}]},{\"@type\":\"BreadcrumbList\",\"@id\":\"https:\/\/www.mein-tagwerk.de\/tagwerk\/der-leere-schreibtisch-oder-die-welt-ist-mein-buro-schreibtischtrilogie-teil-iii\/#breadcrumb\",\"itemListElement\":[{\"@type\":\"ListItem\",\"position\":1,\"name\":\"Home\",\"item\":\"https:\/\/www.mein-tagwerk.de\/tagwerk\/\"},{\"@type\":\"ListItem\",\"position\":2,\"name\":\"Der leere Schreibtisch oder: Die Welt ist mein B\u00fcro (Schreibtischtrilogie Teil III)\"}]},{\"@type\":\"WebSite\",\"@id\":\"https:\/\/www.mein-tagwerk.de\/tagwerk\/#website\",\"url\":\"https:\/\/www.mein-tagwerk.de\/tagwerk\/\",\"name\":\"meintagwerk\",\"description\":\"Online Buchhaltung f\u00fcr Freiberufler, Freelancer und Selbst\u00e4ndige\",\"publisher\":{\"@id\":\"https:\/\/www.mein-tagwerk.de\/tagwerk\/#organization\"},\"potentialAction\":[{\"@type\":\"SearchAction\",\"target\":{\"@type\":\"EntryPoint\",\"urlTemplate\":\"https:\/\/www.mein-tagwerk.de\/tagwerk\/?s={search_term_string}\"},\"query-input\":\"required name=search_term_string\"}],\"inLanguage\":\"de\"},{\"@type\":\"Organization\",\"@id\":\"https:\/\/www.mein-tagwerk.de\/tagwerk\/#organization\",\"name\":\"tagwerk\",\"url\":\"https:\/\/www.mein-tagwerk.de\/tagwerk\/\",\"logo\":{\"@type\":\"ImageObject\",\"inLanguage\":\"de\",\"@id\":\"https:\/\/www.mein-tagwerk.de\/tagwerk\/#\/schema\/logo\/image\/\",\"url\":\"https:\/\/www.mein-tagwerk.de\/tagwerk\/wp-content\/uploads\/2013\/08\/130611_logo-tagwerk-corporate.png\",\"contentUrl\":\"https:\/\/www.mein-tagwerk.de\/tagwerk\/wp-content\/uploads\/2013\/08\/130611_logo-tagwerk-corporate.png\",\"width\":328,\"height\":140,\"caption\":\"tagwerk\"},\"image\":{\"@id\":\"https:\/\/www.mein-tagwerk.de\/tagwerk\/#\/schema\/logo\/image\/\"}},{\"@type\":\"Person\",\"@id\":\"https:\/\/www.mein-tagwerk.de\/tagwerk\/#\/schema\/person\/2379d1f72432a2dc68c89810b9ec6cd8\",\"name\":\"mein-tagwerk\",\"image\":{\"@type\":\"ImageObject\",\"inLanguage\":\"de\",\"@id\":\"https:\/\/www.mein-tagwerk.de\/tagwerk\/#\/schema\/person\/image\/\",\"url\":\"https:\/\/secure.gravatar.com\/avatar\/e595fd542c69190f17918a1e8d51e20c?s=96&d=mm&r=g\",\"contentUrl\":\"https:\/\/secure.gravatar.com\/avatar\/e595fd542c69190f17918a1e8d51e20c?s=96&d=mm&r=g\",\"caption\":\"mein-tagwerk\"},\"url\":\"https:\/\/www.mein-tagwerk.de\/tagwerk\/author\/mein-tagwerk\/\"}]}<\/script>\n<!-- \/ Yoast SEO plugin. -->","yoast_head_json":{"title":"Der leere Schreibtisch oder: Die Welt ist mein B\u00fcro (Schreibtischtrilogie Teil III) | meintagwerk","robots":{"index":"index","follow":"follow","max-snippet":"max-snippet:-1","max-image-preview":"max-image-preview:large","max-video-preview":"max-video-preview:-1"},"canonical":"https:\/\/www.mein-tagwerk.de\/tagwerk\/der-leere-schreibtisch-oder-die-welt-ist-mein-buro-schreibtischtrilogie-teil-iii\/","og_locale":"de_DE","og_type":"article","og_title":"Der leere Schreibtisch oder: Die Welt ist mein B\u00fcro (Schreibtischtrilogie Teil III) | meintagwerk","og_description":"Nun, eine Schreibtischtrilogie zu schreiben ist eigentlich etwas witzlos, denn wer hat denn heutzutage noch einen festen Schreibtisch? Man hat einen Laptop, mit dem man durch die Co-Workingspaces und Caf\u00e9s dieser Welt nomadisiert. That\u2019s it. Auch ich bin da keine Ausnahme mehr: Die Welt ist mein Schreibtisch! Das B\u00fcro ist in uns. So sitze ich [&hellip","og_url":"https:\/\/www.mein-tagwerk.de\/tagwerk\/der-leere-schreibtisch-oder-die-welt-ist-mein-buro-schreibtischtrilogie-teil-iii\/","og_site_name":"meintagwerk","article_published_time":"2012-03-14T18:16:50+00:00","og_image":[{"url":"http:\/\/portwich.files.wordpress.com\/2012\/03\/bundesarchiv_bild_183-09952-00112c_schreibtisch2c_metallbau_halberstadt.jpeg"}],"author":"mein-tagwerk","twitter_card":"summary_large_image","twitter_misc":{"Verfasst von":"mein-tagwerk","Gesch\u00e4tzte Lesezeit":"3\u00a0Minuten"},"schema":{"@context":"https:\/\/schema.org","@graph":[{"@type":"Article","@id":"https:\/\/www.mein-tagwerk.de\/tagwerk\/der-leere-schreibtisch-oder-die-welt-ist-mein-buro-schreibtischtrilogie-teil-iii\/#article","isPartOf":{"@id":"https:\/\/www.mein-tagwerk.de\/tagwerk\/der-leere-schreibtisch-oder-die-welt-ist-mein-buro-schreibtischtrilogie-teil-iii\/"},"author":{"name":"mein-tagwerk","@id":"https:\/\/www.mein-tagwerk.de\/tagwerk\/#\/schema\/person\/2379d1f72432a2dc68c89810b9ec6cd8"},"headline":"Der leere Schreibtisch oder: Die Welt ist mein B\u00fcro (Schreibtischtrilogie Teil III)","datePublished":"2012-03-14T18:16:50+00:00","dateModified":"2012-03-14T18:16:50+00:00","mainEntityOfPage":{"@id":"https:\/\/www.mein-tagwerk.de\/tagwerk\/der-leere-schreibtisch-oder-die-welt-ist-mein-buro-schreibtischtrilogie-teil-iii\/"},"wordCount":529,"commentCount":0,"publisher":{"@id":"https:\/\/www.mein-tagwerk.de\/tagwerk\/#organization"},"keywords":["9 Beitr\u00e4ge, Ideen, Tr\u00e4umereien","Alltag","Koan","Leer","Plattenbau","Welt","Zen"],"articleSection":["6 Gastbeitr\u00e4ge","9 Beitr\u00e4ge, Ideen, Tr\u00e4umereien"],"inLanguage":"de","potentialAction":[{"@type":"CommentAction","name":"Comment","target":["https:\/\/www.mein-tagwerk.de\/tagwerk\/der-leere-schreibtisch-oder-die-welt-ist-mein-buro-schreibtischtrilogie-teil-iii\/#respond"]}]},{"@type":"WebPage","@id":"https:\/\/www.mein-tagwerk.de\/tagwerk\/der-leere-schreibtisch-oder-die-welt-ist-mein-buro-schreibtischtrilogie-teil-iii\/","url":"https:\/\/www.mein-tagwerk.de\/tagwerk\/der-leere-schreibtisch-oder-die-welt-ist-mein-buro-schreibtischtrilogie-teil-iii\/","name":"Der leere Schreibtisch oder: Die Welt ist mein B\u00fcro (Schreibtischtrilogie Teil III) | meintagwerk","isPartOf":{"@id":"https:\/\/www.mein-tagwerk.de\/tagwerk\/#website"},"datePublished":"2012-03-14T18:16:50+00:00","dateModified":"2012-03-14T18:16:50+00:00","breadcrumb":{"@id":"https:\/\/www.mein-tagwerk.de\/tagwerk\/der-leere-schreibtisch-oder-die-welt-ist-mein-buro-schreibtischtrilogie-teil-iii\/#breadcrumb"},"inLanguage":"de","potentialAction":[{"@type":"ReadAction","target":["https:\/\/www.mein-tagwerk.de\/tagwerk\/der-leere-schreibtisch-oder-die-welt-ist-mein-buro-schreibtischtrilogie-teil-iii\/"]}]},{"@type":"BreadcrumbList","@id":"https:\/\/www.mein-tagwerk.de\/tagwerk\/der-leere-schreibtisch-oder-die-welt-ist-mein-buro-schreibtischtrilogie-teil-iii\/#breadcrumb","itemListElement":[{"@type":"ListItem","position":1,"name":"Home","item":"https:\/\/www.mein-tagwerk.de\/tagwerk\/"},{"@type":"ListItem","position":2,"name":"Der leere Schreibtisch oder: Die Welt ist mein B\u00fcro (Schreibtischtrilogie Teil III)"}]},{"@type":"WebSite","@id":"https:\/\/www.mein-tagwerk.de\/tagwerk\/#website","url":"https:\/\/www.mein-tagwerk.de\/tagwerk\/","name":"meintagwerk","description":"Online Buchhaltung f\u00fcr Freiberufler, Freelancer und Selbst\u00e4ndige","publisher":{"@id":"https:\/\/www.mein-tagwerk.de\/tagwerk\/#organization"},"potentialAction":[{"@type":"SearchAction","target":{"@type":"EntryPoint","urlTemplate":"https:\/\/www.mein-tagwerk.de\/tagwerk\/?s={search_term_string}"},"query-input":"required name=search_term_string"}],"inLanguage":"de"},{"@type":"Organization","@id":"https:\/\/www.mein-tagwerk.de\/tagwerk\/#organization","name":"tagwerk","url":"https:\/\/www.mein-tagwerk.de\/tagwerk\/","logo":{"@type":"ImageObject","inLanguage":"de","@id":"https:\/\/www.mein-tagwerk.de\/tagwerk\/#\/schema\/logo\/image\/","url":"https:\/\/www.mein-tagwerk.de\/tagwerk\/wp-content\/uploads\/2013\/08\/130611_logo-tagwerk-corporate.png","contentUrl":"https:\/\/www.mein-tagwerk.de\/tagwerk\/wp-content\/uploads\/2013\/08\/130611_logo-tagwerk-corporate.png","width":328,"height":140,"caption":"tagwerk"},"image":{"@id":"https:\/\/www.mein-tagwerk.de\/tagwerk\/#\/schema\/logo\/image\/"}},{"@type":"Person","@id":"https:\/\/www.mein-tagwerk.de\/tagwerk\/#\/schema\/person\/2379d1f72432a2dc68c89810b9ec6cd8","name":"mein-tagwerk","image":{"@type":"ImageObject","inLanguage":"de","@id":"https:\/\/www.mein-tagwerk.de\/tagwerk\/#\/schema\/person\/image\/","url":"https:\/\/secure.gravatar.com\/avatar\/e595fd542c69190f17918a1e8d51e20c?s=96&d=mm&r=g","contentUrl":"https:\/\/secure.gravatar.com\/avatar\/e595fd542c69190f17918a1e8d51e20c?s=96&d=mm&r=g","caption":"mein-tagwerk"},"url":"https:\/\/www.mein-tagwerk.de\/tagwerk\/author\/mein-tagwerk\/"}]}},"_links":{"self":[{"href":"https:\/\/www.mein-tagwerk.de\/tagwerk\/wp-json\/wp\/v2\/posts\/883"}],"collection":[{"href":"https:\/\/www.mein-tagwerk.de\/tagwerk\/wp-json\/wp\/v2\/posts"}],"about":[{"href":"https:\/\/www.mein-tagwerk.de\/tagwerk\/wp-json\/wp\/v2\/types\/post"}],"author":[{"embeddable":true,"href":"https:\/\/www.mein-tagwerk.de\/tagwerk\/wp-json\/wp\/v2\/users\/2"}],"replies":[{"embeddable":true,"href":"https:\/\/www.mein-tagwerk.de\/tagwerk\/wp-json\/wp\/v2\/comments?post=883"}],"version-history":[{"count":0,"href":"https:\/\/www.mein-tagwerk.de\/tagwerk\/wp-json\/wp\/v2\/posts\/883\/revisions"}],"wp:attachment":[{"href":"https:\/\/www.mein-tagwerk.de\/tagwerk\/wp-json\/wp\/v2\/media?parent=883"}],"wp:term":[{"taxonomy":"category","embeddable":true,"href":"https:\/\/www.mein-tagwerk.de\/tagwerk\/wp-json\/wp\/v2\/categories?post=883"},{"taxonomy":"post_tag","embeddable":true,"href":"https:\/\/www.mein-tagwerk.de\/tagwerk\/wp-json\/wp\/v2\/tags?post=883"}],"curies":[{"name":"wp","href":"https:\/\/api.w.org\/{rel}","templated":true}]}}