{"id":998,"date":"2012-06-14T11:57:10","date_gmt":"2012-06-14T11:57:10","guid":{"rendered":"http:\/\/tagwerkblog.net\/?p=998"},"modified":"2012-06-14T11:57:10","modified_gmt":"2012-06-14T11:57:10","slug":"eine-tagwerkerin-im-modelbiz","status":"publish","type":"post","link":"https:\/\/www.mein-tagwerk.de\/tagwerk\/eine-tagwerkerin-im-modelbiz\/","title":{"rendered":"Eine TagwerkerIn im Modelbiz"},"content":{"rendered":"<p style=\"text-align:center;\"><strong>Wie Yelda ihre Zeiterfassung mit <span style=\"color:#008000;\"><a href=\"https:\/\/mein-tagwerk.de\/app\/freelancer\/zettelwirtschaft.html\"><span style=\"color:#008000;\">tagwerk<\/span><\/a><\/span> beschleunigt und was Sie sonst noch umtreibt&#8230;<\/strong><\/p>\n<p style=\"text-align:center;\"><strong>\u00a0<a href=\"https:\/\/www.mein-tagwerk.de\/app\/blog.html\"><img loading=\"lazy\" decoding=\"async\" class=\"aligncenter size-full wp-image-999\" title=\"tagwerk_yellowcasting_SW_1\" alt=\"\" src=\"http:\/\/portwich.files.wordpress.com\/2012\/06\/tagwerk_yellowcasting_sw_1.jpg\" rel='prettyPhoto' height=\"376\" width=\"455\" srcset=\"https:\/\/www.mein-tagwerk.de\/tagwerk\/wp-content\/uploads\/2012\/06\/tagwerk_yellowcasting_sw_1.jpg 726w, https:\/\/www.mein-tagwerk.de\/tagwerk\/wp-content\/uploads\/2012\/06\/tagwerk_yellowcasting_sw_1-300x248.jpg 300w, https:\/\/www.mein-tagwerk.de\/tagwerk\/wp-content\/uploads\/2012\/06\/tagwerk_yellowcasting_sw_1-622x514.jpg 622w, https:\/\/www.mein-tagwerk.de\/tagwerk\/wp-content\/uploads\/2012\/06\/tagwerk_yellowcasting_sw_1-50x40.jpg 50w\" sizes=\"(max-width: 455px) 100vw, 455px\" \/><\/a><strong><a href=\"http:\/\/www.mu-on.org\/\"><br \/>\n<\/a><\/strong><\/strong><\/p>\n<p><strong>Kurzbiographie<br \/>\n<\/strong><\/p>\n<p>Ich bin Yelda und lebe seit sechs Jahren in Hamburg und bin damals NRW f\u00fcr mein Fotografie-Studium an der HfbK hergezogen. Au\u00dferdem \u00a0bin ich beim K\u00fcnstlerkollektiv Egotrips. Nach einigen Assistentenjobs und einem Praktikum bei Gulliver Theis kam ich zum Casting \u00a0und habe mich Anfang des Jahres damit selbstst\u00e4ndig gemacht. Mit Yellow Casting vermittle ich Modelle und Darsteller f\u00fcr Foto- und Videoaufnahmen.<\/p>\n<p><strong>Yelda \u00fcber Yelda:<br \/>\n<\/strong>Ich arbeite als&#8230;<span style=\"color:#888888;\"> Casting-Director, Model-Scout und Gesch\u00e4ftsf\u00fchrerin bei Yellow Casting.<br \/>\n<\/span>Ich wohne in&#8230;<span style=\"color:#888888;\"> Hamburg.<br \/>\n<\/span>Mein Markenzeichen ist&#8230; <span style=\"color:#888888;\">Gelb!<br \/>\n<\/span>Ich bin erreichbar unter&#8230;\u00a0<span style=\"color:#008000;\"><a href=\"https:\/\/www.yellowcasting.com\/\"><span style=\"color:#008000;\">yellowcasting.com<\/span><\/a> <\/span><\/p>\n<p><strong>Yelda als Freelancer:<\/strong><br \/>\nGelernt habe ich\u2026 <span style=\"color:#808080;\">bis vor Kurzem noch an der HfbK mit dem Schwerpunkt Fotografie. Selbst\u00e4ndig bin ich seit Anfang des Jahres, offiziell ist die GmbH eingetragen seit Februar.<\/span><br \/>\nAls Selbst\u00e4ndige genie\u00dfe ich\u2026<span style=\"color:#888888;\"> (noch) meine freie Zeiteinteilung.<\/span><br \/>\nDas spannendste an meinem Job ist &#8230;<span style=\"color:#808080;\">dass ich neue Menschen kennenlerne.\u00a0 <\/span><br \/>\nWenn ich nicht weiter wei\u00df&#8230; <span style=\"color:#808080;\">wei\u00df frage ich meinen Mentor Gulliver Theis <span style=\"color:#008000;\">(<a href=\"http:\/\/www.gullivertheis.de\/\"><span style=\"color:#008000;\">http:\/\/www.gullivertheis.de<\/span><\/a>)<\/span>, seine Ratschl\u00e4ge sind immer gut.<\/span><\/p>\n<p><strong>Yelda als TagwerkerIn:<br \/>\n<\/strong> Die Funktion, die ich bei tagwerk am h\u00e4ufigsten nutze ist &#8230;<span style=\"color:#008000;\"><a href=\"https:\/\/www.mein-tagwerk.de\/tagwerk\/campus\/how-to\/\" target=\"_blank\" rel=\"noopener noreferrer\"><span style=\"color:#008000;\">\u201eZeiten erfassen<\/span><span style=\"color:#008000;\">\u201c<\/span><\/a>\u00a0<\/span> <span style=\"color:#888888;\">und Projekte und Kunden verwalten. Dabei hat sich der Stundenzettel als \u00e4usserst praktisch erwiesen.<\/span><br \/>\nBei tagwerk vermisse ich nur noch&#8230;<span style=\"color:#808080;\"> eine singende Fee, die mir liebe Worte ins Ohr fl\u00fcstert.<br \/>\n<\/span><\/p>\n<p><strong>Yelda als Buchhalter:<br \/>\n<\/strong>Meine <span style=\"color:#008000;\"><a href=\"http:\/\/vimeo.com\/33747849\"><span style=\"color:#008000;\">Zettelwirtschaft<\/span><\/a><\/span>&#8230; <span style=\"color:#808080;\">Belege werden bei mir grunds\u00e4tzlich direkt eingeheftet.<\/span> \u00a0 <span style=\"color:#888888;\"><br \/>\n<\/span>Das Gute an der Buchhaltung ist&#8230; <span style=\"color:#888888;\">,das man sich danach unheimlich produktiv f\u00fchlt. <\/span><\/p>\n<p><a href=\"https:\/\/www.mein-tagwerk.de\/tagwerk\/campus\/how-to\/\"><img loading=\"lazy\" decoding=\"async\" class=\"aligncenter size-full wp-image-1000\" title=\"Arbeitsstunden+Stundenzettel_01\" alt=\"\" src=\"http:\/\/portwich.files.wordpress.com\/2012\/06\/arbeitsstundenstundenzettel_01.png\" rel='prettyPhoto' height=\"311\" width=\"455\" srcset=\"https:\/\/www.mein-tagwerk.de\/tagwerk\/wp-content\/uploads\/2012\/06\/arbeitsstundenstundenzettel_01.png 1680w, https:\/\/www.mein-tagwerk.de\/tagwerk\/wp-content\/uploads\/2012\/06\/arbeitsstundenstundenzettel_01-300x205.png 300w, https:\/\/www.mein-tagwerk.de\/tagwerk\/wp-content\/uploads\/2012\/06\/arbeitsstundenstundenzettel_01-1024x701.png 1024w, https:\/\/www.mein-tagwerk.de\/tagwerk\/wp-content\/uploads\/2012\/06\/arbeitsstundenstundenzettel_01-768x526.png 768w, https:\/\/www.mein-tagwerk.de\/tagwerk\/wp-content\/uploads\/2012\/06\/arbeitsstundenstundenzettel_01-1536x1051.png 1536w, https:\/\/www.mein-tagwerk.de\/tagwerk\/wp-content\/uploads\/2012\/06\/arbeitsstundenstundenzettel_01-622x426.png 622w\" sizes=\"(max-width: 455px) 100vw, 455px\" \/><\/a><\/p>\n<p style=\"text-align:center;\"><span style=\"text-align:center;\">Wir freuen uns sehr, Ihnen hiermit einen weiteren Beitrag unserer Serie &#8222;Tagwerker&#8220; zu pr\u00e4sentieren. Wir geben tagwerk-Nutzern somit regelm\u00e4\u00dfig die M\u00f6glichkeit, sich unserer Netzgemeinde vorzustellen, uns Feedback zu tagwerk zu geben und Ihnen die Nutzungsm\u00f6glichkeiten von tagwerk zu demonstrieren. Wollen Sie auch teilnehmen? Einfach eine Mail an Paula unter <span style=\"color:#999999;\">ziegler@mein-tagwerk.de<\/span> schicken!<\/span><\/p>\n","protected":false},"excerpt":{"rendered":"<p>Wie Yelda ihre Zeiterfassung mit tagwerk beschleunigt und was Sie sonst noch umtreibt&#8230; \u00a0 Kurzbiographie Ich bin Yelda und lebe seit sechs Jahren in Hamburg und bin damals NRW f\u00fcr mein Fotografie-Studium an der HfbK hergezogen. Au\u00dferdem \u00a0bin ich beim K\u00fcnstlerkollektiv Egotrips. Nach einigen Assistentenjobs und einem Praktikum bei Gulliver Theis kam ich zum Casting [&#038;hellip<\/p>\n","protected":false},"author":5,"featured_media":0,"comment_status":"open","ping_status":"open","sticky":false,"template":"","format":"standard","meta":{"footnotes":""},"categories":[3,10],"tags":[18,82,162,164,213,284,310,388,404],"yoast_head":"<!-- This site is optimized with the Yoast SEO plugin v20.4 - https:\/\/yoast.com\/wordpress\/plugins\/seo\/ -->\n<title>Eine TagwerkerIn im Modelbiz | meintagwerk<\/title>\n<meta name=\"robots\" content=\"index, follow, max-snippet:-1, max-image-preview:large, max-video-preview:-1\" \/>\n<link rel=\"canonical\" href=\"https:\/\/www.mein-tagwerk.de\/tagwerk\/eine-tagwerkerin-im-modelbiz\/\" \/>\n<meta property=\"og:locale\" content=\"de_DE\" \/>\n<meta property=\"og:type\" content=\"article\" \/>\n<meta property=\"og:title\" content=\"Eine TagwerkerIn im Modelbiz | meintagwerk\" \/>\n<meta property=\"og:description\" content=\"Wie Yelda ihre Zeiterfassung mit tagwerk beschleunigt und was Sie sonst noch umtreibt&#8230; \u00a0 Kurzbiographie Ich bin Yelda und lebe seit sechs Jahren in Hamburg und bin damals NRW f\u00fcr mein Fotografie-Studium an der HfbK hergezogen. Au\u00dferdem \u00a0bin ich beim K\u00fcnstlerkollektiv Egotrips. Nach einigen Assistentenjobs und einem Praktikum bei Gulliver Theis kam ich zum Casting [&amp;hellip\" \/>\n<meta property=\"og:url\" content=\"https:\/\/www.mein-tagwerk.de\/tagwerk\/eine-tagwerkerin-im-modelbiz\/\" \/>\n<meta property=\"og:site_name\" content=\"meintagwerk\" \/>\n<meta property=\"article:published_time\" content=\"2012-06-14T11:57:10+00:00\" \/>\n<meta property=\"og:image\" content=\"http:\/\/portwich.files.wordpress.com\/2012\/06\/tagwerk_yellowcasting_sw_1.jpg\" \/>\n<meta name=\"author\" content=\"paulatag\" \/>\n<meta name=\"twitter:card\" content=\"summary_large_image\" \/>\n<meta name=\"twitter:label1\" content=\"Verfasst von\" \/>\n\t<meta name=\"twitter:data1\" content=\"paulatag\" \/>\n\t<meta name=\"twitter:label2\" content=\"Gesch\u00e4tzte Lesezeit\" \/>\n\t<meta name=\"twitter:data2\" content=\"2\u00a0Minuten\" \/>\n<script type=\"application\/ld+json\" class=\"yoast-schema-graph\">{\"@context\":\"https:\/\/schema.org\",\"@graph\":[{\"@type\":\"Article\",\"@id\":\"https:\/\/www.mein-tagwerk.de\/tagwerk\/eine-tagwerkerin-im-modelbiz\/#article\",\"isPartOf\":{\"@id\":\"https:\/\/www.mein-tagwerk.de\/tagwerk\/eine-tagwerkerin-im-modelbiz\/\"},\"author\":{\"name\":\"paulatag\",\"@id\":\"https:\/\/www.mein-tagwerk.de\/tagwerk\/#\/schema\/person\/960679819884e12b78b8a45717df8e92\"},\"headline\":\"Eine TagwerkerIn im Modelbiz\",\"datePublished\":\"2012-06-14T11:57:10+00:00\",\"dateModified\":\"2012-06-14T11:57:10+00:00\",\"mainEntityOfPage\":{\"@id\":\"https:\/\/www.mein-tagwerk.de\/tagwerk\/eine-tagwerkerin-im-modelbiz\/\"},\"wordCount\":319,\"commentCount\":0,\"publisher\":{\"@id\":\"https:\/\/www.mein-tagwerk.de\/tagwerk\/#organization\"},\"keywords\":[\"9 Beitr\u00e4ge\",\"Buchhaltung\",\"Freelancer\",\"Freiberufler\",\"Ideen\",\"Musikwissenschaft\",\"Pr\u00e4sentation\",\"Tagwerker\",\"Tr\u00e4umereien\"],\"articleSection\":[\"2 tagwerker\",\"9 Beitr\u00e4ge, Ideen, Tr\u00e4umereien\"],\"inLanguage\":\"de\",\"potentialAction\":[{\"@type\":\"CommentAction\",\"name\":\"Comment\",\"target\":[\"https:\/\/www.mein-tagwerk.de\/tagwerk\/eine-tagwerkerin-im-modelbiz\/#respond\"]}]},{\"@type\":\"WebPage\",\"@id\":\"https:\/\/www.mein-tagwerk.de\/tagwerk\/eine-tagwerkerin-im-modelbiz\/\",\"url\":\"https:\/\/www.mein-tagwerk.de\/tagwerk\/eine-tagwerkerin-im-modelbiz\/\",\"name\":\"Eine TagwerkerIn im Modelbiz | meintagwerk\",\"isPartOf\":{\"@id\":\"https:\/\/www.mein-tagwerk.de\/tagwerk\/#website\"},\"datePublished\":\"2012-06-14T11:57:10+00:00\",\"dateModified\":\"2012-06-14T11:57:10+00:00\",\"breadcrumb\":{\"@id\":\"https:\/\/www.mein-tagwerk.de\/tagwerk\/eine-tagwerkerin-im-modelbiz\/#breadcrumb\"},\"inLanguage\":\"de\",\"potentialAction\":[{\"@type\":\"ReadAction\",\"target\":[\"https:\/\/www.mein-tagwerk.de\/tagwerk\/eine-tagwerkerin-im-modelbiz\/\"]}]},{\"@type\":\"BreadcrumbList\",\"@id\":\"https:\/\/www.mein-tagwerk.de\/tagwerk\/eine-tagwerkerin-im-modelbiz\/#breadcrumb\",\"itemListElement\":[{\"@type\":\"ListItem\",\"position\":1,\"name\":\"Home\",\"item\":\"https:\/\/www.mein-tagwerk.de\/tagwerk\/\"},{\"@type\":\"ListItem\",\"position\":2,\"name\":\"Eine TagwerkerIn im Modelbiz\"}]},{\"@type\":\"WebSite\",\"@id\":\"https:\/\/www.mein-tagwerk.de\/tagwerk\/#website\",\"url\":\"https:\/\/www.mein-tagwerk.de\/tagwerk\/\",\"name\":\"meintagwerk\",\"description\":\"Online Buchhaltung f\u00fcr Freiberufler, Freelancer und Selbst\u00e4ndige\",\"publisher\":{\"@id\":\"https:\/\/www.mein-tagwerk.de\/tagwerk\/#organization\"},\"potentialAction\":[{\"@type\":\"SearchAction\",\"target\":{\"@type\":\"EntryPoint\",\"urlTemplate\":\"https:\/\/www.mein-tagwerk.de\/tagwerk\/?s={search_term_string}\"},\"query-input\":\"required name=search_term_string\"}],\"inLanguage\":\"de\"},{\"@type\":\"Organization\",\"@id\":\"https:\/\/www.mein-tagwerk.de\/tagwerk\/#organization\",\"name\":\"tagwerk\",\"url\":\"https:\/\/www.mein-tagwerk.de\/tagwerk\/\",\"logo\":{\"@type\":\"ImageObject\",\"inLanguage\":\"de\",\"@id\":\"https:\/\/www.mein-tagwerk.de\/tagwerk\/#\/schema\/logo\/image\/\",\"url\":\"https:\/\/www.mein-tagwerk.de\/tagwerk\/wp-content\/uploads\/2013\/08\/130611_logo-tagwerk-corporate.png\",\"contentUrl\":\"https:\/\/www.mein-tagwerk.de\/tagwerk\/wp-content\/uploads\/2013\/08\/130611_logo-tagwerk-corporate.png\",\"width\":328,\"height\":140,\"caption\":\"tagwerk\"},\"image\":{\"@id\":\"https:\/\/www.mein-tagwerk.de\/tagwerk\/#\/schema\/logo\/image\/\"}},{\"@type\":\"Person\",\"@id\":\"https:\/\/www.mein-tagwerk.de\/tagwerk\/#\/schema\/person\/960679819884e12b78b8a45717df8e92\",\"name\":\"paulatag\",\"image\":{\"@type\":\"ImageObject\",\"inLanguage\":\"de\",\"@id\":\"https:\/\/www.mein-tagwerk.de\/tagwerk\/#\/schema\/person\/image\/\",\"url\":\"https:\/\/www.mein-tagwerk.de\/tagwerk\/wp-content\/uploads\/2015\/02\/Paula-Ziegler-400x-96x96.png\",\"contentUrl\":\"https:\/\/www.mein-tagwerk.de\/tagwerk\/wp-content\/uploads\/2015\/02\/Paula-Ziegler-400x-96x96.png\",\"caption\":\"paulatag\"},\"url\":\"https:\/\/www.mein-tagwerk.de\/tagwerk\/author\/paulatag\/\"}]}<\/script>\n<!-- \/ Yoast SEO plugin. -->","yoast_head_json":{"title":"Eine TagwerkerIn im Modelbiz | meintagwerk","robots":{"index":"index","follow":"follow","max-snippet":"max-snippet:-1","max-image-preview":"max-image-preview:large","max-video-preview":"max-video-preview:-1"},"canonical":"https:\/\/www.mein-tagwerk.de\/tagwerk\/eine-tagwerkerin-im-modelbiz\/","og_locale":"de_DE","og_type":"article","og_title":"Eine TagwerkerIn im Modelbiz | meintagwerk","og_description":"Wie Yelda ihre Zeiterfassung mit tagwerk beschleunigt und was Sie sonst noch umtreibt&#8230; \u00a0 Kurzbiographie Ich bin Yelda und lebe seit sechs Jahren in Hamburg und bin damals NRW f\u00fcr mein Fotografie-Studium an der HfbK hergezogen. Au\u00dferdem \u00a0bin ich beim K\u00fcnstlerkollektiv Egotrips. Nach einigen Assistentenjobs und einem Praktikum bei Gulliver Theis kam ich zum Casting [&hellip","og_url":"https:\/\/www.mein-tagwerk.de\/tagwerk\/eine-tagwerkerin-im-modelbiz\/","og_site_name":"meintagwerk","article_published_time":"2012-06-14T11:57:10+00:00","og_image":[{"url":"http:\/\/portwich.files.wordpress.com\/2012\/06\/tagwerk_yellowcasting_sw_1.jpg"}],"author":"paulatag","twitter_card":"summary_large_image","twitter_misc":{"Verfasst von":"paulatag","Gesch\u00e4tzte Lesezeit":"2\u00a0Minuten"},"schema":{"@context":"https:\/\/schema.org","@graph":[{"@type":"Article","@id":"https:\/\/www.mein-tagwerk.de\/tagwerk\/eine-tagwerkerin-im-modelbiz\/#article","isPartOf":{"@id":"https:\/\/www.mein-tagwerk.de\/tagwerk\/eine-tagwerkerin-im-modelbiz\/"},"author":{"name":"paulatag","@id":"https:\/\/www.mein-tagwerk.de\/tagwerk\/#\/schema\/person\/960679819884e12b78b8a45717df8e92"},"headline":"Eine TagwerkerIn im Modelbiz","datePublished":"2012-06-14T11:57:10+00:00","dateModified":"2012-06-14T11:57:10+00:00","mainEntityOfPage":{"@id":"https:\/\/www.mein-tagwerk.de\/tagwerk\/eine-tagwerkerin-im-modelbiz\/"},"wordCount":319,"commentCount":0,"publisher":{"@id":"https:\/\/www.mein-tagwerk.de\/tagwerk\/#organization"},"keywords":["9 Beitr\u00e4ge","Buchhaltung","Freelancer","Freiberufler","Ideen","Musikwissenschaft","Pr\u00e4sentation","Tagwerker","Tr\u00e4umereien"],"articleSection":["2 tagwerker","9 Beitr\u00e4ge, Ideen, Tr\u00e4umereien"],"inLanguage":"de","potentialAction":[{"@type":"CommentAction","name":"Comment","target":["https:\/\/www.mein-tagwerk.de\/tagwerk\/eine-tagwerkerin-im-modelbiz\/#respond"]}]},{"@type":"WebPage","@id":"https:\/\/www.mein-tagwerk.de\/tagwerk\/eine-tagwerkerin-im-modelbiz\/","url":"https:\/\/www.mein-tagwerk.de\/tagwerk\/eine-tagwerkerin-im-modelbiz\/","name":"Eine TagwerkerIn im Modelbiz | meintagwerk","isPartOf":{"@id":"https:\/\/www.mein-tagwerk.de\/tagwerk\/#website"},"datePublished":"2012-06-14T11:57:10+00:00","dateModified":"2012-06-14T11:57:10+00:00","breadcrumb":{"@id":"https:\/\/www.mein-tagwerk.de\/tagwerk\/eine-tagwerkerin-im-modelbiz\/#breadcrumb"},"inLanguage":"de","potentialAction":[{"@type":"ReadAction","target":["https:\/\/www.mein-tagwerk.de\/tagwerk\/eine-tagwerkerin-im-modelbiz\/"]}]},{"@type":"BreadcrumbList","@id":"https:\/\/www.mein-tagwerk.de\/tagwerk\/eine-tagwerkerin-im-modelbiz\/#breadcrumb","itemListElement":[{"@type":"ListItem","position":1,"name":"Home","item":"https:\/\/www.mein-tagwerk.de\/tagwerk\/"},{"@type":"ListItem","position":2,"name":"Eine TagwerkerIn im Modelbiz"}]},{"@type":"WebSite","@id":"https:\/\/www.mein-tagwerk.de\/tagwerk\/#website","url":"https:\/\/www.mein-tagwerk.de\/tagwerk\/","name":"meintagwerk","description":"Online Buchhaltung f\u00fcr Freiberufler, Freelancer und Selbst\u00e4ndige","publisher":{"@id":"https:\/\/www.mein-tagwerk.de\/tagwerk\/#organization"},"potentialAction":[{"@type":"SearchAction","target":{"@type":"EntryPoint","urlTemplate":"https:\/\/www.mein-tagwerk.de\/tagwerk\/?s={search_term_string}"},"query-input":"required name=search_term_string"}],"inLanguage":"de"},{"@type":"Organization","@id":"https:\/\/www.mein-tagwerk.de\/tagwerk\/#organization","name":"tagwerk","url":"https:\/\/www.mein-tagwerk.de\/tagwerk\/","logo":{"@type":"ImageObject","inLanguage":"de","@id":"https:\/\/www.mein-tagwerk.de\/tagwerk\/#\/schema\/logo\/image\/","url":"https:\/\/www.mein-tagwerk.de\/tagwerk\/wp-content\/uploads\/2013\/08\/130611_logo-tagwerk-corporate.png","contentUrl":"https:\/\/www.mein-tagwerk.de\/tagwerk\/wp-content\/uploads\/2013\/08\/130611_logo-tagwerk-corporate.png","width":328,"height":140,"caption":"tagwerk"},"image":{"@id":"https:\/\/www.mein-tagwerk.de\/tagwerk\/#\/schema\/logo\/image\/"}},{"@type":"Person","@id":"https:\/\/www.mein-tagwerk.de\/tagwerk\/#\/schema\/person\/960679819884e12b78b8a45717df8e92","name":"paulatag","image":{"@type":"ImageObject","inLanguage":"de","@id":"https:\/\/www.mein-tagwerk.de\/tagwerk\/#\/schema\/person\/image\/","url":"https:\/\/www.mein-tagwerk.de\/tagwerk\/wp-content\/uploads\/2015\/02\/Paula-Ziegler-400x-96x96.png","contentUrl":"https:\/\/www.mein-tagwerk.de\/tagwerk\/wp-content\/uploads\/2015\/02\/Paula-Ziegler-400x-96x96.png","caption":"paulatag"},"url":"https:\/\/www.mein-tagwerk.de\/tagwerk\/author\/paulatag\/"}]}},"_links":{"self":[{"href":"https:\/\/www.mein-tagwerk.de\/tagwerk\/wp-json\/wp\/v2\/posts\/998"}],"collection":[{"href":"https:\/\/www.mein-tagwerk.de\/tagwerk\/wp-json\/wp\/v2\/posts"}],"about":[{"href":"https:\/\/www.mein-tagwerk.de\/tagwerk\/wp-json\/wp\/v2\/types\/post"}],"author":[{"embeddable":true,"href":"https:\/\/www.mein-tagwerk.de\/tagwerk\/wp-json\/wp\/v2\/users\/5"}],"replies":[{"embeddable":true,"href":"https:\/\/www.mein-tagwerk.de\/tagwerk\/wp-json\/wp\/v2\/comments?post=998"}],"version-history":[{"count":0,"href":"https:\/\/www.mein-tagwerk.de\/tagwerk\/wp-json\/wp\/v2\/posts\/998\/revisions"}],"wp:attachment":[{"href":"https:\/\/www.mein-tagwerk.de\/tagwerk\/wp-json\/wp\/v2\/media?parent=998"}],"wp:term":[{"taxonomy":"category","embeddable":true,"href":"https:\/\/www.mein-tagwerk.de\/tagwerk\/wp-json\/wp\/v2\/categories?post=998"},{"taxonomy":"post_tag","embeddable":true,"href":"https:\/\/www.mein-tagwerk.de\/tagwerk\/wp-json\/wp\/v2\/tags?post=998"}],"curies":[{"name":"wp","href":"https:\/\/api.w.org\/{rel}","templated":true}]}}